{"id":1675,"date":"2014-09-15T08:30:13","date_gmt":"2014-09-15T06:30:13","guid":{"rendered":"http:\/\/www.mellecereza.fr\/blog\/?p=1675"},"modified":"2019-01-05T09:15:20","modified_gmt":"2019-01-05T07:15:20","slug":"creation-mariage-chaque-mariee-est-unique","status":"publish","type":"post","link":"https:\/\/www.mellecereza.fr\/blog\/creation-mariage-chaque-mariee-est-unique\/","title":{"rendered":"Une cr\u00e9ation mariage : chaque mari\u00e9e est unique, l&rsquo;atelier #99"},"content":{"rendered":"<h5>Une cr\u00e9ation mariage est le reflet de la femme qui va la porter &#8230;<\/h5>\n<p>Une cr\u00e9ation mariage personnalis\u00e9e, pens\u00e9e avec attention et bienveillance pour la mari\u00e9e c&rsquo;est l&rsquo;une des facettes de Cereza, et l&rsquo;une des plus importantes \u00e0 mes yeux.<\/p>\n<p>Oui, je vous parle souvent des demandes particuli\u00e8res des futures mari\u00e9es qui me contactent pour personnaliser l&rsquo;un de mes mod\u00e8les de bouquet de mari\u00e9e ou d&rsquo;accessoire : elle savent qu&rsquo;elles trouveront l&rsquo;\u00e9coute qu&rsquo;elles attendent aupr\u00e8s de moi.\u00a0Parce que chaque mari\u00e9e est unique, elle a envie que les d\u00e9tails qu&rsquo;elle a imagin\u00e9 pour son joli jour le soient \u00e9galement, et lui ressemblent.<\/p>\n<p>Il existe un catalogue de cr\u00e9ation mariage Cereza mais mon m\u00e9tier aurait beaucoup moins de sens si les bijoux et accessoires que je propose ne pouvaient \u00eatre personnalis\u00e9s. Cette semaine dans l&rsquo;atelier en photos est donc un peu le reflet de cette philosophie &#8230;<\/p>\n<p><a href=\"https:\/\/www.mellecereza.fr\/blog\/wp-content\/uploads\/2014\/09\/99-14sept-mariage-sur-mesure-personnalis\u00e9-dentelle-collection-2015-cereza-deco-r.jpg\"><img data-attachment-id=\"1676\" data-permalink=\"https:\/\/www.mellecereza.fr\/blog\/creation-mariage-chaque-mariee-est-unique\/99-14sept-mariage-sur-mesure-personnalise-dentelle-collection-2015-cereza-deco-r\/#main\" data-orig-file=\"https:\/\/www.mellecereza.fr\/blog\/wp-content\/uploads\/2014\/09\/99-14sept-mariage-sur-mesure-personnalis\u00e9-dentelle-collection-2015-cereza-deco-r.jpg\" data-orig-size=\"2000,2000\" data-comments-opened=\"1\" data-image-meta=\"{&quot;aperture&quot;:&quot;0&quot;,&quot;credit&quot;:&quot;Picasa&quot;,&quot;camera&quot;:&quot;&quot;,&quot;caption&quot;:&quot;&quot;,&quot;created_timestamp&quot;:&quot;1410629903&quot;,&quot;copyright&quot;:&quot;&quot;,&quot;focal_length&quot;:&quot;0&quot;,&quot;iso&quot;:&quot;0&quot;,&quot;shutter_speed&quot;:&quot;0&quot;,&quot;title&quot;:&quot;&quot;}\" data-image-title=\" mariage sur mesure personnalise dentelle collection 2015 cereza deco \" data-image-description=\"\" data-image-caption=\"\" data-medium-file=\"https:\/\/www.mellecereza.fr\/blog\/wp-content\/uploads\/2014\/09\/99-14sept-mariage-sur-mesure-personnalis\u00e9-dentelle-collection-2015-cereza-deco-r-600x600.jpg\" data-large-file=\"https:\/\/www.mellecereza.fr\/blog\/wp-content\/uploads\/2014\/09\/99-14sept-mariage-sur-mesure-personnalis\u00e9-dentelle-collection-2015-cereza-deco-r-1024x1024.jpg\" decoding=\"async\" loading=\"lazy\" class=\"aligncenter size-large wp-image-1676\" alt=\" mariage sur mesure personnalise dentelle collection 2015 cereza deco \" src=\"https:\/\/www.mellecereza.fr\/blog\/wp-content\/uploads\/2014\/09\/99-14sept-mariage-sur-mesure-personnalis\u00e9-dentelle-collection-2015-cereza-deco-r-1024x1024.jpg\" width=\"600\" height=\"600\" srcset=\"https:\/\/www.mellecereza.fr\/blog\/wp-content\/uploads\/2014\/09\/99-14sept-mariage-sur-mesure-personnalis\u00e9-dentelle-collection-2015-cereza-deco-r-1024x1024.jpg 1024w, https:\/\/www.mellecereza.fr\/blog\/wp-content\/uploads\/2014\/09\/99-14sept-mariage-sur-mesure-personnalis\u00e9-dentelle-collection-2015-cereza-deco-r-450x450.jpg 450w, https:\/\/www.mellecereza.fr\/blog\/wp-content\/uploads\/2014\/09\/99-14sept-mariage-sur-mesure-personnalis\u00e9-dentelle-collection-2015-cereza-deco-r-600x600.jpg 600w, https:\/\/www.mellecereza.fr\/blog\/wp-content\/uploads\/2014\/09\/99-14sept-mariage-sur-mesure-personnalis\u00e9-dentelle-collection-2015-cereza-deco-r-210x210.jpg 210w, https:\/\/www.mellecereza.fr\/blog\/wp-content\/uploads\/2014\/09\/99-14sept-mariage-sur-mesure-personnalis\u00e9-dentelle-collection-2015-cereza-deco-r-60x60.jpg 60w, https:\/\/www.mellecereza.fr\/blog\/wp-content\/uploads\/2014\/09\/99-14sept-mariage-sur-mesure-personnalis\u00e9-dentelle-collection-2015-cereza-deco-r.jpg 2000w\" sizes=\"(max-width: 600px) 100vw, 600px\" \/><\/a><\/p>\n<p style=\"text-align: center;\">\u00a0La cr\u00e9ation d&rsquo;un porte-alliance duo, personnalis\u00e9 en rose, gris et ivoire &#8230; \u00ab\u00a0Tout \u00e0 fait ce que nous attendions pour notre porte-alliance fleur, merci !\u00a0\u00bb : \u00a0je suis en mode #lovemyjob<\/p>\n<p style=\"text-align: center;\"><a href=\"https:\/\/www.mellecereza.fr\/blog\/wp-content\/uploads\/2014\/09\/porte-alliance-duo-mariage-rose-gris-ivoire-personnalis\u00e9-cereza-2.jpg\"><img data-attachment-id=\"1678\" data-permalink=\"https:\/\/www.mellecereza.fr\/blog\/creation-mariage-chaque-mariee-est-unique\/porte-alliance-duo-mariage-rose-gris-ivoire-personnalise-cereza-2\/#main\" data-orig-file=\"https:\/\/www.mellecereza.fr\/blog\/wp-content\/uploads\/2014\/09\/porte-alliance-duo-mariage-rose-gris-ivoire-personnalis\u00e9-cereza-2.jpg\" data-orig-size=\"700,525\" data-comments-opened=\"1\" data-image-meta=\"{&quot;aperture&quot;:&quot;3.3&quot;,&quot;credit&quot;:&quot;&quot;,&quot;camera&quot;:&quot;DMC-TZ5&quot;,&quot;caption&quot;:&quot;&quot;,&quot;created_timestamp&quot;:&quot;1410528429&quot;,&quot;copyright&quot;:&quot;&quot;,&quot;focal_length&quot;:&quot;4.7&quot;,&quot;iso&quot;:&quot;400&quot;,&quot;shutter_speed&quot;:&quot;0.004&quot;,&quot;title&quot;:&quot;&quot;}\" data-image-title=\"porte alliance duo mariage rose gris ivoire personnalise Mademoiselle Cereza Deco\" data-image-description=\"\" data-image-caption=\"\" data-medium-file=\"https:\/\/www.mellecereza.fr\/blog\/wp-content\/uploads\/2014\/09\/porte-alliance-duo-mariage-rose-gris-ivoire-personnalis\u00e9-cereza-2-600x450.jpg\" data-large-file=\"https:\/\/www.mellecereza.fr\/blog\/wp-content\/uploads\/2014\/09\/porte-alliance-duo-mariage-rose-gris-ivoire-personnalis\u00e9-cereza-2.jpg\" decoding=\"async\" loading=\"lazy\" class=\"aligncenter size-medium wp-image-1678\" alt=\"porte alliance duo mariage rose gris ivoire personnalise Mademoiselle Cereza Deco\" src=\"https:\/\/www.mellecereza.fr\/blog\/wp-content\/uploads\/2014\/09\/porte-alliance-duo-mariage-rose-gris-ivoire-personnalis\u00e9-cereza-2-600x450.jpg\" width=\"600\" height=\"450\" srcset=\"https:\/\/www.mellecereza.fr\/blog\/wp-content\/uploads\/2014\/09\/porte-alliance-duo-mariage-rose-gris-ivoire-personnalis\u00e9-cereza-2-600x450.jpg 600w, https:\/\/www.mellecereza.fr\/blog\/wp-content\/uploads\/2014\/09\/porte-alliance-duo-mariage-rose-gris-ivoire-personnalis\u00e9-cereza-2-450x337.jpg 450w, https:\/\/www.mellecereza.fr\/blog\/wp-content\/uploads\/2014\/09\/porte-alliance-duo-mariage-rose-gris-ivoire-personnalis\u00e9-cereza-2.jpg 700w\" sizes=\"(max-width: 600px) 100vw, 600px\" \/><\/a><\/p>\n<p>&nbsp;<\/p>\n<p style=\"text-align: center;\">La p\u00e9tillante Armelle, pour qui j&rsquo;ai cr\u00e9\u00e9 un bouquet de mari\u00e9e sur-mesure tout en satin blanc, dentelle blanche et argent &#8230;<\/p>\n<p style=\"text-align: center;\"><a href=\"https:\/\/www.mellecereza.fr\/blog\/wp-content\/uploads\/2014\/09\/mariage-boh\u00e8me-chic-dentelle-blanche-bouquet-\u00e9ternel-cereza-2.jpg\"><img data-attachment-id=\"1679\" data-permalink=\"https:\/\/www.mellecereza.fr\/blog\/creation-mariage-chaque-mariee-est-unique\/mariage-boheme-chic-dentelle-blanche-bouquet-eternel-cereza-2\/#main\" data-orig-file=\"https:\/\/www.mellecereza.fr\/blog\/wp-content\/uploads\/2014\/09\/mariage-boh\u00e8me-chic-dentelle-blanche-bouquet-\u00e9ternel-cereza-2.jpg\" data-orig-size=\"500,334\" data-comments-opened=\"1\" data-image-meta=\"{&quot;aperture&quot;:&quot;0&quot;,&quot;credit&quot;:&quot;&quot;,&quot;camera&quot;:&quot;&quot;,&quot;caption&quot;:&quot;&quot;,&quot;created_timestamp&quot;:&quot;0&quot;,&quot;copyright&quot;:&quot;&quot;,&quot;focal_length&quot;:&quot;0&quot;,&quot;iso&quot;:&quot;0&quot;,&quot;shutter_speed&quot;:&quot;0&quot;,&quot;title&quot;:&quot;&quot;}\" data-image-title=\"mariage boheme chic dentelle blanche bouquet eternel cereza 2\" data-image-description=\"\" data-image-caption=\"\" data-medium-file=\"https:\/\/www.mellecereza.fr\/blog\/wp-content\/uploads\/2014\/09\/mariage-boh\u00e8me-chic-dentelle-blanche-bouquet-\u00e9ternel-cereza-2.jpg\" data-large-file=\"https:\/\/www.mellecereza.fr\/blog\/wp-content\/uploads\/2014\/09\/mariage-boh\u00e8me-chic-dentelle-blanche-bouquet-\u00e9ternel-cereza-2.jpg\" decoding=\"async\" loading=\"lazy\" class=\"aligncenter size-full wp-image-1679\" alt=\"mariage boheme chic dentelle blanche bouquet eternel cereza 2\" src=\"https:\/\/www.mellecereza.fr\/blog\/wp-content\/uploads\/2014\/09\/mariage-boh\u00e8me-chic-dentelle-blanche-bouquet-\u00e9ternel-cereza-2.jpg\" width=\"500\" height=\"334\" srcset=\"https:\/\/www.mellecereza.fr\/blog\/wp-content\/uploads\/2014\/09\/mariage-boh\u00e8me-chic-dentelle-blanche-bouquet-\u00e9ternel-cereza-2.jpg 500w, https:\/\/www.mellecereza.fr\/blog\/wp-content\/uploads\/2014\/09\/mariage-boh\u00e8me-chic-dentelle-blanche-bouquet-\u00e9ternel-cereza-2-450x300.jpg 450w\" sizes=\"(max-width: 500px) 100vw, 500px\" \/><\/a><\/p>\n<p>\u00a0<a href=\"https:\/\/www.mellecereza.fr\/blog\/wp-content\/uploads\/2014\/09\/mariage-boh\u00e8me-chic-dentelle-blanche-bouquet-\u00e9ternel-cereza-1.jpg\"><img data-attachment-id=\"1680\" data-permalink=\"https:\/\/www.mellecereza.fr\/blog\/creation-mariage-chaque-mariee-est-unique\/mariage-boheme-chic-dentelle-blanche-bouquet-eternel-cereza-1\/#main\" data-orig-file=\"https:\/\/www.mellecereza.fr\/blog\/wp-content\/uploads\/2014\/09\/mariage-boh\u00e8me-chic-dentelle-blanche-bouquet-\u00e9ternel-cereza-1.jpg\" data-orig-size=\"500,334\" data-comments-opened=\"1\" data-image-meta=\"{&quot;aperture&quot;:&quot;0&quot;,&quot;credit&quot;:&quot;&quot;,&quot;camera&quot;:&quot;&quot;,&quot;caption&quot;:&quot;&quot;,&quot;created_timestamp&quot;:&quot;0&quot;,&quot;copyright&quot;:&quot;&quot;,&quot;focal_length&quot;:&quot;0&quot;,&quot;iso&quot;:&quot;0&quot;,&quot;shutter_speed&quot;:&quot;0&quot;,&quot;title&quot;:&quot;&quot;}\" data-image-title=\"mariage boheme chic dentelle blanche bouquet en tissu original Mademoiselle Cereza Deco\" data-image-description=\"\" data-image-caption=\"\" data-medium-file=\"https:\/\/www.mellecereza.fr\/blog\/wp-content\/uploads\/2014\/09\/mariage-boh\u00e8me-chic-dentelle-blanche-bouquet-\u00e9ternel-cereza-1.jpg\" data-large-file=\"https:\/\/www.mellecereza.fr\/blog\/wp-content\/uploads\/2014\/09\/mariage-boh\u00e8me-chic-dentelle-blanche-bouquet-\u00e9ternel-cereza-1.jpg\" decoding=\"async\" loading=\"lazy\" class=\"aligncenter size-full wp-image-1680\" alt=\"mariage boheme chic dentelle blanche bouquet en tissu original Mademoiselle Cereza Deco\" src=\"https:\/\/www.mellecereza.fr\/blog\/wp-content\/uploads\/2014\/09\/mariage-boh\u00e8me-chic-dentelle-blanche-bouquet-\u00e9ternel-cereza-1.jpg\" width=\"500\" height=\"334\" srcset=\"https:\/\/www.mellecereza.fr\/blog\/wp-content\/uploads\/2014\/09\/mariage-boh\u00e8me-chic-dentelle-blanche-bouquet-\u00e9ternel-cereza-1.jpg 500w, https:\/\/www.mellecereza.fr\/blog\/wp-content\/uploads\/2014\/09\/mariage-boh\u00e8me-chic-dentelle-blanche-bouquet-\u00e9ternel-cereza-1-450x300.jpg 450w\" sizes=\"(max-width: 500px) 100vw, 500px\" \/><\/a><\/p>\n<p style=\"text-align: center;\">\u00a0Cr\u00e9dit photo : <a href=\"http:\/\/www.danielsourmey.book.fr\/\" target=\"_blank\">Daniel Sourmey photography<\/a><\/p>\n<p style=\"text-align: center;\">\u00a0Jennifer et son adorable famille \ud83d\ude42<\/p>\n<p style=\"text-align: center;\">La future mari\u00e9e a souhait\u00e9 un bouquet de mari\u00e9e color\u00e9, des tons rose et violet et quelques touches de blanc, un porte-alliance fleur ainsi que la fleur de cheveux de sa puce, personnalis\u00e9s pour elles &#8230;<\/p>\n<p style=\"text-align: center;\"><a href=\"https:\/\/www.mellecereza.fr\/blog\/wp-content\/uploads\/2014\/09\/mariage-violet-rose-blanc-bouquet-mari\u00e9e-tissu-satin-porte-alliance-cereza-2.jpg\"><img data-attachment-id=\"1681\" data-permalink=\"https:\/\/www.mellecereza.fr\/blog\/creation-mariage-chaque-mariee-est-unique\/mariage-violet-rose-blanc-bouquet-mariee-tissu-satin-porte-alliance-cereza-2\/#main\" data-orig-file=\"https:\/\/www.mellecereza.fr\/blog\/wp-content\/uploads\/2014\/09\/mariage-violet-rose-blanc-bouquet-mari\u00e9e-tissu-satin-porte-alliance-cereza-2.jpg\" data-orig-size=\"1600,1260\" data-comments-opened=\"1\" data-image-meta=\"{&quot;aperture&quot;:&quot;0&quot;,&quot;credit&quot;:&quot;Picasa&quot;,&quot;camera&quot;:&quot;&quot;,&quot;caption&quot;:&quot;&quot;,&quot;created_timestamp&quot;:&quot;1410018971&quot;,&quot;copyright&quot;:&quot;&quot;,&quot;focal_length&quot;:&quot;0&quot;,&quot;iso&quot;:&quot;0&quot;,&quot;shutter_speed&quot;:&quot;0&quot;,&quot;title&quot;:&quot;&quot;}\" data-image-title=\"mariage violet rose blanc bouquet mariee tissu satin porte alliance cereza 2\" data-image-description=\"\" data-image-caption=\"\" data-medium-file=\"https:\/\/www.mellecereza.fr\/blog\/wp-content\/uploads\/2014\/09\/mariage-violet-rose-blanc-bouquet-mari\u00e9e-tissu-satin-porte-alliance-cereza-2-600x472.jpg\" data-large-file=\"https:\/\/www.mellecereza.fr\/blog\/wp-content\/uploads\/2014\/09\/mariage-violet-rose-blanc-bouquet-mari\u00e9e-tissu-satin-porte-alliance-cereza-2-1024x806.jpg\" decoding=\"async\" loading=\"lazy\" class=\"aligncenter size-medium wp-image-1681\" alt=\"mariage violet rose blanc bouquet mariee tissu satin porte alliance cereza 2\" src=\"https:\/\/www.mellecereza.fr\/blog\/wp-content\/uploads\/2014\/09\/mariage-violet-rose-blanc-bouquet-mari\u00e9e-tissu-satin-porte-alliance-cereza-2-600x472.jpg\" width=\"600\" height=\"472\" srcset=\"https:\/\/www.mellecereza.fr\/blog\/wp-content\/uploads\/2014\/09\/mariage-violet-rose-blanc-bouquet-mari\u00e9e-tissu-satin-porte-alliance-cereza-2-600x472.jpg 600w, https:\/\/www.mellecereza.fr\/blog\/wp-content\/uploads\/2014\/09\/mariage-violet-rose-blanc-bouquet-mari\u00e9e-tissu-satin-porte-alliance-cereza-2-450x354.jpg 450w, https:\/\/www.mellecereza.fr\/blog\/wp-content\/uploads\/2014\/09\/mariage-violet-rose-blanc-bouquet-mari\u00e9e-tissu-satin-porte-alliance-cereza-2-1024x806.jpg 1024w, https:\/\/www.mellecereza.fr\/blog\/wp-content\/uploads\/2014\/09\/mariage-violet-rose-blanc-bouquet-mari\u00e9e-tissu-satin-porte-alliance-cereza-2.jpg 1600w\" sizes=\"(max-width: 600px) 100vw, 600px\" \/><\/a><\/p>\n<p style=\"text-align: center;\">\u00a0Les cr\u00e9ateurs nous font d\u00e9couvrir leurs collections mariage 2015, et c&rsquo;est avec d\u00e9lice que je contemple ce d\u00e9tail d&rsquo;une robe dentelle sign\u00e9e Oscar de la Renta<\/p>\n<p style=\"text-align: center;\"><a href=\"https:\/\/www.mellecereza.fr\/blog\/wp-content\/uploads\/2014\/09\/oscar-de-la-renta-bridal-2015-mariage-dentelle.jpg\"><img data-attachment-id=\"1682\" data-permalink=\"https:\/\/www.mellecereza.fr\/blog\/creation-mariage-chaque-mariee-est-unique\/oscar-de-la-renta-bridal-2015-mariage-dentelle\/#main\" data-orig-file=\"https:\/\/www.mellecereza.fr\/blog\/wp-content\/uploads\/2014\/09\/oscar-de-la-renta-bridal-2015-mariage-dentelle.jpg\" data-orig-size=\"736,1104\" data-comments-opened=\"1\" data-image-meta=\"{&quot;aperture&quot;:&quot;0&quot;,&quot;credit&quot;:&quot;&quot;,&quot;camera&quot;:&quot;&quot;,&quot;caption&quot;:&quot;&quot;,&quot;created_timestamp&quot;:&quot;0&quot;,&quot;copyright&quot;:&quot;&quot;,&quot;focal_length&quot;:&quot;0&quot;,&quot;iso&quot;:&quot;0&quot;,&quot;shutter_speed&quot;:&quot;0&quot;,&quot;title&quot;:&quot;&quot;}\" data-image-title=\"oscar de la renta bridal 2015 mariage dentelle Mademoiselle Cereza blog mariage\" data-image-description=\"\" data-image-caption=\"\" data-medium-file=\"https:\/\/www.mellecereza.fr\/blog\/wp-content\/uploads\/2014\/09\/oscar-de-la-renta-bridal-2015-mariage-dentelle-400x600.jpg\" data-large-file=\"https:\/\/www.mellecereza.fr\/blog\/wp-content\/uploads\/2014\/09\/oscar-de-la-renta-bridal-2015-mariage-dentelle-682x1024.jpg\" decoding=\"async\" loading=\"lazy\" class=\"aligncenter size-large wp-image-1682\" alt=\"oscar de la renta bridal 2015 mariage dentelle Mademoiselle Cereza blog mariage\" src=\"https:\/\/www.mellecereza.fr\/blog\/wp-content\/uploads\/2014\/09\/oscar-de-la-renta-bridal-2015-mariage-dentelle-682x1024.jpg\" width=\"600\" height=\"900\" srcset=\"https:\/\/www.mellecereza.fr\/blog\/wp-content\/uploads\/2014\/09\/oscar-de-la-renta-bridal-2015-mariage-dentelle-682x1024.jpg 682w, https:\/\/www.mellecereza.fr\/blog\/wp-content\/uploads\/2014\/09\/oscar-de-la-renta-bridal-2015-mariage-dentelle-300x450.jpg 300w, https:\/\/www.mellecereza.fr\/blog\/wp-content\/uploads\/2014\/09\/oscar-de-la-renta-bridal-2015-mariage-dentelle-400x600.jpg 400w, https:\/\/www.mellecereza.fr\/blog\/wp-content\/uploads\/2014\/09\/oscar-de-la-renta-bridal-2015-mariage-dentelle.jpg 736w\" sizes=\"(max-width: 600px) 100vw, 600px\" \/><\/a><\/p>\n<p style=\"text-align: center;\">\u00a0Un mariage bleu roi et blanc &#8230; et l&rsquo;apparition au catalogue d&rsquo;une nouvelle d\u00e9clinaison du porte-alliance fleur<\/p>\n<p style=\"text-align: center;\"><strong>\/\/ EDIT DU 19 sept : ce nouveau porte-alliance a connu un tel succ\u00e8s qu&rsquo;il est \u00e9puis\u00e9, je peux n\u00e9anmoins vous proposer un porte-alliance une fleur blanche, une fleur bleu roi \ud83d\ude42 \/\/<\/strong><\/p>\n<p style=\"text-align: center;\"><a href=\"https:\/\/www.mellecereza.fr\/blog\/wp-content\/uploads\/2014\/09\/porte-alliance-personnalis\u00e9-fleur-blanc-bleu-roi-gris-argent-cereza-deco-2.jpg\"><img data-attachment-id=\"1683\" data-permalink=\"https:\/\/www.mellecereza.fr\/blog\/creation-mariage-chaque-mariee-est-unique\/porte-alliance-personnalise-fleur-blanc-bleu-roi-gris-argent-cereza-deco-2\/#main\" data-orig-file=\"https:\/\/www.mellecereza.fr\/blog\/wp-content\/uploads\/2014\/09\/porte-alliance-personnalis\u00e9-fleur-blanc-bleu-roi-gris-argent-cereza-deco-2.jpg\" data-orig-size=\"525,700\" data-comments-opened=\"1\" data-image-meta=\"{&quot;aperture&quot;:&quot;3.3&quot;,&quot;credit&quot;:&quot;&quot;,&quot;camera&quot;:&quot;DMC-TZ5&quot;,&quot;caption&quot;:&quot;&quot;,&quot;created_timestamp&quot;:&quot;1383565845&quot;,&quot;copyright&quot;:&quot;&quot;,&quot;focal_length&quot;:&quot;4.7&quot;,&quot;iso&quot;:&quot;100&quot;,&quot;shutter_speed&quot;:&quot;0.02&quot;,&quot;title&quot;:&quot;&quot;}\" data-image-title=\"porte alliance personnalise fleur blanc bleu roi gris argent cereza deco 2\" data-image-description=\"\" data-image-caption=\"\" data-medium-file=\"https:\/\/www.mellecereza.fr\/blog\/wp-content\/uploads\/2014\/09\/porte-alliance-personnalis\u00e9-fleur-blanc-bleu-roi-gris-argent-cereza-deco-2-450x600.jpg\" data-large-file=\"https:\/\/www.mellecereza.fr\/blog\/wp-content\/uploads\/2014\/09\/porte-alliance-personnalis\u00e9-fleur-blanc-bleu-roi-gris-argent-cereza-deco-2.jpg\" decoding=\"async\" loading=\"lazy\" class=\"aligncenter size-full wp-image-1683\" alt=\"porte alliance personnalise fleur blanc bleu roi gris argent cereza deco 2\" src=\"https:\/\/www.mellecereza.fr\/blog\/wp-content\/uploads\/2014\/09\/porte-alliance-personnalis\u00e9-fleur-blanc-bleu-roi-gris-argent-cereza-deco-2.jpg\" width=\"525\" height=\"700\" srcset=\"https:\/\/www.mellecereza.fr\/blog\/wp-content\/uploads\/2014\/09\/porte-alliance-personnalis\u00e9-fleur-blanc-bleu-roi-gris-argent-cereza-deco-2.jpg 525w, https:\/\/www.mellecereza.fr\/blog\/wp-content\/uploads\/2014\/09\/porte-alliance-personnalis\u00e9-fleur-blanc-bleu-roi-gris-argent-cereza-deco-2-337x450.jpg 337w, https:\/\/www.mellecereza.fr\/blog\/wp-content\/uploads\/2014\/09\/porte-alliance-personnalis\u00e9-fleur-blanc-bleu-roi-gris-argent-cereza-deco-2-450x600.jpg 450w\" sizes=\"(max-width: 525px) 100vw, 525px\" \/><\/a><\/p>\n<p style=\"text-align: center;\">\u00a0Une cr\u00e9ation mariage personnalis\u00e9e, le <a href=\"https:\/\/www.mellecereza.fr\/bouquet-de-mariee-original\/21-bouquet-de-mariee-dentelle-colombe.html\">bouquet de mari\u00e9e dentelle Colombe <\/a>auquel la mari\u00e9e a souhait\u00e9 ajouter une touche de rose p\u00e2le<\/p>\n<p style=\"text-align: center;\"><a href=\"https:\/\/www.mellecereza.fr\/blog\/wp-content\/uploads\/2014\/09\/bouquet-de-mari\u00e9e-bijou-blanc-dentelle-perles-rose-cereza-deco-4b.jpg\"><img data-attachment-id=\"1684\" data-permalink=\"https:\/\/www.mellecereza.fr\/blog\/creation-mariage-chaque-mariee-est-unique\/bouquet-de-mariee-bijou-blanc-dentelle-perles-rose-cereza-deco-4b\/#main\" data-orig-file=\"https:\/\/www.mellecereza.fr\/blog\/wp-content\/uploads\/2014\/09\/bouquet-de-mari\u00e9e-bijou-blanc-dentelle-perles-rose-cereza-deco-4b.jpg\" data-orig-size=\"700,525\" data-comments-opened=\"1\" data-image-meta=\"{&quot;aperture&quot;:&quot;3.3&quot;,&quot;credit&quot;:&quot;&quot;,&quot;camera&quot;:&quot;DMC-TZ5&quot;,&quot;caption&quot;:&quot;&quot;,&quot;created_timestamp&quot;:&quot;1403814339&quot;,&quot;copyright&quot;:&quot;&quot;,&quot;focal_length&quot;:&quot;4.7&quot;,&quot;iso&quot;:&quot;100&quot;,&quot;shutter_speed&quot;:&quot;0.0333333333333&quot;,&quot;title&quot;:&quot;&quot;}\" data-image-title=\"bouquet de mariee bijou blanc dentelle perles rose Mademoiselle Cereza deco 4b\" data-image-description=\"\" data-image-caption=\"\" data-medium-file=\"https:\/\/www.mellecereza.fr\/blog\/wp-content\/uploads\/2014\/09\/bouquet-de-mari\u00e9e-bijou-blanc-dentelle-perles-rose-cereza-deco-4b-600x450.jpg\" data-large-file=\"https:\/\/www.mellecereza.fr\/blog\/wp-content\/uploads\/2014\/09\/bouquet-de-mari\u00e9e-bijou-blanc-dentelle-perles-rose-cereza-deco-4b.jpg\" decoding=\"async\" loading=\"lazy\" class=\"aligncenter size-medium wp-image-1684\" alt=\"bouquet de mariee bijou blanc dentelle perles rose Mademoiselle Cereza deco 4b\" src=\"https:\/\/www.mellecereza.fr\/blog\/wp-content\/uploads\/2014\/09\/bouquet-de-mari\u00e9e-bijou-blanc-dentelle-perles-rose-cereza-deco-4b-600x450.jpg\" width=\"600\" height=\"450\" srcset=\"https:\/\/www.mellecereza.fr\/blog\/wp-content\/uploads\/2014\/09\/bouquet-de-mari\u00e9e-bijou-blanc-dentelle-perles-rose-cereza-deco-4b-600x450.jpg 600w, https:\/\/www.mellecereza.fr\/blog\/wp-content\/uploads\/2014\/09\/bouquet-de-mari\u00e9e-bijou-blanc-dentelle-perles-rose-cereza-deco-4b-450x337.jpg 450w, https:\/\/www.mellecereza.fr\/blog\/wp-content\/uploads\/2014\/09\/bouquet-de-mari\u00e9e-bijou-blanc-dentelle-perles-rose-cereza-deco-4b.jpg 700w\" sizes=\"(max-width: 600px) 100vw, 600px\" \/><\/a><\/p>\n<p>&nbsp;<\/p>\n<p style=\"text-align: center;\">Une cr\u00e9ation mariage sur-mesure, des tons beige, blanc et vert anis, du lin, du satin et de d\u00e9licates perles pour un mariage champ\u00eatre chic<\/p>\n<p style=\"text-align: center;\"><a href=\"https:\/\/www.mellecereza.fr\/blog\/wp-content\/uploads\/2014\/09\/mariage-champ\u00eatre-chic-beige-blanc-anis-bouquet-mariee-demoiselle-honneur-boutonni\u00e8re-cereza-10.jpg\"><img data-attachment-id=\"1685\" data-permalink=\"https:\/\/www.mellecereza.fr\/blog\/creation-mariage-chaque-mariee-est-unique\/mariage-champetre-chic-beige-blanc-anis-bouquet-mariee-demoiselle-honneur-boutonniere-cereza-10\/#main\" data-orig-file=\"https:\/\/www.mellecereza.fr\/blog\/wp-content\/uploads\/2014\/09\/mariage-champ\u00eatre-chic-beige-blanc-anis-bouquet-mariee-demoiselle-honneur-boutonni\u00e8re-cereza-10.jpg\" data-orig-size=\"525,700\" data-comments-opened=\"1\" data-image-meta=\"{&quot;aperture&quot;:&quot;3.3&quot;,&quot;credit&quot;:&quot;&quot;,&quot;camera&quot;:&quot;DMC-TZ5&quot;,&quot;caption&quot;:&quot;&quot;,&quot;created_timestamp&quot;:&quot;1410371092&quot;,&quot;copyright&quot;:&quot;&quot;,&quot;focal_length&quot;:&quot;4.7&quot;,&quot;iso&quot;:&quot;400&quot;,&quot;shutter_speed&quot;:&quot;0.000769230769231&quot;,&quot;title&quot;:&quot;&quot;}\" data-image-title=\"mariage champetre chic beige blanc anis bouquet mariee original tissu Mademoiselle Cereza 10\" data-image-description=\"\" data-image-caption=\"\" data-medium-file=\"https:\/\/www.mellecereza.fr\/blog\/wp-content\/uploads\/2014\/09\/mariage-champ\u00eatre-chic-beige-blanc-anis-bouquet-mariee-demoiselle-honneur-boutonni\u00e8re-cereza-10-450x600.jpg\" data-large-file=\"https:\/\/www.mellecereza.fr\/blog\/wp-content\/uploads\/2014\/09\/mariage-champ\u00eatre-chic-beige-blanc-anis-bouquet-mariee-demoiselle-honneur-boutonni\u00e8re-cereza-10.jpg\" decoding=\"async\" loading=\"lazy\" class=\"aligncenter size-full wp-image-1685\" alt=\"mariage champetre chic beige blanc anis bouquet mariee original tissu Mademoiselle Cereza 10\" src=\"https:\/\/www.mellecereza.fr\/blog\/wp-content\/uploads\/2014\/09\/mariage-champ\u00eatre-chic-beige-blanc-anis-bouquet-mariee-demoiselle-honneur-boutonni\u00e8re-cereza-10.jpg\" width=\"525\" height=\"700\" srcset=\"https:\/\/www.mellecereza.fr\/blog\/wp-content\/uploads\/2014\/09\/mariage-champ\u00eatre-chic-beige-blanc-anis-bouquet-mariee-demoiselle-honneur-boutonni\u00e8re-cereza-10.jpg 525w, https:\/\/www.mellecereza.fr\/blog\/wp-content\/uploads\/2014\/09\/mariage-champ\u00eatre-chic-beige-blanc-anis-bouquet-mariee-demoiselle-honneur-boutonni\u00e8re-cereza-10-337x450.jpg 337w, https:\/\/www.mellecereza.fr\/blog\/wp-content\/uploads\/2014\/09\/mariage-champ\u00eatre-chic-beige-blanc-anis-bouquet-mariee-demoiselle-honneur-boutonni\u00e8re-cereza-10-450x600.jpg 450w\" sizes=\"(max-width: 525px) 100vw, 525px\" \/><\/a><\/p>\n<p style=\"text-align: center;\">\u00a0Lorsqu&rsquo;arrive le week-end : doser la d\u00e9tente avec la lecture d&rsquo;un livre de Michel Bussi, et le travail avec une fleur de plume<\/p>\n<p style=\"text-align: center;\"><a href=\"https:\/\/www.mellecereza.fr\/blog\/wp-content\/uploads\/2014\/09\/atelier-mariage-fleur-de-plume-bijou-lecture-michel-bussi.jpg\"><img data-attachment-id=\"1686\" data-permalink=\"https:\/\/www.mellecereza.fr\/blog\/creation-mariage-chaque-mariee-est-unique\/atelier-mariage-fleur-de-plume-bijou-lecture-michel-bussi\/#main\" data-orig-file=\"https:\/\/www.mellecereza.fr\/blog\/wp-content\/uploads\/2014\/09\/atelier-mariage-fleur-de-plume-bijou-lecture-michel-bussi.jpg\" data-orig-size=\"640,640\" data-comments-opened=\"1\" data-image-meta=\"{&quot;aperture&quot;:&quot;0&quot;,&quot;credit&quot;:&quot;&quot;,&quot;camera&quot;:&quot;&quot;,&quot;caption&quot;:&quot;&quot;,&quot;created_timestamp&quot;:&quot;0&quot;,&quot;copyright&quot;:&quot;&quot;,&quot;focal_length&quot;:&quot;0&quot;,&quot;iso&quot;:&quot;0&quot;,&quot;shutter_speed&quot;:&quot;0&quot;,&quot;title&quot;:&quot;&quot;}\" data-image-title=\"atelier mariage fleur de plume bijou lecture michel bussi\" data-image-description=\"\" data-image-caption=\"\" data-medium-file=\"https:\/\/www.mellecereza.fr\/blog\/wp-content\/uploads\/2014\/09\/atelier-mariage-fleur-de-plume-bijou-lecture-michel-bussi-600x600.jpg\" data-large-file=\"https:\/\/www.mellecereza.fr\/blog\/wp-content\/uploads\/2014\/09\/atelier-mariage-fleur-de-plume-bijou-lecture-michel-bussi.jpg\" decoding=\"async\" loading=\"lazy\" class=\"aligncenter size-full wp-image-1686\" alt=\"atelier mariage fleur de plume bijou lecture michel bussi\" src=\"https:\/\/www.mellecereza.fr\/blog\/wp-content\/uploads\/2014\/09\/atelier-mariage-fleur-de-plume-bijou-lecture-michel-bussi.jpg\" width=\"640\" height=\"640\" srcset=\"https:\/\/www.mellecereza.fr\/blog\/wp-content\/uploads\/2014\/09\/atelier-mariage-fleur-de-plume-bijou-lecture-michel-bussi.jpg 640w, https:\/\/www.mellecereza.fr\/blog\/wp-content\/uploads\/2014\/09\/atelier-mariage-fleur-de-plume-bijou-lecture-michel-bussi-450x450.jpg 450w, https:\/\/www.mellecereza.fr\/blog\/wp-content\/uploads\/2014\/09\/atelier-mariage-fleur-de-plume-bijou-lecture-michel-bussi-600x600.jpg 600w, https:\/\/www.mellecereza.fr\/blog\/wp-content\/uploads\/2014\/09\/atelier-mariage-fleur-de-plume-bijou-lecture-michel-bussi-210x210.jpg 210w, https:\/\/www.mellecereza.fr\/blog\/wp-content\/uploads\/2014\/09\/atelier-mariage-fleur-de-plume-bijou-lecture-michel-bussi-60x60.jpg 60w\" sizes=\"(max-width: 640px) 100vw, 640px\" \/><\/a><\/p>\n<p><span style=\"font-size: x-small;\">Profitez de ce moment pour d\u00e9couvrir d\u2019autres ateliers fran\u00e7ais<\/span><\/p>\n<p><span style=\"font-size: x-small;\">Lara, J\u2019en ai pas l\u2019air :<a href=\"http:\/\/www.jenaipaslair.fr\/de-nouvelles-broderies-pour-une-nouvelle-saison\/\" target=\"_blank\">\u00a0fichier broderie<\/a><\/span><\/p>\n<p><span style=\"font-size: x-small;\">Pascale, Gazouillis &amp; Cie :\u00a0<a href=\"http:\/\/blog.gazouillisetcie.fr\/2014\/09\/14\/une-semaine-a-latelier-75-et-76-tricoter-des-creations-pour-bebe-merinos-et-en-cachemire-pour-bebe\/\" target=\"_blank\">tricoter des cr\u00e9ations pour b\u00e9b\u00e9 merinos et en cachemire\u00a0pour b\u00e9b\u00e9<\/a><\/span><\/p>\n<p><span style=\"font-size: x-small;\">Virginie, Lili &amp; le Scarab\u00e9e ROz :\u00a0<a href=\"http:\/\/www.lilietlescarabeeroz.com\/blog\/2014\/09\/15\/bijoux-boutons-semaine-a-latelier\/\" target=\"_blank\">bijoux\u00a0\u00a0boutons<\/a><\/span><\/p>\n<p><span style=\"font-size: x-small;\">Isabelle, Dessine-moi un pr\u00e9nom :\u00a0<a href=\"http:\/\/blog.dessine-moi-un-prenom.com\/ma-semaine-a-latelier-88\/\" target=\"_blank\">tableaux personnalis\u00e9s pour enfants et grands<\/a><\/span><\/p>\n<p><span style=\"font-size: x-small;\">Florence, Brodi Broda :\u00a0<a href=\"http:\/\/leblogbrodibroda.canalblog.com\/archives\/2014\/09\/13\/30582342.html\" target=\"_blank\">r\u00e9cr\u00e9ations textiles \u00a0qui p\u00e9tillent pour petits et grands enfants<\/a><\/span><\/p>\n<p><span style=\"font-size: x-small;\">Ad\u00e8le, la malle d&rsquo;Ad\u00e8le, <a href=\"http:\/\/www.lamalledadele.com\/2014\/09\/ete-latelier-bijoux-accessoires\/\" target=\"_blank\">bijoux po\u00e9tiques<\/a><\/span><\/p>\n<p><span style=\"font-size: x-small;\">Aline, La Caverne \u00e0 Cr\u00e9ations :\u00a0<a href=\"http:\/\/la-caverne-a-creations.over-blog.com\/article-ma-semaine-a-l-atelier-semaine-26-2014-124569745.html\" target=\"_blank\">bolas de grossesse,\u00a0bapt\u00e8me<\/a><\/span><\/p>\n<p><span style=\"font-size: medium;\">Belle semaine \u00e0 toutes &amp; \u00e0 tr\u00e8s vite !<\/span><\/p>\n<div class=\"post_signature\"><img src=\"https:\/\/www.mellecereza.fr\/blog\/wp-content\/uploads\/2020\/02\/sign-200-FEV-15d1.png\" \/><\/div>","protected":false},"excerpt":{"rendered":"<p>Une cr\u00e9ation mariage est le reflet de la femme qui va la porter &#8230; Une cr\u00e9ation mariage personnalis\u00e9e, pens\u00e9e avec attention et bienveillance pour la mari\u00e9e c&rsquo;est l&rsquo;une des facettes de Cereza, et l&rsquo;une des plus importantes \u00e0 mes yeux&#8230;.<\/p>\n","protected":false},"author":1,"featured_media":1676,"comment_status":"open","ping_status":"open","sticky":false,"template":"","format":"standard","meta":{"jetpack_post_was_ever_published":false,"jetpack_publicize_message":"","jetpack_is_tweetstorm":false,"jetpack_publicize_feature_enabled":true,"jetpack_social_post_already_shared":true,"jetpack_social_options":{"image_generator_settings":{"template":"highway","enabled":false}}},"categories":[19],"tags":[7,142,140,139,76,25,81,141,63],"jetpack_publicize_connections":[],"yoast_head":"<!-- This site is optimized with the Yoast SEO plugin v20.3 - https:\/\/yoast.com\/wordpress\/plugins\/seo\/ -->\n<title>Une cr\u00e9ation mariage : chaque mari\u00e9e est unique, l&#039;atelier #99 - Melle Cereza blog mariage original<\/title>\n<meta name=\"robots\" content=\"index, follow, max-snippet:-1, max-image-preview:large, max-video-preview:-1\" \/>\n<link rel=\"canonical\" href=\"https:\/\/www.mellecereza.fr\/blog\/creation-mariage-chaque-mariee-est-unique\/\" \/>\n<meta property=\"og:locale\" content=\"fr_FR\" \/>\n<meta property=\"og:type\" content=\"article\" \/>\n<meta property=\"og:title\" content=\"Une cr\u00e9ation mariage : chaque mari\u00e9e est unique, l&#039;atelier #99 - Melle Cereza blog mariage original\" \/>\n<meta property=\"og:description\" content=\"Une cr\u00e9ation mariage est le reflet de la femme qui va la porter &#8230; Une cr\u00e9ation mariage personnalis\u00e9e, pens\u00e9e avec attention et bienveillance pour la mari\u00e9e c&rsquo;est l&rsquo;une des facettes de Cereza, et l&rsquo;une des plus importantes \u00e0 mes yeux....\" \/>\n<meta property=\"og:url\" content=\"https:\/\/www.mellecereza.fr\/blog\/creation-mariage-chaque-mariee-est-unique\/\" \/>\n<meta property=\"og:site_name\" content=\"Melle Cereza blog mariage original\" \/>\n<meta property=\"article:published_time\" content=\"2014-09-15T06:30:13+00:00\" \/>\n<meta property=\"article:modified_time\" content=\"2019-01-05T07:15:20+00:00\" \/>\n<meta property=\"og:image\" content=\"https:\/\/www.mellecereza.fr\/blog\/wp-content\/uploads\/2014\/09\/99-14sept-mariage-sur-mesure-personnalis\u00e9-dentelle-collection-2015-cereza-deco-r-1024x1024.jpg\" \/>\n\t<meta property=\"og:image:width\" content=\"1024\" \/>\n\t<meta property=\"og:image:height\" content=\"1024\" \/>\n\t<meta property=\"og:image:type\" content=\"image\/jpeg\" \/>\n<meta name=\"author\" content=\"Cerise\" \/>\n<meta name=\"twitter:label1\" content=\"\u00c9crit par\" \/>\n\t<meta name=\"twitter:data1\" content=\"Cerise\" \/>\n\t<meta name=\"twitter:label2\" content=\"Dur\u00e9e de lecture estim\u00e9e\" \/>\n\t<meta name=\"twitter:data2\" content=\"3 minutes\" \/>\n<script type=\"application\/ld+json\" class=\"yoast-schema-graph\">{\"@context\":\"https:\/\/schema.org\",\"@graph\":[{\"@type\":\"WebPage\",\"@id\":\"https:\/\/www.mellecereza.fr\/blog\/creation-mariage-chaque-mariee-est-unique\/\",\"url\":\"https:\/\/www.mellecereza.fr\/blog\/creation-mariage-chaque-mariee-est-unique\/\",\"name\":\"Une cr\u00e9ation mariage : chaque mari\u00e9e est unique, l'atelier #99 - Melle Cereza blog mariage original\",\"isPartOf\":{\"@id\":\"https:\/\/www.mellecereza.fr\/blog\/#website\"},\"datePublished\":\"2014-09-15T06:30:13+00:00\",\"dateModified\":\"2019-01-05T07:15:20+00:00\",\"author\":{\"@id\":\"https:\/\/www.mellecereza.fr\/blog\/#\/schema\/person\/3ad20d39d7b07a33b39c2e111d852118\"},\"breadcrumb\":{\"@id\":\"https:\/\/www.mellecereza.fr\/blog\/creation-mariage-chaque-mariee-est-unique\/#breadcrumb\"},\"inLanguage\":\"fr-FR\",\"potentialAction\":[{\"@type\":\"ReadAction\",\"target\":[\"https:\/\/www.mellecereza.fr\/blog\/creation-mariage-chaque-mariee-est-unique\/\"]}]},{\"@type\":\"BreadcrumbList\",\"@id\":\"https:\/\/www.mellecereza.fr\/blog\/creation-mariage-chaque-mariee-est-unique\/#breadcrumb\",\"itemListElement\":[{\"@type\":\"ListItem\",\"position\":1,\"name\":\"Accueil\",\"item\":\"https:\/\/www.mellecereza.fr\/blog\/\"},{\"@type\":\"ListItem\",\"position\":2,\"name\":\"Une cr\u00e9ation mariage : chaque mari\u00e9e est unique, l&rsquo;atelier #99\"}]},{\"@type\":\"WebSite\",\"@id\":\"https:\/\/www.mellecereza.fr\/blog\/#website\",\"url\":\"https:\/\/www.mellecereza.fr\/blog\/\",\"name\":\"Melle Cereza blog mariage original\",\"description\":\"Id\u00e9es et inspirations pour un joli mariage original, id\u00e9es d\u00e9co, bouquet, bijoux &amp; accessoires\",\"potentialAction\":[{\"@type\":\"SearchAction\",\"target\":{\"@type\":\"EntryPoint\",\"urlTemplate\":\"https:\/\/www.mellecereza.fr\/blog\/?s={search_term_string}\"},\"query-input\":\"required name=search_term_string\"}],\"inLanguage\":\"fr-FR\"},{\"@type\":\"Person\",\"@id\":\"https:\/\/www.mellecereza.fr\/blog\/#\/schema\/person\/3ad20d39d7b07a33b39c2e111d852118\",\"name\":\"Cerise\",\"image\":{\"@type\":\"ImageObject\",\"inLanguage\":\"fr-FR\",\"@id\":\"https:\/\/www.mellecereza.fr\/blog\/#\/schema\/person\/image\/\",\"url\":\"https:\/\/secure.gravatar.com\/avatar\/f8aa59be965caf71440dfd118dcb3362?s=96&d=identicon&r=g\",\"contentUrl\":\"https:\/\/secure.gravatar.com\/avatar\/f8aa59be965caf71440dfd118dcb3362?s=96&d=identicon&r=g\",\"caption\":\"Cerise\"},\"url\":\"https:\/\/www.mellecereza.fr\/blog\/author\/cerise\/\"}]}<\/script>\n<!-- \/ Yoast SEO plugin. -->","yoast_head_json":{"title":"Une cr\u00e9ation mariage : chaque mari\u00e9e est unique, l'atelier #99 - Melle Cereza blog mariage original","robots":{"index":"index","follow":"follow","max-snippet":"max-snippet:-1","max-image-preview":"max-image-preview:large","max-video-preview":"max-video-preview:-1"},"canonical":"https:\/\/www.mellecereza.fr\/blog\/creation-mariage-chaque-mariee-est-unique\/","og_locale":"fr_FR","og_type":"article","og_title":"Une cr\u00e9ation mariage : chaque mari\u00e9e est unique, l'atelier #99 - Melle Cereza blog mariage original","og_description":"Une cr\u00e9ation mariage est le reflet de la femme qui va la porter &#8230; Une cr\u00e9ation mariage personnalis\u00e9e, pens\u00e9e avec attention et bienveillance pour la mari\u00e9e c&rsquo;est l&rsquo;une des facettes de Cereza, et l&rsquo;une des plus importantes \u00e0 mes yeux....","og_url":"https:\/\/www.mellecereza.fr\/blog\/creation-mariage-chaque-mariee-est-unique\/","og_site_name":"Melle Cereza blog mariage original","article_published_time":"2014-09-15T06:30:13+00:00","article_modified_time":"2019-01-05T07:15:20+00:00","og_image":[{"width":1024,"height":1024,"url":"https:\/\/www.mellecereza.fr\/blog\/wp-content\/uploads\/2014\/09\/99-14sept-mariage-sur-mesure-personnalis\u00e9-dentelle-collection-2015-cereza-deco-r-1024x1024.jpg","type":"image\/jpeg"}],"author":"Cerise","twitter_misc":{"\u00c9crit par":"Cerise","Dur\u00e9e de lecture estim\u00e9e":"3 minutes"},"schema":{"@context":"https:\/\/schema.org","@graph":[{"@type":"WebPage","@id":"https:\/\/www.mellecereza.fr\/blog\/creation-mariage-chaque-mariee-est-unique\/","url":"https:\/\/www.mellecereza.fr\/blog\/creation-mariage-chaque-mariee-est-unique\/","name":"Une cr\u00e9ation mariage : chaque mari\u00e9e est unique, l'atelier #99 - Melle Cereza blog mariage original","isPartOf":{"@id":"https:\/\/www.mellecereza.fr\/blog\/#website"},"datePublished":"2014-09-15T06:30:13+00:00","dateModified":"2019-01-05T07:15:20+00:00","author":{"@id":"https:\/\/www.mellecereza.fr\/blog\/#\/schema\/person\/3ad20d39d7b07a33b39c2e111d852118"},"breadcrumb":{"@id":"https:\/\/www.mellecereza.fr\/blog\/creation-mariage-chaque-mariee-est-unique\/#breadcrumb"},"inLanguage":"fr-FR","potentialAction":[{"@type":"ReadAction","target":["https:\/\/www.mellecereza.fr\/blog\/creation-mariage-chaque-mariee-est-unique\/"]}]},{"@type":"BreadcrumbList","@id":"https:\/\/www.mellecereza.fr\/blog\/creation-mariage-chaque-mariee-est-unique\/#breadcrumb","itemListElement":[{"@type":"ListItem","position":1,"name":"Accueil","item":"https:\/\/www.mellecereza.fr\/blog\/"},{"@type":"ListItem","position":2,"name":"Une cr\u00e9ation mariage : chaque mari\u00e9e est unique, l&rsquo;atelier #99"}]},{"@type":"WebSite","@id":"https:\/\/www.mellecereza.fr\/blog\/#website","url":"https:\/\/www.mellecereza.fr\/blog\/","name":"Melle Cereza blog mariage original","description":"Id\u00e9es et inspirations pour un joli mariage original, id\u00e9es d\u00e9co, bouquet, bijoux &amp; accessoires","potentialAction":[{"@type":"SearchAction","target":{"@type":"EntryPoint","urlTemplate":"https:\/\/www.mellecereza.fr\/blog\/?s={search_term_string}"},"query-input":"required name=search_term_string"}],"inLanguage":"fr-FR"},{"@type":"Person","@id":"https:\/\/www.mellecereza.fr\/blog\/#\/schema\/person\/3ad20d39d7b07a33b39c2e111d852118","name":"Cerise","image":{"@type":"ImageObject","inLanguage":"fr-FR","@id":"https:\/\/www.mellecereza.fr\/blog\/#\/schema\/person\/image\/","url":"https:\/\/secure.gravatar.com\/avatar\/f8aa59be965caf71440dfd118dcb3362?s=96&d=identicon&r=g","contentUrl":"https:\/\/secure.gravatar.com\/avatar\/f8aa59be965caf71440dfd118dcb3362?s=96&d=identicon&r=g","caption":"Cerise"},"url":"https:\/\/www.mellecereza.fr\/blog\/author\/cerise\/"}]}},"jetpack_featured_media_url":"https:\/\/www.mellecereza.fr\/blog\/wp-content\/uploads\/2014\/09\/99-14sept-mariage-sur-mesure-personnalis\u00e9-dentelle-collection-2015-cereza-deco-r.jpg","jetpack_shortlink":"https:\/\/wp.me\/p4ptN6-r1","jetpack_sharing_enabled":true,"jetpack-related-posts":[{"id":1109,"url":"https:\/\/www.mellecereza.fr\/blog\/bouquet-mariee-bijou-latelier-90\/","url_meta":{"origin":1675,"position":0},"title":"Bouquet de mari\u00e9e bijou : dans l&rsquo;atelier #90","date":"30 juin 2014","format":false,"excerpt":"Bouquet de mari\u00e9e bijou : le th\u00e8me est tout trouv\u00e9 pour vous parler de cette semaine dans l'atelier ;) Les journ\u00e9es filent sans que je ne m'en rende compte en cette jolie saison, vos commandes de bouquet personnalis\u00e9 affluent \u2665 Et cela me permet de vous d\u00e9voiler pour chaque jolie\u2026","rel":"","context":"Dans &quot;Dans l'atelier&quot;","img":{"alt_text":"","src":"https:\/\/i0.wp.com\/www.mellecereza.fr\/blog\/wp-content\/uploads\/2014\/06\/90r-bouquet-de-mari\u00e9e-bijou-personnalis\u00e9-sur-mesure-bouquet-\u00e9ternel-cereza-deco.jpg?resize=350%2C200&ssl=1","width":350,"height":200},"classes":[]},{"id":4915,"url":"https:\/\/www.mellecereza.fr\/blog\/mariage-dentelle-perles-romantique-100\/","url_meta":{"origin":1675,"position":1},"title":"Mariage dentelle perles romantique \u00e0 100%","date":"16 avril 2016","format":false,"excerpt":"Mariage dentelle perles romantique Cette semaine l'atelier a fourmill\u00e9 sous vos jolies demandes et je fonds pour tous les bijoux et accessoires de princesse que vous avez choisi \u2665 Bref une semaine toute en mariage dentelle perles romantique ! \u00a0S\u00e9lectionner la dentelle de Calais d'un bijou de t\u00eate et broder\u2026","rel":"","context":"Dans &quot;Dans l'atelier&quot;","img":{"alt_text":"mariage dentelle perles romantique bijoux mariage cereza mademoiselle","src":"https:\/\/i0.wp.com\/www.mellecereza.fr\/blog\/wp-content\/uploads\/2016\/04\/60r-mariage-dentelle-perles-romantique-cereza-mademoiselle.jpg?resize=350%2C200&ssl=1","width":350,"height":200},"classes":[]},{"id":1066,"url":"https:\/\/www.mellecereza.fr\/blog\/mariage-sur-mesure-atelier\/","url_meta":{"origin":1675,"position":2},"title":"Mariage sur-mesure : dans l&rsquo;atelier #89","date":"22 juin 2014","format":false,"excerpt":"Des cr\u00e9ations mariage sur-mesure, vous le savez peut-\u00eatre - ou pas mais c'est l'occasion de l'apprendre ;) - c'est ma jolie sp\u00e9cialit\u00e9 Cr\u00e9er pour mes jolies mari\u00e9es les accessoires dont elles ont r\u00eav\u00e9, les personnaliser dans leurs couleurs ou leur th\u00e8me pour qu'ils soient juste ... parfaits, c'est ma jolie\u2026","rel":"","context":"Dans &quot;Dans l'atelier&quot;","img":{"alt_text":"","src":"https:\/\/i0.wp.com\/www.mellecereza.fr\/blog\/wp-content\/uploads\/2014\/06\/89r-mariage-color\u00e9-personnalis\u00e9-sur-mesure-bouquet-\u00e9ternel-cereza-deco.jpg?resize=350%2C200&ssl=1","width":350,"height":200},"classes":[]},{"id":5473,"url":"https:\/\/www.mellecereza.fr\/blog\/mariage-d-hiver-romantique-atelier-174\/","url_meta":{"origin":1675,"position":3},"title":"Mariage d&rsquo;hiver romantique, dans l&rsquo;atelier #174","date":"16 octobre 2016","format":false,"excerpt":"Mariage d'hiver romantique, une semaine dans l'atelier de Mademoiselle Cereza Les futures mari\u00e9es Mademoiselle Cereza ont choisi des coloris tout doux pour leur mariage d'hiver romantique : des rose p\u00e2le, rose poudr\u00e9, gris et blanc \u2665 Cette semaine l'atelier a pris des tons pastels, et j'ai une tendresse toute particuli\u00e8re\u2026","rel":"","context":"Dans &quot;Dans l'atelier&quot;","img":{"alt_text":"mariage d'hiver romantique Mademoiselle Cereza","src":"https:\/\/i0.wp.com\/www.mellecereza.fr\/blog\/wp-content\/uploads\/2016\/10\/74r-mariage-d-hiver-romantique-bijoux-accessoires-mariee-made-in-france-cereza-mademoiselle.jpg?resize=350%2C200&ssl=1","width":350,"height":200},"classes":[]},{"id":3227,"url":"https:\/\/www.mellecereza.fr\/blog\/mariage-nature-a-lyon-latelier-120\/","url_meta":{"origin":1675,"position":4},"title":"Mariage nature, \u00e0 Lyon, dans l&rsquo;atelier #120","date":"22 mars 2015","format":false,"excerpt":"Mariage nature, \u00e0 Lyon et . . . Une jolie & intense semaine s'est \u00e9coul\u00e9e dans l'atelier entre propositions pour un mariage nature champ\u00eatre, \u00e9changer avec une future mari\u00e9e musicienne et enfiler mes talons hauts pour filer parler mariage \u00e0 Lyon je n'ai pas vu le temps passer ! Petit\u2026","rel":"","context":"Dans &quot;Dans l'atelier&quot;","img":{"alt_text":"","src":"https:\/\/i0.wp.com\/www.mellecereza.fr\/blog\/wp-content\/uploads\/2015\/03\/120r-mariage-nature-\u00e0-Lyon-cereza-mademoiselle.jpg?resize=350%2C200&ssl=1","width":350,"height":200},"classes":[]},{"id":4829,"url":"https:\/\/www.mellecereza.fr\/blog\/mariage-boheme-romantique-latelier-156\/","url_meta":{"origin":1675,"position":5},"title":"Mariage boh\u00e8me romantique, l&rsquo;atelier #156","date":"6 mars 2016","format":false,"excerpt":"Mariage boh\u00e8me romantique \u00a0 Lorsqu'une amie me confie la cr\u00e9ation de son bouquet de mari\u00e9e \u00e9ternel original ... ... je passe directement en mode chamallow 24h\/24 et 7 j\/7 \u2665 Le th\u00e8me choisi par ma bride-to-be ador\u00e9e : un bouquet de mariage boh\u00e8me romantique \u2605\u2605\u00a0Un big big big kiss \u00e0\u2026","rel":"","context":"Dans &quot;Dans l'atelier&quot;","img":{"alt_text":"mariage boh\u00e8me romantique bijoux mariage accessoires cereza mademoiselle","src":"https:\/\/i0.wp.com\/www.mellecereza.fr\/blog\/wp-content\/uploads\/2016\/03\/56-mariage-boheme-romantique-bijoux-mariage-accessoires-cereza-mademoiselle.jpg?resize=350%2C200&ssl=1","width":350,"height":200},"classes":[]}],"_links":{"self":[{"href":"https:\/\/www.mellecereza.fr\/blog\/wp-json\/wp\/v2\/posts\/1675"}],"collection":[{"href":"https:\/\/www.mellecereza.fr\/blog\/wp-json\/wp\/v2\/posts"}],"about":[{"href":"https:\/\/www.mellecereza.fr\/blog\/wp-json\/wp\/v2\/types\/post"}],"author":[{"embeddable":true,"href":"https:\/\/www.mellecereza.fr\/blog\/wp-json\/wp\/v2\/users\/1"}],"replies":[{"embeddable":true,"href":"https:\/\/www.mellecereza.fr\/blog\/wp-json\/wp\/v2\/comments?post=1675"}],"version-history":[{"count":28,"href":"https:\/\/www.mellecereza.fr\/blog\/wp-json\/wp\/v2\/posts\/1675\/revisions"}],"predecessor-version":[{"id":6642,"href":"https:\/\/www.mellecereza.fr\/blog\/wp-json\/wp\/v2\/posts\/1675\/revisions\/6642"}],"wp:featuredmedia":[{"embeddable":true,"href":"https:\/\/www.mellecereza.fr\/blog\/wp-json\/wp\/v2\/media\/1676"}],"wp:attachment":[{"href":"https:\/\/www.mellecereza.fr\/blog\/wp-json\/wp\/v2\/media?parent=1675"}],"wp:term":[{"taxonomy":"category","embeddable":true,"href":"https:\/\/www.mellecereza.fr\/blog\/wp-json\/wp\/v2\/categories?post=1675"},{"taxonomy":"post_tag","embeddable":true,"href":"https:\/\/www.mellecereza.fr\/blog\/wp-json\/wp\/v2\/tags?post=1675"}],"curies":[{"name":"wp","href":"https:\/\/api.w.org\/{rel}","templated":true}]}}