{"id":1935,"date":"2014-10-19T19:52:56","date_gmt":"2014-10-19T17:52:56","guid":{"rendered":"http:\/\/www.mellecereza.fr\/blog\/?p=1935"},"modified":"2019-01-05T19:05:45","modified_gmt":"2019-01-05T17:05:45","slug":"inspirations-mariage-latelier-104","status":"publish","type":"post","link":"https:\/\/www.mellecereza.fr\/blog\/inspirations-mariage-latelier-104\/","title":{"rendered":"Inspirations mariage : dans l&rsquo;atelier #104"},"content":{"rendered":"<h5>Des inspirations mariage en pr\u00e9vision de la saison 2015 \ud83d\ude09<\/h5>\n<p><a href=\"https:\/\/www.mellecereza.fr\/blog\/wp-content\/uploads\/2014\/10\/103r-19-oct-inspiration-mariage-bijoux-accessoire-personnalis\u00e9-cereza-mademoiselle.jpg\"><img data-attachment-id=\"1936\" data-permalink=\"https:\/\/www.mellecereza.fr\/blog\/inspirations-mariage-latelier-104\/103r-19-oct-inspiration-mariage-bijoux-accessoire-personnalise-cereza-mademoiselle\/#main\" data-orig-file=\"https:\/\/www.mellecereza.fr\/blog\/wp-content\/uploads\/2014\/10\/103r-19-oct-inspiration-mariage-bijoux-accessoire-personnalis\u00e9-cereza-mademoiselle.jpg\" data-orig-size=\"2667,2000\" data-comments-opened=\"1\" data-image-meta=\"{&quot;aperture&quot;:&quot;0&quot;,&quot;credit&quot;:&quot;Picasa&quot;,&quot;camera&quot;:&quot;&quot;,&quot;caption&quot;:&quot;&quot;,&quot;created_timestamp&quot;:&quot;1413738108&quot;,&quot;copyright&quot;:&quot;&quot;,&quot;focal_length&quot;:&quot;0&quot;,&quot;iso&quot;:&quot;0&quot;,&quot;shutter_speed&quot;:&quot;0&quot;,&quot;title&quot;:&quot;&quot;}\" data-image-title=\" inspirations mariage bijoux accessoire personnalis\u00e9 cereza mademoiselle\" data-image-description=\"\" data-image-caption=\"\" data-medium-file=\"https:\/\/www.mellecereza.fr\/blog\/wp-content\/uploads\/2014\/10\/103r-19-oct-inspiration-mariage-bijoux-accessoire-personnalis\u00e9-cereza-mademoiselle-600x449.jpg\" data-large-file=\"https:\/\/www.mellecereza.fr\/blog\/wp-content\/uploads\/2014\/10\/103r-19-oct-inspiration-mariage-bijoux-accessoire-personnalis\u00e9-cereza-mademoiselle-1024x767.jpg\" decoding=\"async\" loading=\"lazy\" class=\"aligncenter size-medium wp-image-1936\" alt=\" inspirations mariage bijoux accessoire personnalis\u00e9 cereza mademoiselle\" src=\"https:\/\/www.mellecereza.fr\/blog\/wp-content\/uploads\/2014\/10\/103r-19-oct-inspiration-mariage-bijoux-accessoire-personnalis\u00e9-cereza-mademoiselle-600x449.jpg\" width=\"600\" height=\"449\" srcset=\"https:\/\/www.mellecereza.fr\/blog\/wp-content\/uploads\/2014\/10\/103r-19-oct-inspiration-mariage-bijoux-accessoire-personnalis\u00e9-cereza-mademoiselle-600x449.jpg 600w, https:\/\/www.mellecereza.fr\/blog\/wp-content\/uploads\/2014\/10\/103r-19-oct-inspiration-mariage-bijoux-accessoire-personnalis\u00e9-cereza-mademoiselle-450x337.jpg 450w, https:\/\/www.mellecereza.fr\/blog\/wp-content\/uploads\/2014\/10\/103r-19-oct-inspiration-mariage-bijoux-accessoire-personnalis\u00e9-cereza-mademoiselle-1024x767.jpg 1024w\" sizes=\"(max-width: 600px) 100vw, 600px\" \/><\/a><\/p>\n<p style=\"text-align: center;\"><strong>\u00a0Inspiration mariage r\u00e9tro<\/strong> : personnaliser une <a title=\"voilette mariee bijou de tete mariage\" href=\"https:\/\/www.mellecereza.fr\/bijoux-de-tete\/78-voilette-de-mariee-dentelle-perlee-calais-.html\"><strong>voilette pour la coiffure d&rsquo;une mari\u00e9e<\/strong><\/a> &#8230;<\/p>\n<p style=\"text-align: center;\"><a href=\"https:\/\/www.mellecereza.fr\/blog\/wp-content\/uploads\/2014\/10\/voilette-mari\u00e9e-dentelle-mariage-r\u00e9tro-accessoire-personnalis\u00e9-cereza-1.jpg\"><img data-attachment-id=\"1937\" data-permalink=\"https:\/\/www.mellecereza.fr\/blog\/inspirations-mariage-latelier-104\/voilette-mariee-dentelle-mariage-retro-accessoire-personnalise-cereza-1\/#main\" data-orig-file=\"https:\/\/www.mellecereza.fr\/blog\/wp-content\/uploads\/2014\/10\/voilette-mari\u00e9e-dentelle-mariage-r\u00e9tro-accessoire-personnalis\u00e9-cereza-1.jpg\" data-orig-size=\"642,1000\" data-comments-opened=\"1\" data-image-meta=\"{&quot;aperture&quot;:&quot;3.3&quot;,&quot;credit&quot;:&quot;&quot;,&quot;camera&quot;:&quot;DMC-TZ5&quot;,&quot;caption&quot;:&quot;&quot;,&quot;created_timestamp&quot;:&quot;1413308629&quot;,&quot;copyright&quot;:&quot;&quot;,&quot;focal_length&quot;:&quot;4.7&quot;,&quot;iso&quot;:&quot;100&quot;,&quot;shutter_speed&quot;:&quot;0.0333333333333&quot;,&quot;title&quot;:&quot;&quot;}\" data-image-title=\"inspirations mariage retro voilette mariee dentelle mariage vintage accessoire personnalise Mademoiselle cereza 1\" data-image-description=\"\" data-image-caption=\"\" data-medium-file=\"https:\/\/www.mellecereza.fr\/blog\/wp-content\/uploads\/2014\/10\/voilette-mari\u00e9e-dentelle-mariage-r\u00e9tro-accessoire-personnalis\u00e9-cereza-1-385x600.jpg\" data-large-file=\"https:\/\/www.mellecereza.fr\/blog\/wp-content\/uploads\/2014\/10\/voilette-mari\u00e9e-dentelle-mariage-r\u00e9tro-accessoire-personnalis\u00e9-cereza-1.jpg\" decoding=\"async\" loading=\"lazy\" class=\"aligncenter size-full wp-image-1937\" alt=\"inspirations mariage retro voilette mariee dentelle mariage vintage accessoire personnalise Mademoiselle cereza 1\" src=\"https:\/\/www.mellecereza.fr\/blog\/wp-content\/uploads\/2014\/10\/voilette-mari\u00e9e-dentelle-mariage-r\u00e9tro-accessoire-personnalis\u00e9-cereza-1.jpg\" width=\"642\" height=\"1000\" srcset=\"https:\/\/www.mellecereza.fr\/blog\/wp-content\/uploads\/2014\/10\/voilette-mari\u00e9e-dentelle-mariage-r\u00e9tro-accessoire-personnalis\u00e9-cereza-1.jpg 642w, https:\/\/www.mellecereza.fr\/blog\/wp-content\/uploads\/2014\/10\/voilette-mari\u00e9e-dentelle-mariage-r\u00e9tro-accessoire-personnalis\u00e9-cereza-1-288x450.jpg 288w, https:\/\/www.mellecereza.fr\/blog\/wp-content\/uploads\/2014\/10\/voilette-mari\u00e9e-dentelle-mariage-r\u00e9tro-accessoire-personnalis\u00e9-cereza-1-385x600.jpg 385w\" sizes=\"(max-width: 642px) 100vw, 642px\" \/><\/a><\/p>\n<p>&nbsp;<\/p>\n<p style=\"text-align: center;\">\u00a0&#8230; qui a eu un coup de coeur pour le <a title=\"bijou de tete floral dentelle ivoire mariage\" href=\"https:\/\/www.mellecereza.fr\/16-bijoux-de-tete\"><strong>bijou de t\u00eate<\/strong><\/a> floral dentelle que je vous pr\u00e9sentais la semaine derni\u00e8re<\/p>\n<p style=\"text-align: center;\"><a href=\"https:\/\/www.mellecereza.fr\/blog\/wp-content\/uploads\/2014\/10\/inspiration-mariage-r\u00e9tro-dentelle-bijou-de-t\u00eate-cereza-ivoire-1.jpg\"><img data-attachment-id=\"1938\" data-permalink=\"https:\/\/www.mellecereza.fr\/blog\/inspirations-mariage-latelier-104\/inspiration-mariage-retro-dentelle-bijou-de-tete-cereza-ivoire-1\/#main\" data-orig-file=\"https:\/\/www.mellecereza.fr\/blog\/wp-content\/uploads\/2014\/10\/inspiration-mariage-r\u00e9tro-dentelle-bijou-de-t\u00eate-cereza-ivoire-1.jpg\" data-orig-size=\"1000,998\" data-comments-opened=\"1\" data-image-meta=\"{&quot;aperture&quot;:&quot;3.3&quot;,&quot;credit&quot;:&quot;&quot;,&quot;camera&quot;:&quot;DMC-TZ5&quot;,&quot;caption&quot;:&quot;&quot;,&quot;created_timestamp&quot;:&quot;1413213415&quot;,&quot;copyright&quot;:&quot;&quot;,&quot;focal_length&quot;:&quot;4.7&quot;,&quot;iso&quot;:&quot;100&quot;,&quot;shutter_speed&quot;:&quot;0.01&quot;,&quot;title&quot;:&quot;&quot;}\" data-image-title=\"inspiration mariage retro dentelle bijou de tete Mademoiselle Cereza Deco ivoire 1\" data-image-description=\"\" data-image-caption=\"\" data-medium-file=\"https:\/\/www.mellecereza.fr\/blog\/wp-content\/uploads\/2014\/10\/inspiration-mariage-r\u00e9tro-dentelle-bijou-de-t\u00eate-cereza-ivoire-1-600x598.jpg\" data-large-file=\"https:\/\/www.mellecereza.fr\/blog\/wp-content\/uploads\/2014\/10\/inspiration-mariage-r\u00e9tro-dentelle-bijou-de-t\u00eate-cereza-ivoire-1.jpg\" decoding=\"async\" loading=\"lazy\" class=\"aligncenter size-medium wp-image-1938\" alt=\"inspiration mariage retro dentelle bijou de tete Mademoiselle Cereza Deco ivoire 1\" src=\"https:\/\/www.mellecereza.fr\/blog\/wp-content\/uploads\/2014\/10\/inspiration-mariage-r\u00e9tro-dentelle-bijou-de-t\u00eate-cereza-ivoire-1-600x598.jpg\" width=\"600\" height=\"598\" srcset=\"https:\/\/www.mellecereza.fr\/blog\/wp-content\/uploads\/2014\/10\/inspiration-mariage-r\u00e9tro-dentelle-bijou-de-t\u00eate-cereza-ivoire-1-600x598.jpg 600w, https:\/\/www.mellecereza.fr\/blog\/wp-content\/uploads\/2014\/10\/inspiration-mariage-r\u00e9tro-dentelle-bijou-de-t\u00eate-cereza-ivoire-1-450x450.jpg 450w, https:\/\/www.mellecereza.fr\/blog\/wp-content\/uploads\/2014\/10\/inspiration-mariage-r\u00e9tro-dentelle-bijou-de-t\u00eate-cereza-ivoire-1-210x210.jpg 210w, https:\/\/www.mellecereza.fr\/blog\/wp-content\/uploads\/2014\/10\/inspiration-mariage-r\u00e9tro-dentelle-bijou-de-t\u00eate-cereza-ivoire-1-60x60.jpg 60w, https:\/\/www.mellecereza.fr\/blog\/wp-content\/uploads\/2014\/10\/inspiration-mariage-r\u00e9tro-dentelle-bijou-de-t\u00eate-cereza-ivoire-1.jpg 1000w\" sizes=\"(max-width: 600px) 100vw, 600px\" \/><\/a><\/p>\n<p>&nbsp;<\/p>\n<p style=\"text-align: center;\">\u00a0Inspiration mariage plume avec un <strong>bijou de t\u00eate<\/strong> romantique qui se profile &#8230;<\/p>\n<p style=\"text-align: center;\"><a href=\"https:\/\/www.mellecereza.fr\/blog\/wp-content\/uploads\/2014\/10\/inspiration-accessoire-bijou-mariage-plume-vieux-rose-ivoire-cereza-1.jpg\"><img data-attachment-id=\"1939\" data-permalink=\"https:\/\/www.mellecereza.fr\/blog\/inspirations-mariage-latelier-104\/inspiration-accessoire-bijou-mariage-plume-vieux-rose-ivoire-cereza-1\/#main\" data-orig-file=\"https:\/\/www.mellecereza.fr\/blog\/wp-content\/uploads\/2014\/10\/inspiration-accessoire-bijou-mariage-plume-vieux-rose-ivoire-cereza-1.jpg\" data-orig-size=\"1000,1000\" data-comments-opened=\"1\" data-image-meta=\"{&quot;aperture&quot;:&quot;3.3&quot;,&quot;credit&quot;:&quot;&quot;,&quot;camera&quot;:&quot;DMC-TZ5&quot;,&quot;caption&quot;:&quot;&quot;,&quot;created_timestamp&quot;:&quot;1411212871&quot;,&quot;copyright&quot;:&quot;&quot;,&quot;focal_length&quot;:&quot;4.7&quot;,&quot;iso&quot;:&quot;200&quot;,&quot;shutter_speed&quot;:&quot;0.004&quot;,&quot;title&quot;:&quot;&quot;}\" data-image-title=\"inspirations mariage accessoire bijou mariage plume vieux rose ivoire cereza 1\" data-image-description=\"\" data-image-caption=\"\" data-medium-file=\"https:\/\/www.mellecereza.fr\/blog\/wp-content\/uploads\/2014\/10\/inspiration-accessoire-bijou-mariage-plume-vieux-rose-ivoire-cereza-1-600x600.jpg\" data-large-file=\"https:\/\/www.mellecereza.fr\/blog\/wp-content\/uploads\/2014\/10\/inspiration-accessoire-bijou-mariage-plume-vieux-rose-ivoire-cereza-1.jpg\" decoding=\"async\" loading=\"lazy\" class=\"aligncenter size-medium wp-image-1939\" alt=\"inspirations mariage accessoire bijou mariage plume vieux rose ivoire cereza 1\" src=\"https:\/\/www.mellecereza.fr\/blog\/wp-content\/uploads\/2014\/10\/inspiration-accessoire-bijou-mariage-plume-vieux-rose-ivoire-cereza-1-600x600.jpg\" width=\"600\" height=\"600\" srcset=\"https:\/\/www.mellecereza.fr\/blog\/wp-content\/uploads\/2014\/10\/inspiration-accessoire-bijou-mariage-plume-vieux-rose-ivoire-cereza-1-600x600.jpg 600w, https:\/\/www.mellecereza.fr\/blog\/wp-content\/uploads\/2014\/10\/inspiration-accessoire-bijou-mariage-plume-vieux-rose-ivoire-cereza-1-450x450.jpg 450w, https:\/\/www.mellecereza.fr\/blog\/wp-content\/uploads\/2014\/10\/inspiration-accessoire-bijou-mariage-plume-vieux-rose-ivoire-cereza-1-210x210.jpg 210w, https:\/\/www.mellecereza.fr\/blog\/wp-content\/uploads\/2014\/10\/inspiration-accessoire-bijou-mariage-plume-vieux-rose-ivoire-cereza-1-60x60.jpg 60w, https:\/\/www.mellecereza.fr\/blog\/wp-content\/uploads\/2014\/10\/inspiration-accessoire-bijou-mariage-plume-vieux-rose-ivoire-cereza-1.jpg 1000w\" sizes=\"(max-width: 600px) 100vw, 600px\" \/><\/a><\/p>\n<p style=\"text-align: center;\">\u00a0<strong>Inpiration mariage violet<\/strong> : personnalisation de bijoux de chaussures, la d\u00e9clinaison des <a href=\"https:\/\/www.mellecereza.fr\/15-bijoux-de-chaussure-clips\"><strong>shoe clips en violet<\/strong>\u00a0<\/a><\/p>\n<p style=\"text-align: center;\"><a href=\"https:\/\/www.mellecereza.fr\/blog\/wp-content\/uploads\/2014\/10\/bijou-de-chaussures-mariage-violet-customiser-escarpins-nude-cereza-4.jpg\"><img data-attachment-id=\"1940\" data-permalink=\"https:\/\/www.mellecereza.fr\/blog\/inspirations-mariage-latelier-104\/bijou-de-chaussures-mariage-violet-customiser-escarpins-nude-cereza-4\/#main\" data-orig-file=\"https:\/\/www.mellecereza.fr\/blog\/wp-content\/uploads\/2014\/10\/bijou-de-chaussures-mariage-violet-customiser-escarpins-nude-cereza-4.jpg\" data-orig-size=\"700,525\" data-comments-opened=\"1\" data-image-meta=\"{&quot;aperture&quot;:&quot;3.3&quot;,&quot;credit&quot;:&quot;&quot;,&quot;camera&quot;:&quot;DMC-TZ5&quot;,&quot;caption&quot;:&quot;&quot;,&quot;created_timestamp&quot;:&quot;1413371450&quot;,&quot;copyright&quot;:&quot;&quot;,&quot;focal_length&quot;:&quot;4.7&quot;,&quot;iso&quot;:&quot;100&quot;,&quot;shutter_speed&quot;:&quot;0.0125&quot;,&quot;title&quot;:&quot;&quot;}\" data-image-title=\"bijou de chaussures mariage violet customiser escarpins nude cereza 4\" data-image-description=\"\" data-image-caption=\"\" data-medium-file=\"https:\/\/www.mellecereza.fr\/blog\/wp-content\/uploads\/2014\/10\/bijou-de-chaussures-mariage-violet-customiser-escarpins-nude-cereza-4-600x450.jpg\" data-large-file=\"https:\/\/www.mellecereza.fr\/blog\/wp-content\/uploads\/2014\/10\/bijou-de-chaussures-mariage-violet-customiser-escarpins-nude-cereza-4.jpg\" decoding=\"async\" loading=\"lazy\" class=\"aligncenter size-medium wp-image-1940\" alt=\"bijou de chaussures mariage violet customiser escarpins nude cereza 4\" src=\"https:\/\/www.mellecereza.fr\/blog\/wp-content\/uploads\/2014\/10\/bijou-de-chaussures-mariage-violet-customiser-escarpins-nude-cereza-4-600x450.jpg\" width=\"600\" height=\"450\" srcset=\"https:\/\/www.mellecereza.fr\/blog\/wp-content\/uploads\/2014\/10\/bijou-de-chaussures-mariage-violet-customiser-escarpins-nude-cereza-4-600x450.jpg 600w, https:\/\/www.mellecereza.fr\/blog\/wp-content\/uploads\/2014\/10\/bijou-de-chaussures-mariage-violet-customiser-escarpins-nude-cereza-4-450x337.jpg 450w, https:\/\/www.mellecereza.fr\/blog\/wp-content\/uploads\/2014\/10\/bijou-de-chaussures-mariage-violet-customiser-escarpins-nude-cereza-4.jpg 700w\" sizes=\"(max-width: 600px) 100vw, 600px\" \/><\/a><\/p>\n<p style=\"text-align: center;\">\u00a0<strong>Inspiration mariage bleu roi &amp; blanc<\/strong>, un <a href=\"https:\/\/www.mellecereza.fr\/18-porte-alliance-simplicite\" target=\"_blank\"><strong>porte-alliance personnalis\u00e9<\/strong><\/a> tout sp\u00e9cialement pour un mariage d&rsquo;hiver<\/p>\n<p style=\"text-align: center;\"><a href=\"https:\/\/www.mellecereza.fr\/blog\/wp-content\/uploads\/2014\/10\/porte-alliance-personnalis\u00e9-brod\u00e9-nom-date-mari\u00e9s-bleu-roi-blanc-cereza-3.jpg\"><img data-attachment-id=\"1942\" data-permalink=\"https:\/\/www.mellecereza.fr\/blog\/inspirations-mariage-latelier-104\/porte-alliance-personnalise-brode-nom-date-maries-bleu-roi-blanc-cereza-3\/#main\" data-orig-file=\"https:\/\/www.mellecereza.fr\/blog\/wp-content\/uploads\/2014\/10\/porte-alliance-personnalis\u00e9-brod\u00e9-nom-date-mari\u00e9s-bleu-roi-blanc-cereza-3.jpg\" data-orig-size=\"700,525\" data-comments-opened=\"1\" data-image-meta=\"{&quot;aperture&quot;:&quot;3.3&quot;,&quot;credit&quot;:&quot;&quot;,&quot;camera&quot;:&quot;DMC-TZ5&quot;,&quot;caption&quot;:&quot;&quot;,&quot;created_timestamp&quot;:&quot;1413459405&quot;,&quot;copyright&quot;:&quot;&quot;,&quot;focal_length&quot;:&quot;4.7&quot;,&quot;iso&quot;:&quot;100&quot;,&quot;shutter_speed&quot;:&quot;0.008&quot;,&quot;title&quot;:&quot;&quot;}\" data-image-title=\"porte alliance personnalise bleu roi blanc cereza 3\" data-image-description=\"\" data-image-caption=\"\" data-medium-file=\"https:\/\/www.mellecereza.fr\/blog\/wp-content\/uploads\/2014\/10\/porte-alliance-personnalis\u00e9-brod\u00e9-nom-date-mari\u00e9s-bleu-roi-blanc-cereza-3-600x450.jpg\" data-large-file=\"https:\/\/www.mellecereza.fr\/blog\/wp-content\/uploads\/2014\/10\/porte-alliance-personnalis\u00e9-brod\u00e9-nom-date-mari\u00e9s-bleu-roi-blanc-cereza-3.jpg\" decoding=\"async\" loading=\"lazy\" class=\"aligncenter size-medium wp-image-1942\" alt=\"porte alliance personnalise bleu roi blanc cereza 3\" src=\"https:\/\/www.mellecereza.fr\/blog\/wp-content\/uploads\/2014\/10\/porte-alliance-personnalis\u00e9-brod\u00e9-nom-date-mari\u00e9s-bleu-roi-blanc-cereza-3-600x450.jpg\" width=\"600\" height=\"450\" srcset=\"https:\/\/www.mellecereza.fr\/blog\/wp-content\/uploads\/2014\/10\/porte-alliance-personnalis\u00e9-brod\u00e9-nom-date-mari\u00e9s-bleu-roi-blanc-cereza-3-600x450.jpg 600w, https:\/\/www.mellecereza.fr\/blog\/wp-content\/uploads\/2014\/10\/porte-alliance-personnalis\u00e9-brod\u00e9-nom-date-mari\u00e9s-bleu-roi-blanc-cereza-3-450x337.jpg 450w, https:\/\/www.mellecereza.fr\/blog\/wp-content\/uploads\/2014\/10\/porte-alliance-personnalis\u00e9-brod\u00e9-nom-date-mari\u00e9s-bleu-roi-blanc-cereza-3.jpg 700w\" sizes=\"(max-width: 600px) 100vw, 600px\" \/><\/a><\/p>\n<p style=\"text-align: center;\">\u00a0Inspirations mariage petit budget : les <strong>fins de collections<\/strong> sont \u00e0 prix doux en boutique<\/p>\n<p style=\"text-align: center;\"><a href=\"https:\/\/www.mellecereza.fr\/blog\/wp-content\/uploads\/2014\/10\/fin-de-s\u00e9rie-sept-2014-cereza-4.jpg\"><img data-attachment-id=\"1943\" data-permalink=\"https:\/\/www.mellecereza.fr\/blog\/inspirations-mariage-latelier-104\/fin-de-serie-sept-2014-cereza-4\/#main\" data-orig-file=\"https:\/\/www.mellecereza.fr\/blog\/wp-content\/uploads\/2014\/10\/fin-de-s\u00e9rie-sept-2014-cereza-4.jpg\" data-orig-size=\"1000,1000\" data-comments-opened=\"1\" data-image-meta=\"{&quot;aperture&quot;:&quot;0&quot;,&quot;credit&quot;:&quot;Picasa&quot;,&quot;camera&quot;:&quot;&quot;,&quot;caption&quot;:&quot;&quot;,&quot;created_timestamp&quot;:&quot;1411540339&quot;,&quot;copyright&quot;:&quot;&quot;,&quot;focal_length&quot;:&quot;0&quot;,&quot;iso&quot;:&quot;0&quot;,&quot;shutter_speed&quot;:&quot;0&quot;,&quot;title&quot;:&quot;&quot;}\" data-image-title=\"fin de serie sept 2014 cereza 4\" data-image-description=\"\" data-image-caption=\"\" data-medium-file=\"https:\/\/www.mellecereza.fr\/blog\/wp-content\/uploads\/2014\/10\/fin-de-s\u00e9rie-sept-2014-cereza-4-600x600.jpg\" data-large-file=\"https:\/\/www.mellecereza.fr\/blog\/wp-content\/uploads\/2014\/10\/fin-de-s\u00e9rie-sept-2014-cereza-4.jpg\" decoding=\"async\" loading=\"lazy\" class=\"aligncenter size-medium wp-image-1943\" alt=\"fin de serie sept 2014 cereza 4\" src=\"https:\/\/www.mellecereza.fr\/blog\/wp-content\/uploads\/2014\/10\/fin-de-s\u00e9rie-sept-2014-cereza-4-600x600.jpg\" width=\"600\" height=\"600\" srcset=\"https:\/\/www.mellecereza.fr\/blog\/wp-content\/uploads\/2014\/10\/fin-de-s\u00e9rie-sept-2014-cereza-4-600x600.jpg 600w, https:\/\/www.mellecereza.fr\/blog\/wp-content\/uploads\/2014\/10\/fin-de-s\u00e9rie-sept-2014-cereza-4-450x450.jpg 450w, https:\/\/www.mellecereza.fr\/blog\/wp-content\/uploads\/2014\/10\/fin-de-s\u00e9rie-sept-2014-cereza-4-210x210.jpg 210w, https:\/\/www.mellecereza.fr\/blog\/wp-content\/uploads\/2014\/10\/fin-de-s\u00e9rie-sept-2014-cereza-4-60x60.jpg 60w, https:\/\/www.mellecereza.fr\/blog\/wp-content\/uploads\/2014\/10\/fin-de-s\u00e9rie-sept-2014-cereza-4.jpg 1000w\" sizes=\"(max-width: 600px) 100vw, 600px\" \/><\/a><\/p>\n<p style=\"text-align: center;\">\u00a0<strong><a title=\"Mariage bleu ciel, ivoire et blanc carnet d\u2019inspiration #2\" href=\"https:\/\/www.mellecereza.fr\/blog\/mariage-bleu-ciel-ivoire-et-blanc\/\">Inspirations mariage bleu ciel et ivoire<\/a><\/strong> avec une planche d&rsquo;inspiration pastel pleine de jolies id\u00e9es publi\u00e9e sur le blog<\/p>\n<p style=\"text-align: center;\"><a href=\"https:\/\/www.mellecereza.fr\/blog\/wp-content\/uploads\/2014\/10\/keira-knightley-robe-de-mari\u00e9e-originale-mariage-ivoire-bleu-ciel-couleurs-poudr\u00e9es.jpg\"><img data-attachment-id=\"1904\" data-permalink=\"https:\/\/www.mellecereza.fr\/blog\/?attachment_id=1904#main\" data-orig-file=\"https:\/\/www.mellecereza.fr\/blog\/wp-content\/uploads\/2014\/10\/keira-knightley-robe-de-mari\u00e9e-originale-mariage-ivoire-bleu-ciel-couleurs-poudr\u00e9es.jpg\" data-orig-size=\"712,620\" data-comments-opened=\"1\" data-image-meta=\"{&quot;aperture&quot;:&quot;0&quot;,&quot;credit&quot;:&quot;&quot;,&quot;camera&quot;:&quot;&quot;,&quot;caption&quot;:&quot;&quot;,&quot;created_timestamp&quot;:&quot;0&quot;,&quot;copyright&quot;:&quot;&quot;,&quot;focal_length&quot;:&quot;0&quot;,&quot;iso&quot;:&quot;0&quot;,&quot;shutter_speed&quot;:&quot;0&quot;,&quot;title&quot;:&quot;&quot;}\" data-image-title=\"keira knightley robe de mari\u00e9e originale mariage ivoire bleu ciel couleurs poudr\u00e9es\" data-image-description=\"\" data-image-caption=\"\" data-medium-file=\"https:\/\/www.mellecereza.fr\/blog\/wp-content\/uploads\/2014\/10\/keira-knightley-robe-de-mari\u00e9e-originale-mariage-ivoire-bleu-ciel-couleurs-poudr\u00e9es-600x522.jpg\" data-large-file=\"https:\/\/www.mellecereza.fr\/blog\/wp-content\/uploads\/2014\/10\/keira-knightley-robe-de-mari\u00e9e-originale-mariage-ivoire-bleu-ciel-couleurs-poudr\u00e9es.jpg\" decoding=\"async\" loading=\"lazy\" class=\"aligncenter size-medium wp-image-1904\" alt=\"keira knightley robe de mari\u00e9e originale mariage ivoire bleu ciel couleurs poudr\u00e9es\" src=\"https:\/\/www.mellecereza.fr\/blog\/wp-content\/uploads\/2014\/10\/keira-knightley-robe-de-mari\u00e9e-originale-mariage-ivoire-bleu-ciel-couleurs-poudr\u00e9es-600x522.jpg\" width=\"600\" height=\"522\" srcset=\"https:\/\/www.mellecereza.fr\/blog\/wp-content\/uploads\/2014\/10\/keira-knightley-robe-de-mari\u00e9e-originale-mariage-ivoire-bleu-ciel-couleurs-poudr\u00e9es-600x522.jpg 600w, https:\/\/www.mellecereza.fr\/blog\/wp-content\/uploads\/2014\/10\/keira-knightley-robe-de-mari\u00e9e-originale-mariage-ivoire-bleu-ciel-couleurs-poudr\u00e9es-450x391.jpg 450w, https:\/\/www.mellecereza.fr\/blog\/wp-content\/uploads\/2014\/10\/keira-knightley-robe-de-mari\u00e9e-originale-mariage-ivoire-bleu-ciel-couleurs-poudr\u00e9es.jpg 712w\" sizes=\"(max-width: 600px) 100vw, 600px\" \/><\/a><\/p>\n<p>&nbsp;<\/p>\n<p style=\"text-align: center;\"><span style=\"font-size: medium;\">\u00a0J&rsquo;esp\u00e8re que cette semaine a \u00e9t\u00e9 aussi inspir\u00e9e de jolies choses chez vous !<\/span><\/p>\n<p><span style=\"font-size: x-small;\">Cette semaine a \u00e9galement \u00e9t\u00e9 mise en images dans les ateliers de<\/span><\/p>\n<p><span style=\"font-size: x-small;\">Lara, J\u2019en ai pas l\u2019air :<a href=\"http:\/\/www.jenaipaslair.fr\/de-nouvelles-broderies-pour-une-nouvelle-saison\/\" target=\"_blank\">\u00a0<\/a><a href=\"http:\/\/www.jenaipaslair.fr\/newsite\/sac-chaperon-rouge\/\" target=\"_blank\">sac chaperon rouge<\/a><\/span><\/p>\n<p><span style=\"font-size: x-small;\">Virginie, Lili &amp; le Scarab\u00e9e ROz :\u00a0<a href=\"http:\/\/www.lilietlescarabeeroz.com\/blog\/2014\/10\/20\/semaine-latelier-91\/\" target=\"_blank\">cr\u00e9atrice de bijoux\u00a0<\/a><\/span><\/p>\n<p><span style=\"font-size: x-small;\">Pascale, Gazouillis &amp; Cie :<a href=\"http:\/\/blog.gazouillisetcie.fr\/2014\/09\/29\/une-semaine-a-latelier-78-tricoter-pour-bebe-et-jolie-rencontre-sur-la-route-des-vacances\/\" target=\"_blank\">\u00a0<\/a><a href=\"http:\/\/blog.gazouillisetcie.fr\/2014\/10\/19\/une-semaine-a-latelier-79-tricoter-des-bonnetsaccessoires-pour-bebe\/\" target=\"_blank\">tricoter des bonnets accessoires pour b\u00e9b\u00e9<\/a><\/span><\/p>\n<p><span style=\"font-size: x-small;\">Ad\u00e8le, la malle d\u2019Ad\u00e8le,\u00a0bijoux po\u00e9tiques<\/span><\/p>\n<p><span style=\"font-size: x-small;\">Isabelle, Dessine-moi un pr\u00e9nom :\u00a0<a href=\"http:\/\/blog.dessine-moi-un-prenom.com\/ma-semaine-a-latelier-91-2\/\" target=\"_blank\">tableaux personnalis\u00e9s pour enfants et grands<\/a><\/span><\/p>\n<p><span style=\"font-size: x-small;\">Florence, Brodi Broda :\u00a0<a href=\"http:\/\/leblogbrodibroda.canalblog.com\/archives\/2014\/10\/18\/30790533.html\" target=\"_blank\">cadeaux b\u00e9b\u00e9 et enfants personnalis\u00e9s<\/a><\/span><\/p>\n<p><span style=\"font-size: x-small;\">Adeline,\u00a0<a href=\"http:\/\/www.lepetitmondedelilaxel.com\/2014\/10\/semaine-latelier-8\/\" target=\"_blank\">Le petit monde de Lilaxel<\/a><\/span><\/p>\n<p><span style=\"font-size: x-small;\">Delphine,\u00a0D\u00e9esse Bijoux<\/span><\/p>\n<p><span style=\"font-size: x-small;\">Aline, La Caverne \u00e0 Cr\u00e9ations :\u00a0<a href=\"http:\/\/la-caverne-a-creations.over-blog.com\/article-ma-semaine-a-l-atelier-semaine-30-2014-124817620.html\" target=\"_blank\">bola de grossesse octobre rose<\/a><\/span><\/p>\n<p><span style=\"font-size: x-small;\">\u00a0<\/span><\/p>\n<p>&nbsp;<\/p>\n<div class=\"post_signature\"><img src=\"https:\/\/www.mellecereza.fr\/blog\/wp-content\/uploads\/2020\/02\/sign-200-FEV-15d1.png\" \/><\/div>","protected":false},"excerpt":{"rendered":"<p>Des inspirations mariage en pr\u00e9vision de la saison 2015 \ud83d\ude09 \u00a0Inspiration mariage r\u00e9tro : personnaliser une voilette pour la coiffure d&rsquo;une mari\u00e9e &#8230; &nbsp; \u00a0&#8230; qui a eu un coup de coeur pour le bijou de t\u00eate floral dentelle que&#8230;<\/p>\n","protected":false},"author":1,"featured_media":1936,"comment_status":"open","ping_status":"open","sticky":false,"template":"","format":"standard","meta":{"jetpack_post_was_ever_published":false,"jetpack_publicize_message":"","jetpack_is_tweetstorm":false,"jetpack_publicize_feature_enabled":true,"jetpack_social_post_already_shared":true,"jetpack_social_options":{"image_generator_settings":{"template":"highway","enabled":false}}},"categories":[19],"tags":[179,80,178,139,176,27,177],"jetpack_publicize_connections":[],"yoast_head":"<!-- This site is optimized with the Yoast SEO plugin v20.3 - https:\/\/yoast.com\/wordpress\/plugins\/seo\/ -->\n<title>Inspirations mariage : dans l&#039;atelier #104 - Melle Cereza blog mariage original<\/title>\n<meta name=\"robots\" content=\"index, follow, max-snippet:-1, max-image-preview:large, max-video-preview:-1\" \/>\n<link rel=\"canonical\" href=\"https:\/\/www.mellecereza.fr\/blog\/inspirations-mariage-latelier-104\/\" \/>\n<meta property=\"og:locale\" content=\"fr_FR\" \/>\n<meta property=\"og:type\" content=\"article\" \/>\n<meta property=\"og:title\" content=\"Inspirations mariage : dans l&#039;atelier #104 - Melle Cereza blog mariage original\" \/>\n<meta property=\"og:description\" content=\"Des inspirations mariage en pr\u00e9vision de la saison 2015 \ud83d\ude09 \u00a0Inspiration mariage r\u00e9tro : personnaliser une voilette pour la coiffure d&rsquo;une mari\u00e9e &#8230; &nbsp; \u00a0&#8230; qui a eu un coup de coeur pour le bijou de t\u00eate floral dentelle que...\" \/>\n<meta property=\"og:url\" content=\"https:\/\/www.mellecereza.fr\/blog\/inspirations-mariage-latelier-104\/\" \/>\n<meta property=\"og:site_name\" content=\"Melle Cereza blog mariage original\" \/>\n<meta property=\"article:published_time\" content=\"2014-10-19T17:52:56+00:00\" \/>\n<meta property=\"article:modified_time\" content=\"2019-01-05T17:05:45+00:00\" \/>\n<meta property=\"og:image\" content=\"https:\/\/www.mellecereza.fr\/blog\/wp-content\/uploads\/2014\/10\/103r-19-oct-inspiration-mariage-bijoux-accessoire-personnalis\u00e9-cereza-mademoiselle-1024x767.jpg\" \/>\n\t<meta property=\"og:image:width\" content=\"1024\" \/>\n\t<meta property=\"og:image:height\" content=\"767\" \/>\n\t<meta property=\"og:image:type\" content=\"image\/jpeg\" \/>\n<meta name=\"author\" content=\"Cerise\" \/>\n<meta name=\"twitter:label1\" content=\"\u00c9crit par\" \/>\n\t<meta name=\"twitter:data1\" content=\"Cerise\" \/>\n\t<meta name=\"twitter:label2\" content=\"Dur\u00e9e de lecture estim\u00e9e\" \/>\n\t<meta name=\"twitter:data2\" content=\"1 minute\" \/>\n<script type=\"application\/ld+json\" class=\"yoast-schema-graph\">{\"@context\":\"https:\/\/schema.org\",\"@graph\":[{\"@type\":\"WebPage\",\"@id\":\"https:\/\/www.mellecereza.fr\/blog\/inspirations-mariage-latelier-104\/\",\"url\":\"https:\/\/www.mellecereza.fr\/blog\/inspirations-mariage-latelier-104\/\",\"name\":\"Inspirations mariage : dans l'atelier #104 - Melle Cereza blog mariage original\",\"isPartOf\":{\"@id\":\"https:\/\/www.mellecereza.fr\/blog\/#website\"},\"datePublished\":\"2014-10-19T17:52:56+00:00\",\"dateModified\":\"2019-01-05T17:05:45+00:00\",\"author\":{\"@id\":\"https:\/\/www.mellecereza.fr\/blog\/#\/schema\/person\/3ad20d39d7b07a33b39c2e111d852118\"},\"breadcrumb\":{\"@id\":\"https:\/\/www.mellecereza.fr\/blog\/inspirations-mariage-latelier-104\/#breadcrumb\"},\"inLanguage\":\"fr-FR\",\"potentialAction\":[{\"@type\":\"ReadAction\",\"target\":[\"https:\/\/www.mellecereza.fr\/blog\/inspirations-mariage-latelier-104\/\"]}]},{\"@type\":\"BreadcrumbList\",\"@id\":\"https:\/\/www.mellecereza.fr\/blog\/inspirations-mariage-latelier-104\/#breadcrumb\",\"itemListElement\":[{\"@type\":\"ListItem\",\"position\":1,\"name\":\"Accueil\",\"item\":\"https:\/\/www.mellecereza.fr\/blog\/\"},{\"@type\":\"ListItem\",\"position\":2,\"name\":\"Inspirations mariage : dans l&rsquo;atelier #104\"}]},{\"@type\":\"WebSite\",\"@id\":\"https:\/\/www.mellecereza.fr\/blog\/#website\",\"url\":\"https:\/\/www.mellecereza.fr\/blog\/\",\"name\":\"Melle Cereza blog mariage original\",\"description\":\"Id\u00e9es et inspirations pour un joli mariage original, id\u00e9es d\u00e9co, bouquet, bijoux &amp; accessoires\",\"potentialAction\":[{\"@type\":\"SearchAction\",\"target\":{\"@type\":\"EntryPoint\",\"urlTemplate\":\"https:\/\/www.mellecereza.fr\/blog\/?s={search_term_string}\"},\"query-input\":\"required name=search_term_string\"}],\"inLanguage\":\"fr-FR\"},{\"@type\":\"Person\",\"@id\":\"https:\/\/www.mellecereza.fr\/blog\/#\/schema\/person\/3ad20d39d7b07a33b39c2e111d852118\",\"name\":\"Cerise\",\"image\":{\"@type\":\"ImageObject\",\"inLanguage\":\"fr-FR\",\"@id\":\"https:\/\/www.mellecereza.fr\/blog\/#\/schema\/person\/image\/\",\"url\":\"https:\/\/secure.gravatar.com\/avatar\/f8aa59be965caf71440dfd118dcb3362?s=96&d=identicon&r=g\",\"contentUrl\":\"https:\/\/secure.gravatar.com\/avatar\/f8aa59be965caf71440dfd118dcb3362?s=96&d=identicon&r=g\",\"caption\":\"Cerise\"},\"url\":\"https:\/\/www.mellecereza.fr\/blog\/author\/cerise\/\"}]}<\/script>\n<!-- \/ Yoast SEO plugin. -->","yoast_head_json":{"title":"Inspirations mariage : dans l'atelier #104 - Melle Cereza blog mariage original","robots":{"index":"index","follow":"follow","max-snippet":"max-snippet:-1","max-image-preview":"max-image-preview:large","max-video-preview":"max-video-preview:-1"},"canonical":"https:\/\/www.mellecereza.fr\/blog\/inspirations-mariage-latelier-104\/","og_locale":"fr_FR","og_type":"article","og_title":"Inspirations mariage : dans l'atelier #104 - Melle Cereza blog mariage original","og_description":"Des inspirations mariage en pr\u00e9vision de la saison 2015 \ud83d\ude09 \u00a0Inspiration mariage r\u00e9tro : personnaliser une voilette pour la coiffure d&rsquo;une mari\u00e9e &#8230; &nbsp; \u00a0&#8230; qui a eu un coup de coeur pour le bijou de t\u00eate floral dentelle que...","og_url":"https:\/\/www.mellecereza.fr\/blog\/inspirations-mariage-latelier-104\/","og_site_name":"Melle Cereza blog mariage original","article_published_time":"2014-10-19T17:52:56+00:00","article_modified_time":"2019-01-05T17:05:45+00:00","og_image":[{"width":1024,"height":767,"url":"https:\/\/www.mellecereza.fr\/blog\/wp-content\/uploads\/2014\/10\/103r-19-oct-inspiration-mariage-bijoux-accessoire-personnalis\u00e9-cereza-mademoiselle-1024x767.jpg","type":"image\/jpeg"}],"author":"Cerise","twitter_misc":{"\u00c9crit par":"Cerise","Dur\u00e9e de lecture estim\u00e9e":"1 minute"},"schema":{"@context":"https:\/\/schema.org","@graph":[{"@type":"WebPage","@id":"https:\/\/www.mellecereza.fr\/blog\/inspirations-mariage-latelier-104\/","url":"https:\/\/www.mellecereza.fr\/blog\/inspirations-mariage-latelier-104\/","name":"Inspirations mariage : dans l'atelier #104 - Melle Cereza blog mariage original","isPartOf":{"@id":"https:\/\/www.mellecereza.fr\/blog\/#website"},"datePublished":"2014-10-19T17:52:56+00:00","dateModified":"2019-01-05T17:05:45+00:00","author":{"@id":"https:\/\/www.mellecereza.fr\/blog\/#\/schema\/person\/3ad20d39d7b07a33b39c2e111d852118"},"breadcrumb":{"@id":"https:\/\/www.mellecereza.fr\/blog\/inspirations-mariage-latelier-104\/#breadcrumb"},"inLanguage":"fr-FR","potentialAction":[{"@type":"ReadAction","target":["https:\/\/www.mellecereza.fr\/blog\/inspirations-mariage-latelier-104\/"]}]},{"@type":"BreadcrumbList","@id":"https:\/\/www.mellecereza.fr\/blog\/inspirations-mariage-latelier-104\/#breadcrumb","itemListElement":[{"@type":"ListItem","position":1,"name":"Accueil","item":"https:\/\/www.mellecereza.fr\/blog\/"},{"@type":"ListItem","position":2,"name":"Inspirations mariage : dans l&rsquo;atelier #104"}]},{"@type":"WebSite","@id":"https:\/\/www.mellecereza.fr\/blog\/#website","url":"https:\/\/www.mellecereza.fr\/blog\/","name":"Melle Cereza blog mariage original","description":"Id\u00e9es et inspirations pour un joli mariage original, id\u00e9es d\u00e9co, bouquet, bijoux &amp; accessoires","potentialAction":[{"@type":"SearchAction","target":{"@type":"EntryPoint","urlTemplate":"https:\/\/www.mellecereza.fr\/blog\/?s={search_term_string}"},"query-input":"required name=search_term_string"}],"inLanguage":"fr-FR"},{"@type":"Person","@id":"https:\/\/www.mellecereza.fr\/blog\/#\/schema\/person\/3ad20d39d7b07a33b39c2e111d852118","name":"Cerise","image":{"@type":"ImageObject","inLanguage":"fr-FR","@id":"https:\/\/www.mellecereza.fr\/blog\/#\/schema\/person\/image\/","url":"https:\/\/secure.gravatar.com\/avatar\/f8aa59be965caf71440dfd118dcb3362?s=96&d=identicon&r=g","contentUrl":"https:\/\/secure.gravatar.com\/avatar\/f8aa59be965caf71440dfd118dcb3362?s=96&d=identicon&r=g","caption":"Cerise"},"url":"https:\/\/www.mellecereza.fr\/blog\/author\/cerise\/"}]}},"jetpack_featured_media_url":"https:\/\/www.mellecereza.fr\/blog\/wp-content\/uploads\/2014\/10\/103r-19-oct-inspiration-mariage-bijoux-accessoire-personnalis\u00e9-cereza-mademoiselle.jpg","jetpack_shortlink":"https:\/\/wp.me\/p4ptN6-vd","jetpack_sharing_enabled":true,"jetpack-related-posts":[{"id":5167,"url":"https:\/\/www.mellecereza.fr\/blog\/bijou-fleur-latelier-168\/","url_meta":{"origin":1935,"position":0},"title":"Bijou fleur, l&rsquo;atelier #168","date":"12 juin 2016","format":false,"excerpt":"Bijou fleur dans l'atelier Tic Tac, Tic Tac ... dans quelques jours Mademoiselle Cereza va souffler ses bougies mais en attendant l'atelier s'est par\u00e9 de jolies couleurs en bijou fleur. Vous venez faire le tour de la semaine dans l'atelier en photos ? \u00a0Pr\u00e9parer un bijou fleur rose fuchsia pour\u2026","rel":"","context":"Dans &quot;Dans l'atelier&quot;","img":{"alt_text":"bijou fleur bijou mariage mademoiselle cereza","src":"https:\/\/i0.wp.com\/www.mellecereza.fr\/blog\/wp-content\/uploads\/2016\/06\/68r-bijoux-fleurs-mariage-cereza-mademoiselle.jpg?resize=350%2C200&ssl=1","width":350,"height":200},"classes":[]},{"id":1779,"url":"https:\/\/www.mellecereza.fr\/blog\/mariage-plume\/","url_meta":{"origin":1935,"position":1},"title":"Mariage plume : secrets d&rsquo;atelier en volupt\u00e9 #101","date":"28 septembre 2014","format":false,"excerpt":"Mariage plume ... douceur, l\u00e9g\u00e8ret\u00e9, d\u00e9licatesse, une semaine toute en jolies poses dans l'atelier Les plumes ont pris possession de l'atelier ces derniers jours : revoir les bijoux existants, agencer, ajuster, placer ces plumes d\u00e9licates pour les voir se transformer en accessoires, relever et donner ces adorables mouvement aux bouquets\u2026","rel":"","context":"Dans &quot;Dans l'atelier&quot;","img":{"alt_text":"","src":"https:\/\/i0.wp.com\/www.mellecereza.fr\/blog\/wp-content\/uploads\/2014\/09\/100-27-sept-mariage-sur-mesure-personnalis\u00e9-dentelle-collection-2015-cereza-deco-2r.jpg?resize=350%2C200&ssl=1","width":350,"height":200},"classes":[]},{"id":192,"url":"https:\/\/www.mellecereza.fr\/blog\/mariage-rose-poudre-et-mariage-cabaret\/","url_meta":{"origin":1935,"position":2},"title":"Mariage rose poudr\u00e9 et mariage cabaret Une semaine \u00e0 l&rsquo;atelier #74","date":"9 mars 2014","format":false,"excerpt":"Hello Ladies & Grooms ! Une semaine qui a virevolt\u00e9 autour du rose pour un mariage rose poudr\u00e9 et un mariage cabaret Mais avant de vous parler de la vie en rose une nouvelle page s'ouvre avec cette semaine \u00e0 l'atelier puisque je vous accueille sur le tout nouveau (et\u2026","rel":"","context":"Dans &quot;Dans l'atelier&quot;","img":{"alt_text":"","src":"https:\/\/i0.wp.com\/www.mellecereza.fr\/blog\/wp-content\/uploads\/2014\/03\/74r-9-mars-mariage-rose-poudr\u00e9-noir-cabaret-bouquet-de-mari\u00e9e-original-plumes-strass-voilette-personnalis\u00e9-sur-mesure-bijou-cereza-deco.jpg?resize=350%2C200&ssl=1","width":350,"height":200},"classes":[]},{"id":1109,"url":"https:\/\/www.mellecereza.fr\/blog\/bouquet-mariee-bijou-latelier-90\/","url_meta":{"origin":1935,"position":3},"title":"Bouquet de mari\u00e9e bijou : dans l&rsquo;atelier #90","date":"30 juin 2014","format":false,"excerpt":"Bouquet de mari\u00e9e bijou : le th\u00e8me est tout trouv\u00e9 pour vous parler de cette semaine dans l'atelier ;) Les journ\u00e9es filent sans que je ne m'en rende compte en cette jolie saison, vos commandes de bouquet personnalis\u00e9 affluent \u2665 Et cela me permet de vous d\u00e9voiler pour chaque jolie\u2026","rel":"","context":"Dans &quot;Dans l'atelier&quot;","img":{"alt_text":"","src":"https:\/\/i0.wp.com\/www.mellecereza.fr\/blog\/wp-content\/uploads\/2014\/06\/90r-bouquet-de-mari\u00e9e-bijou-personnalis\u00e9-sur-mesure-bouquet-\u00e9ternel-cereza-deco.jpg?resize=350%2C200&ssl=1","width":350,"height":200},"classes":[]},{"id":2382,"url":"https:\/\/www.mellecereza.fr\/blog\/mariage-turquoise-blanc-plumes\/","url_meta":{"origin":1935,"position":4},"title":"Mariage turquoise, blanc et plumes l&rsquo;atelier #110","date":"21 d\u00e9cembre 2014","format":false,"excerpt":"Un mariage turquoise, blanc et plumes ... Tandis que vous \u00eates parties \u00e0 la recherche de vos cadeaux de No\u00ebl, l'atelier mariage a fourmill\u00e9 afin de cr\u00e9er les accessoires d'un mariage turquoise, blanc et plumes. Une future mari\u00e9e qui m'a avou\u00e9 \u00eatre tr\u00e8s classique dans ses go\u00fbts et qui a\u2026","rel":"","context":"Dans &quot;Dans l'atelier&quot;","img":{"alt_text":"","src":"https:\/\/i0.wp.com\/www.mellecereza.fr\/blog\/wp-content\/uploads\/2014\/12\/110r-mariage-turquoise-blanc-plumes-strass-cristal-bijoux-accesoires-cereza.jpg?resize=350%2C200&ssl=1","width":350,"height":200},"classes":[]},{"id":1187,"url":"https:\/\/www.mellecereza.fr\/blog\/fleurs-bijoux-mariage-latelier-92\/","url_meta":{"origin":1935,"position":5},"title":"Fleurs bijoux de mariage : dans l&rsquo;atelier #92","date":"14 juillet 2014","format":false,"excerpt":"Des fleurs bijoux de mariage c'\u00e9tait mon joli programme de cette semaine dans l'atelier ;) \u00a0Je vous emm\u00e8ne d\u00e9couvrir les d\u00e9licats bijoux de la semaine ? \u00a0Mais avant de passer aux jolies fleurs bijoux de mariage ... souhaiter tout le bonheur du monde aux mari\u00e9es de ce 12 juillet, et\u2026","rel":"","context":"Dans &quot;Dans l'atelier&quot;","img":{"alt_text":"","src":"https:\/\/i0.wp.com\/www.mellecereza.fr\/blog\/wp-content\/uploads\/2014\/07\/91b-5-juil-bouquet-de-mari\u00e9e-bijou-personnalis\u00e9-sur-mesure-bouquet-\u00e9ternel-cereza-deco1.jpg?resize=350%2C200&ssl=1","width":350,"height":200},"classes":[]}],"_links":{"self":[{"href":"https:\/\/www.mellecereza.fr\/blog\/wp-json\/wp\/v2\/posts\/1935"}],"collection":[{"href":"https:\/\/www.mellecereza.fr\/blog\/wp-json\/wp\/v2\/posts"}],"about":[{"href":"https:\/\/www.mellecereza.fr\/blog\/wp-json\/wp\/v2\/types\/post"}],"author":[{"embeddable":true,"href":"https:\/\/www.mellecereza.fr\/blog\/wp-json\/wp\/v2\/users\/1"}],"replies":[{"embeddable":true,"href":"https:\/\/www.mellecereza.fr\/blog\/wp-json\/wp\/v2\/comments?post=1935"}],"version-history":[{"count":11,"href":"https:\/\/www.mellecereza.fr\/blog\/wp-json\/wp\/v2\/posts\/1935\/revisions"}],"predecessor-version":[{"id":1959,"href":"https:\/\/www.mellecereza.fr\/blog\/wp-json\/wp\/v2\/posts\/1935\/revisions\/1959"}],"wp:featuredmedia":[{"embeddable":true,"href":"https:\/\/www.mellecereza.fr\/blog\/wp-json\/wp\/v2\/media\/1936"}],"wp:attachment":[{"href":"https:\/\/www.mellecereza.fr\/blog\/wp-json\/wp\/v2\/media?parent=1935"}],"wp:term":[{"taxonomy":"category","embeddable":true,"href":"https:\/\/www.mellecereza.fr\/blog\/wp-json\/wp\/v2\/categories?post=1935"},{"taxonomy":"post_tag","embeddable":true,"href":"https:\/\/www.mellecereza.fr\/blog\/wp-json\/wp\/v2\/tags?post=1935"}],"curies":[{"name":"wp","href":"https:\/\/api.w.org\/{rel}","templated":true}]}}