{"id":2010,"date":"2014-10-26T08:18:51","date_gmt":"2014-10-26T06:18:51","guid":{"rendered":"http:\/\/www.mellecereza.fr\/blog\/?p=2010"},"modified":"2019-01-06T10:59:16","modified_gmt":"2019-01-06T08:59:16","slug":"accessoires-de-mariage-d-hiver-atelier-104","status":"publish","type":"post","link":"https:\/\/www.mellecereza.fr\/blog\/accessoires-de-mariage-d-hiver-atelier-104\/","title":{"rendered":"Accessoires de mariage d&rsquo;hiver, dans l&rsquo;atelier #105"},"content":{"rendered":"<h5>La saison commence \u00e0 se pr\u00eater aux accessoires de mariage d&rsquo;hiver &#8230;<\/h5>\n<p>Quand bien m\u00eame ma pr\u00e9f\u00e9rence me porte vers la douceur d&rsquo;un temps printanier ou le charme d&rsquo;un soir d&rsquo;\u00e9t\u00e9, les <strong>accessoires de mariage d&rsquo;hiver<\/strong> apportent \u00e0 cette saison une douceur, un esprit cocon, qui sont loin de me laisser indiff\u00e9rente &#8230;<\/p>\n<p><a href=\"https:\/\/www.mellecereza.fr\/blog\/wp-content\/uploads\/2014\/10\/104r-accessoires-mariage-dhiver-inspiration-bijoux-accessoire-personnalis\u00e9-cereza-mademoiselle.jpg\"><img data-attachment-id=\"2011\" data-permalink=\"https:\/\/www.mellecereza.fr\/blog\/accessoires-de-mariage-d-hiver-atelier-104\/104r-accessoires-mariage-dhiver-inspiration-bijoux-accessoire-personnalise-cereza-mademoiselle\/#main\" data-orig-file=\"https:\/\/www.mellecereza.fr\/blog\/wp-content\/uploads\/2014\/10\/104r-accessoires-mariage-dhiver-inspiration-bijoux-accessoire-personnalis\u00e9-cereza-mademoiselle.jpg\" data-orig-size=\"2667,2000\" data-comments-opened=\"1\" data-image-meta=\"{&quot;aperture&quot;:&quot;0&quot;,&quot;credit&quot;:&quot;Picasa&quot;,&quot;camera&quot;:&quot;&quot;,&quot;caption&quot;:&quot;&quot;,&quot;created_timestamp&quot;:&quot;1414259238&quot;,&quot;copyright&quot;:&quot;&quot;,&quot;focal_length&quot;:&quot;0&quot;,&quot;iso&quot;:&quot;0&quot;,&quot;shutter_speed&quot;:&quot;0&quot;,&quot;title&quot;:&quot;&quot;}\" data-image-title=\"accessoires mariage hiver inspiration bijoux accessoire personnalis\u00e9 cereza mademoiselle\" data-image-description=\"\" data-image-caption=\"\" data-medium-file=\"https:\/\/www.mellecereza.fr\/blog\/wp-content\/uploads\/2014\/10\/104r-accessoires-mariage-dhiver-inspiration-bijoux-accessoire-personnalis\u00e9-cereza-mademoiselle-600x449.jpg\" data-large-file=\"https:\/\/www.mellecereza.fr\/blog\/wp-content\/uploads\/2014\/10\/104r-accessoires-mariage-dhiver-inspiration-bijoux-accessoire-personnalis\u00e9-cereza-mademoiselle-1024x767.jpg\" decoding=\"async\" loading=\"lazy\" class=\"aligncenter size-medium wp-image-2011\" alt=\"accessoires mariage hiver inspiration bijoux accessoire personnalis\u00e9 cereza mademoiselle\" src=\"https:\/\/www.mellecereza.fr\/blog\/wp-content\/uploads\/2014\/10\/104r-accessoires-mariage-dhiver-inspiration-bijoux-accessoire-personnalis\u00e9-cereza-mademoiselle-600x449.jpg\" width=\"600\" height=\"449\" srcset=\"https:\/\/www.mellecereza.fr\/blog\/wp-content\/uploads\/2014\/10\/104r-accessoires-mariage-dhiver-inspiration-bijoux-accessoire-personnalis\u00e9-cereza-mademoiselle-600x449.jpg 600w, https:\/\/www.mellecereza.fr\/blog\/wp-content\/uploads\/2014\/10\/104r-accessoires-mariage-dhiver-inspiration-bijoux-accessoire-personnalis\u00e9-cereza-mademoiselle-450x337.jpg 450w, https:\/\/www.mellecereza.fr\/blog\/wp-content\/uploads\/2014\/10\/104r-accessoires-mariage-dhiver-inspiration-bijoux-accessoire-personnalis\u00e9-cereza-mademoiselle-1024x767.jpg 1024w\" sizes=\"(max-width: 600px) 100vw, 600px\" \/><\/a><\/p>\n<p style=\"text-align: center;\">\u00a0Sabine, p\u00e9tillante mari\u00e9e d&rsquo;hiver, a d\u00e9voil\u00e9 les secrets de son joli jour autour du th\u00e8me argent et parme dans un <a title=\"Mariage d\u2019hiver, mariage parme, argent et gris\" href=\"https:\/\/www.mellecereza.fr\/blog\/mariage-d-hiver-argent-parme-gris-real-wedding\/\"><strong>article-interview\u00a0<\/strong><\/a><\/p>\n<p style=\"text-align: center;\"><a href=\"https:\/\/www.mellecereza.fr\/blog\/wp-content\/uploads\/2014\/10\/mariage-dhiver-argent-parme-gris-cereza-deco-4.jpg\"><img data-attachment-id=\"1982\" data-permalink=\"https:\/\/www.mellecereza.fr\/blog\/mariage-d-hiver-argent-parme-gris-real-wedding\/mariage-dhiver-argent-parme-gris-cereza-deco-4\/#main\" data-orig-file=\"https:\/\/www.mellecereza.fr\/blog\/wp-content\/uploads\/2014\/10\/mariage-dhiver-argent-parme-gris-cereza-deco-4.jpg\" data-orig-size=\"700,467\" data-comments-opened=\"1\" data-image-meta=\"{&quot;aperture&quot;:&quot;0&quot;,&quot;credit&quot;:&quot;&quot;,&quot;camera&quot;:&quot;&quot;,&quot;caption&quot;:&quot;&quot;,&quot;created_timestamp&quot;:&quot;0&quot;,&quot;copyright&quot;:&quot;Objectif KaRo&quot;,&quot;focal_length&quot;:&quot;0&quot;,&quot;iso&quot;:&quot;0&quot;,&quot;shutter_speed&quot;:&quot;0&quot;,&quot;title&quot;:&quot;&quot;}\" data-image-title=\"mariage hiver argent parme gris deco Mademoiselle Cereza blog mariage\" data-image-description=\"\" data-image-caption=\"\" data-medium-file=\"https:\/\/www.mellecereza.fr\/blog\/wp-content\/uploads\/2014\/10\/mariage-dhiver-argent-parme-gris-cereza-deco-4-600x400.jpg\" data-large-file=\"https:\/\/www.mellecereza.fr\/blog\/wp-content\/uploads\/2014\/10\/mariage-dhiver-argent-parme-gris-cereza-deco-4.jpg\" decoding=\"async\" loading=\"lazy\" class=\"aligncenter size-medium wp-image-1982\" alt=\"mariage hiver argent parme gris deco Mademoiselle Cereza blog mariage\" src=\"https:\/\/www.mellecereza.fr\/blog\/wp-content\/uploads\/2014\/10\/mariage-dhiver-argent-parme-gris-cereza-deco-4-600x400.jpg\" width=\"600\" height=\"400\" srcset=\"https:\/\/www.mellecereza.fr\/blog\/wp-content\/uploads\/2014\/10\/mariage-dhiver-argent-parme-gris-cereza-deco-4-600x400.jpg 600w, https:\/\/www.mellecereza.fr\/blog\/wp-content\/uploads\/2014\/10\/mariage-dhiver-argent-parme-gris-cereza-deco-4-450x300.jpg 450w, https:\/\/www.mellecereza.fr\/blog\/wp-content\/uploads\/2014\/10\/mariage-dhiver-argent-parme-gris-cereza-deco-4.jpg 700w\" sizes=\"(max-width: 600px) 100vw, 600px\" \/><\/a><\/p>\n<p>&nbsp;<\/p>\n<p style=\"text-align: center;\">\u00a0Pour ses <strong>accessoires de mariage d&rsquo;hiver<\/strong>, elle a choisi notamment un bouquet de mari\u00e9e en tissu Cereza dans des tons lumineux et modernes<\/p>\n<p style=\"text-align: center;\"><a href=\"https:\/\/www.mellecereza.fr\/blog\/wp-content\/uploads\/2014\/10\/mariage-parme-argent-gris-mauboussin-bouquet-mariee-tissu-bijou-original-cereza-deco-5.jpg\"><img data-attachment-id=\"1998\" data-permalink=\"https:\/\/www.mellecereza.fr\/blog\/mariage-d-hiver-argent-parme-gris-real-wedding\/mariage-parme-argent-gris-mauboussin-bouquet-mariee-tissu-bijou-original-cereza-deco-5\/#main\" data-orig-file=\"https:\/\/www.mellecereza.fr\/blog\/wp-content\/uploads\/2014\/10\/mariage-parme-argent-gris-mauboussin-bouquet-mariee-tissu-bijou-original-cereza-deco-5.jpg\" data-orig-size=\"700,525\" data-comments-opened=\"1\" data-image-meta=\"{&quot;aperture&quot;:&quot;3.3&quot;,&quot;credit&quot;:&quot;&quot;,&quot;camera&quot;:&quot;DMC-TZ5&quot;,&quot;caption&quot;:&quot;&quot;,&quot;created_timestamp&quot;:&quot;1391523687&quot;,&quot;copyright&quot;:&quot;&quot;,&quot;focal_length&quot;:&quot;4.7&quot;,&quot;iso&quot;:&quot;100&quot;,&quot;shutter_speed&quot;:&quot;0.01&quot;,&quot;title&quot;:&quot;&quot;}\" data-image-title=\"mariage parme argent gris mauboussin bouquet mariee tissu bijou original cereza deco 5\" data-image-description=\"\" data-image-caption=\"\" data-medium-file=\"https:\/\/www.mellecereza.fr\/blog\/wp-content\/uploads\/2014\/10\/mariage-parme-argent-gris-mauboussin-bouquet-mariee-tissu-bijou-original-cereza-deco-5-600x450.jpg\" data-large-file=\"https:\/\/www.mellecereza.fr\/blog\/wp-content\/uploads\/2014\/10\/mariage-parme-argent-gris-mauboussin-bouquet-mariee-tissu-bijou-original-cereza-deco-5.jpg\" decoding=\"async\" loading=\"lazy\" class=\"aligncenter size-medium wp-image-1998\" alt=\"mariage parme argent gris mauboussin bouquet mariee tissu bijou original cereza deco 5\" src=\"https:\/\/www.mellecereza.fr\/blog\/wp-content\/uploads\/2014\/10\/mariage-parme-argent-gris-mauboussin-bouquet-mariee-tissu-bijou-original-cereza-deco-5-600x450.jpg\" width=\"600\" height=\"450\" srcset=\"https:\/\/www.mellecereza.fr\/blog\/wp-content\/uploads\/2014\/10\/mariage-parme-argent-gris-mauboussin-bouquet-mariee-tissu-bijou-original-cereza-deco-5-600x450.jpg 600w, https:\/\/www.mellecereza.fr\/blog\/wp-content\/uploads\/2014\/10\/mariage-parme-argent-gris-mauboussin-bouquet-mariee-tissu-bijou-original-cereza-deco-5-450x337.jpg 450w, https:\/\/www.mellecereza.fr\/blog\/wp-content\/uploads\/2014\/10\/mariage-parme-argent-gris-mauboussin-bouquet-mariee-tissu-bijou-original-cereza-deco-5.jpg 700w\" sizes=\"(max-width: 600px) 100vw, 600px\" \/><\/a><\/p>\n<p style=\"text-align: center;\">\u00a0Se marier en hiver, c&rsquo;est l&rsquo;occasion de porter des accessoires styl\u00e9s, dans lesquels on resterait lov\u00e9e &#8230;<\/p>\n<p style=\"text-align: center;\">La <a href=\"http:\/\/www.stephaniewolffparis.com\/accessoires-modele-bolero-laine-43\" target=\"_blank\">cr\u00e9atrice mariage St\u00e9phanie Wolff <\/a>propose un bol\u00e9ro en laine d&rsquo;alpaga qui saura vous conqu\u00e9rir<\/p>\n<p style=\"text-align: center;\"><a href=\"https:\/\/www.mellecereza.fr\/blog\/wp-content\/uploads\/2014\/10\/bol\u00e9ro-laine-alpaga-mariage-dhiver-st\u00e9phanie-wolff.jpg\"><img data-attachment-id=\"2012\" data-permalink=\"https:\/\/www.mellecereza.fr\/blog\/accessoires-de-mariage-d-hiver-atelier-104\/bolero-laine-alpaga-mariage-dhiver-stephanie-wolff\/#main\" data-orig-file=\"https:\/\/www.mellecereza.fr\/blog\/wp-content\/uploads\/2014\/10\/bol\u00e9ro-laine-alpaga-mariage-dhiver-st\u00e9phanie-wolff.jpg\" data-orig-size=\"800,538\" data-comments-opened=\"1\" data-image-meta=\"{&quot;aperture&quot;:&quot;0&quot;,&quot;credit&quot;:&quot;&quot;,&quot;camera&quot;:&quot;&quot;,&quot;caption&quot;:&quot;&quot;,&quot;created_timestamp&quot;:&quot;0&quot;,&quot;copyright&quot;:&quot;&quot;,&quot;focal_length&quot;:&quot;0&quot;,&quot;iso&quot;:&quot;0&quot;,&quot;shutter_speed&quot;:&quot;0&quot;,&quot;title&quot;:&quot;&quot;}\" data-image-title=\"bolero laine alpaga mariage d&amp;rsquo;hiver st\u00e9phanie wolff Mademoiselle Cereza blog mariage\" data-image-description=\"\" data-image-caption=\"\" data-medium-file=\"https:\/\/www.mellecereza.fr\/blog\/wp-content\/uploads\/2014\/10\/bol\u00e9ro-laine-alpaga-mariage-dhiver-st\u00e9phanie-wolff-600x403.jpg\" data-large-file=\"https:\/\/www.mellecereza.fr\/blog\/wp-content\/uploads\/2014\/10\/bol\u00e9ro-laine-alpaga-mariage-dhiver-st\u00e9phanie-wolff.jpg\" decoding=\"async\" loading=\"lazy\" class=\"aligncenter size-medium wp-image-2012\" alt=\"bolero laine alpaga mariage d'hiver st\u00e9phanie wolff Mademoiselle Cereza blog mariage\" src=\"https:\/\/www.mellecereza.fr\/blog\/wp-content\/uploads\/2014\/10\/bol\u00e9ro-laine-alpaga-mariage-dhiver-st\u00e9phanie-wolff-600x403.jpg\" width=\"600\" height=\"403\" srcset=\"https:\/\/www.mellecereza.fr\/blog\/wp-content\/uploads\/2014\/10\/bol\u00e9ro-laine-alpaga-mariage-dhiver-st\u00e9phanie-wolff-600x403.jpg 600w, https:\/\/www.mellecereza.fr\/blog\/wp-content\/uploads\/2014\/10\/bol\u00e9ro-laine-alpaga-mariage-dhiver-st\u00e9phanie-wolff-450x302.jpg 450w, https:\/\/www.mellecereza.fr\/blog\/wp-content\/uploads\/2014\/10\/bol\u00e9ro-laine-alpaga-mariage-dhiver-st\u00e9phanie-wolff.jpg 800w\" sizes=\"(max-width: 600px) 100vw, 600px\" \/><\/a><\/p>\n<p style=\"text-align: center;\">\u00a0Les temp\u00e9ratures de ce d\u00e9but de semaine ont \u00e9t\u00e9 l&rsquo;occasion d&rsquo;une pause *th\u00e9 du hammam* et douceur sucr\u00e9e \ud83d\ude09<\/p>\n<p style=\"text-align: center;\"><em>\u00a0Noooooon je-ne-cherche-pas-d&rsquo;-excuse-pour-un-go\u00fbter-gourmand<\/em><\/p>\n<p style=\"text-align: center;\"><a href=\"https:\/\/www.mellecereza.fr\/blog\/wp-content\/uploads\/2014\/10\/recette-flan-coco-dessert-buffet-mariage-facile-original-cereza-deco.jpg\"><img data-attachment-id=\"2013\" data-permalink=\"https:\/\/www.mellecereza.fr\/blog\/accessoires-de-mariage-d-hiver-atelier-104\/recette-flan-coco-dessert-buffet-mariage-facile-original-cereza-deco\/#main\" data-orig-file=\"https:\/\/www.mellecereza.fr\/blog\/wp-content\/uploads\/2014\/10\/recette-flan-coco-dessert-buffet-mariage-facile-original-cereza-deco.jpg\" data-orig-size=\"3456,2592\" data-comments-opened=\"1\" data-image-meta=\"{&quot;aperture&quot;:&quot;3.3&quot;,&quot;credit&quot;:&quot;&quot;,&quot;camera&quot;:&quot;DMC-TZ5&quot;,&quot;caption&quot;:&quot;&quot;,&quot;created_timestamp&quot;:&quot;1355667856&quot;,&quot;copyright&quot;:&quot;&quot;,&quot;focal_length&quot;:&quot;4.7&quot;,&quot;iso&quot;:&quot;100&quot;,&quot;shutter_speed&quot;:&quot;0.05&quot;,&quot;title&quot;:&quot;&quot;}\" data-image-title=\"pause douceur d&amp;rsquo;hiver dessert buffet mariage facile original cereza deco\" data-image-description=\"\" data-image-caption=\"\" data-medium-file=\"https:\/\/www.mellecereza.fr\/blog\/wp-content\/uploads\/2014\/10\/recette-flan-coco-dessert-buffet-mariage-facile-original-cereza-deco-600x450.jpg\" data-large-file=\"https:\/\/www.mellecereza.fr\/blog\/wp-content\/uploads\/2014\/10\/recette-flan-coco-dessert-buffet-mariage-facile-original-cereza-deco-1024x768.jpg\" decoding=\"async\" loading=\"lazy\" class=\"aligncenter size-medium wp-image-2013\" alt=\"pause douceur d'hiver dessert buffet mariage facile original cereza deco\" src=\"https:\/\/www.mellecereza.fr\/blog\/wp-content\/uploads\/2014\/10\/recette-flan-coco-dessert-buffet-mariage-facile-original-cereza-deco-600x450.jpg\" width=\"600\" height=\"450\" srcset=\"https:\/\/www.mellecereza.fr\/blog\/wp-content\/uploads\/2014\/10\/recette-flan-coco-dessert-buffet-mariage-facile-original-cereza-deco-600x450.jpg 600w, https:\/\/www.mellecereza.fr\/blog\/wp-content\/uploads\/2014\/10\/recette-flan-coco-dessert-buffet-mariage-facile-original-cereza-deco-450x337.jpg 450w, https:\/\/www.mellecereza.fr\/blog\/wp-content\/uploads\/2014\/10\/recette-flan-coco-dessert-buffet-mariage-facile-original-cereza-deco-1024x768.jpg 1024w\" sizes=\"(max-width: 600px) 100vw, 600px\" \/><\/a><\/p>\n<p style=\"text-align: center;\">\u00a0Vous avez envie de douceur en ce moment, le <strong><a title=\"bouquet mariee feerique rose blanc gris bijou tissu\" href=\"https:\/\/www.mellecereza.fr\/bouquet-de-mariee-original\/12-bouquet-de-mariage-rose-gris-blanc-ines.html\">bouquet de mari\u00e9e In\u00e8s<\/a><\/strong> avec ses tons pastels de rose, gris et blanc, est votre chouchou de cette saison<\/p>\n<p style=\"text-align: center;\"><a href=\"https:\/\/www.mellecereza.fr\/blog\/wp-content\/uploads\/2014\/10\/mariage-rose-gris-blanc-bijou-strass-f\u00e9\u00e9rique-original-cereza-deco.jpg\"><img data-attachment-id=\"2014\" data-permalink=\"https:\/\/www.mellecereza.fr\/blog\/accessoires-de-mariage-d-hiver-atelier-104\/mariage-rose-gris-blanc-bijou-strass-feerique-original-cereza-deco\/#main\" data-orig-file=\"https:\/\/www.mellecereza.fr\/blog\/wp-content\/uploads\/2014\/10\/mariage-rose-gris-blanc-bijou-strass-f\u00e9\u00e9rique-original-cereza-deco.jpg\" data-orig-size=\"2592,2592\" data-comments-opened=\"1\" data-image-meta=\"{&quot;aperture&quot;:&quot;3.3&quot;,&quot;credit&quot;:&quot;&quot;,&quot;camera&quot;:&quot;DMC-TZ5&quot;,&quot;caption&quot;:&quot;&quot;,&quot;created_timestamp&quot;:&quot;1396362326&quot;,&quot;copyright&quot;:&quot;&quot;,&quot;focal_length&quot;:&quot;4.7&quot;,&quot;iso&quot;:&quot;100&quot;,&quot;shutter_speed&quot;:&quot;0.00625&quot;,&quot;title&quot;:&quot;&quot;}\" data-image-title=\"mariage rose gris blanc bijou strass feerique original cereza deco\" data-image-description=\"\" data-image-caption=\"\" data-medium-file=\"https:\/\/www.mellecereza.fr\/blog\/wp-content\/uploads\/2014\/10\/mariage-rose-gris-blanc-bijou-strass-f\u00e9\u00e9rique-original-cereza-deco-600x600.jpg\" data-large-file=\"https:\/\/www.mellecereza.fr\/blog\/wp-content\/uploads\/2014\/10\/mariage-rose-gris-blanc-bijou-strass-f\u00e9\u00e9rique-original-cereza-deco-1024x1024.jpg\" decoding=\"async\" loading=\"lazy\" class=\"aligncenter size-medium wp-image-2014\" alt=\"mariage rose gris blanc bijou strass feerique original cereza deco\" src=\"https:\/\/www.mellecereza.fr\/blog\/wp-content\/uploads\/2014\/10\/mariage-rose-gris-blanc-bijou-strass-f\u00e9\u00e9rique-original-cereza-deco-600x600.jpg\" width=\"600\" height=\"600\" srcset=\"https:\/\/www.mellecereza.fr\/blog\/wp-content\/uploads\/2014\/10\/mariage-rose-gris-blanc-bijou-strass-f\u00e9\u00e9rique-original-cereza-deco-600x600.jpg 600w, https:\/\/www.mellecereza.fr\/blog\/wp-content\/uploads\/2014\/10\/mariage-rose-gris-blanc-bijou-strass-f\u00e9\u00e9rique-original-cereza-deco-450x450.jpg 450w, https:\/\/www.mellecereza.fr\/blog\/wp-content\/uploads\/2014\/10\/mariage-rose-gris-blanc-bijou-strass-f\u00e9\u00e9rique-original-cereza-deco-1024x1024.jpg 1024w, https:\/\/www.mellecereza.fr\/blog\/wp-content\/uploads\/2014\/10\/mariage-rose-gris-blanc-bijou-strass-f\u00e9\u00e9rique-original-cereza-deco-210x210.jpg 210w, https:\/\/www.mellecereza.fr\/blog\/wp-content\/uploads\/2014\/10\/mariage-rose-gris-blanc-bijou-strass-f\u00e9\u00e9rique-original-cereza-deco-60x60.jpg 60w\" sizes=\"(max-width: 600px) 100vw, 600px\" \/><\/a><\/p>\n<p>&nbsp;<\/p>\n<p style=\"text-align: center;\">\u00a0Pr\u00e9parer les fleurs de satin ivoire et gris qui composeront un bouquet de mari\u00e9e sur-mesure &#8230; chut \ud83d\ude09<\/p>\n<p style=\"text-align: center;\"><a href=\"https:\/\/www.mellecereza.fr\/blog\/wp-content\/uploads\/2014\/10\/fleurs-de-satin-pour-bouquet-mari\u00e9e-ivoire-gris-argent-personnalis\u00e9-cereza-1.jpg\"><img data-attachment-id=\"2015\" data-permalink=\"https:\/\/www.mellecereza.fr\/blog\/accessoires-de-mariage-d-hiver-atelier-104\/fleurs-de-satin-pour-bouquet-mariee-ivoire-gris-argent-personnalise-cereza-1\/#main\" data-orig-file=\"https:\/\/www.mellecereza.fr\/blog\/wp-content\/uploads\/2014\/10\/fleurs-de-satin-pour-bouquet-mari\u00e9e-ivoire-gris-argent-personnalis\u00e9-cereza-1.jpg\" data-orig-size=\"700,533\" data-comments-opened=\"1\" data-image-meta=\"{&quot;aperture&quot;:&quot;3.3&quot;,&quot;credit&quot;:&quot;&quot;,&quot;camera&quot;:&quot;DMC-TZ5&quot;,&quot;caption&quot;:&quot;&quot;,&quot;created_timestamp&quot;:&quot;1414166400&quot;,&quot;copyright&quot;:&quot;&quot;,&quot;focal_length&quot;:&quot;4.7&quot;,&quot;iso&quot;:&quot;100&quot;,&quot;shutter_speed&quot;:&quot;0.05&quot;,&quot;title&quot;:&quot;&quot;}\" data-image-title=\"accessoires mariage hiver fleurs de satin pour bouquet mariee tissu ivoire gris argent cereza deco\" data-image-description=\"\" data-image-caption=\"\" data-medium-file=\"https:\/\/www.mellecereza.fr\/blog\/wp-content\/uploads\/2014\/10\/fleurs-de-satin-pour-bouquet-mari\u00e9e-ivoire-gris-argent-personnalis\u00e9-cereza-1-600x456.jpg\" data-large-file=\"https:\/\/www.mellecereza.fr\/blog\/wp-content\/uploads\/2014\/10\/fleurs-de-satin-pour-bouquet-mari\u00e9e-ivoire-gris-argent-personnalis\u00e9-cereza-1.jpg\" decoding=\"async\" loading=\"lazy\" class=\"aligncenter size-medium wp-image-2015\" alt=\"accessoires mariage hiver fleurs de satin pour bouquet mariee tissu ivoire gris argent cereza deco\" src=\"https:\/\/www.mellecereza.fr\/blog\/wp-content\/uploads\/2014\/10\/fleurs-de-satin-pour-bouquet-mari\u00e9e-ivoire-gris-argent-personnalis\u00e9-cereza-1-600x456.jpg\" width=\"600\" height=\"456\" srcset=\"https:\/\/www.mellecereza.fr\/blog\/wp-content\/uploads\/2014\/10\/fleurs-de-satin-pour-bouquet-mari\u00e9e-ivoire-gris-argent-personnalis\u00e9-cereza-1-600x456.jpg 600w, https:\/\/www.mellecereza.fr\/blog\/wp-content\/uploads\/2014\/10\/fleurs-de-satin-pour-bouquet-mari\u00e9e-ivoire-gris-argent-personnalis\u00e9-cereza-1-450x342.jpg 450w, https:\/\/www.mellecereza.fr\/blog\/wp-content\/uploads\/2014\/10\/fleurs-de-satin-pour-bouquet-mari\u00e9e-ivoire-gris-argent-personnalis\u00e9-cereza-1.jpg 700w\" sizes=\"(max-width: 600px) 100vw, 600px\" \/><\/a><\/p>\n<p style=\"text-align: center;\">\u00a0Sortir mes outils pour confectionner un <a title=\"bouquet bijou cereza\" href=\"https:\/\/www.mellecereza.fr\"><strong>bouquet bijou<\/strong><\/a><\/p>\n<p style=\"text-align: center;\"><a href=\"https:\/\/www.mellecereza.fr\/blog\/wp-content\/uploads\/2014\/10\/bouquet-bijou-de-mariage-personnalis\u00e9-sur-mesure-cereza-1.jpg\"><img data-attachment-id=\"2016\" data-permalink=\"https:\/\/www.mellecereza.fr\/blog\/accessoires-de-mariage-d-hiver-atelier-104\/bouquet-bijou-de-mariage-personnalise-sur-mesure-cereza-1\/#main\" data-orig-file=\"https:\/\/www.mellecereza.fr\/blog\/wp-content\/uploads\/2014\/10\/bouquet-bijou-de-mariage-personnalis\u00e9-sur-mesure-cereza-1.jpg\" data-orig-size=\"640,640\" data-comments-opened=\"1\" data-image-meta=\"{&quot;aperture&quot;:&quot;0&quot;,&quot;credit&quot;:&quot;&quot;,&quot;camera&quot;:&quot;&quot;,&quot;caption&quot;:&quot;&quot;,&quot;created_timestamp&quot;:&quot;0&quot;,&quot;copyright&quot;:&quot;&quot;,&quot;focal_length&quot;:&quot;0&quot;,&quot;iso&quot;:&quot;0&quot;,&quot;shutter_speed&quot;:&quot;0&quot;,&quot;title&quot;:&quot;&quot;}\" data-image-title=\"accessoires mariage hiver bouquet bijou de mariage personnalis\u00e9 sur mesure cereza\" data-image-description=\"\" data-image-caption=\"\" data-medium-file=\"https:\/\/www.mellecereza.fr\/blog\/wp-content\/uploads\/2014\/10\/bouquet-bijou-de-mariage-personnalis\u00e9-sur-mesure-cereza-1-600x600.jpg\" data-large-file=\"https:\/\/www.mellecereza.fr\/blog\/wp-content\/uploads\/2014\/10\/bouquet-bijou-de-mariage-personnalis\u00e9-sur-mesure-cereza-1.jpg\" decoding=\"async\" loading=\"lazy\" class=\"aligncenter size-medium wp-image-2016\" alt=\"accessoires mariage hiver bouquet bijou de mariage personnalis\u00e9 sur mesure cereza\" src=\"https:\/\/www.mellecereza.fr\/blog\/wp-content\/uploads\/2014\/10\/bouquet-bijou-de-mariage-personnalis\u00e9-sur-mesure-cereza-1-600x600.jpg\" width=\"600\" height=\"600\" srcset=\"https:\/\/www.mellecereza.fr\/blog\/wp-content\/uploads\/2014\/10\/bouquet-bijou-de-mariage-personnalis\u00e9-sur-mesure-cereza-1-600x600.jpg 600w, https:\/\/www.mellecereza.fr\/blog\/wp-content\/uploads\/2014\/10\/bouquet-bijou-de-mariage-personnalis\u00e9-sur-mesure-cereza-1-450x450.jpg 450w, https:\/\/www.mellecereza.fr\/blog\/wp-content\/uploads\/2014\/10\/bouquet-bijou-de-mariage-personnalis\u00e9-sur-mesure-cereza-1-210x210.jpg 210w, https:\/\/www.mellecereza.fr\/blog\/wp-content\/uploads\/2014\/10\/bouquet-bijou-de-mariage-personnalis\u00e9-sur-mesure-cereza-1-60x60.jpg 60w, https:\/\/www.mellecereza.fr\/blog\/wp-content\/uploads\/2014\/10\/bouquet-bijou-de-mariage-personnalis\u00e9-sur-mesure-cereza-1.jpg 640w\" sizes=\"(max-width: 600px) 100vw, 600px\" \/><\/a><\/p>\n<p><span style=\"font-size: x-small;\">Cette semaine a \u00e9galement \u00e9t\u00e9 mise en images dans les ateliers de<\/span><\/p>\n<p><span style=\"font-size: x-small;\">Lara, J\u2019en ai pas l\u2019air :<a href=\"http:\/\/www.jenaipaslair.fr\/de-nouvelles-broderies-pour-une-nouvelle-saison\/\" target=\"_blank\">\u00a0<\/a><a href=\"http:\/\/www.jenaipaslair.fr\/newsite\/sac-cuir-original\/\" target=\"_blank\">sac en cuir original<\/a><\/span><\/p>\n<p><span style=\"font-size: x-small;\">Virginie, Lili &amp; le Scarab\u00e9e ROz :\u00a0<a href=\"http:\/\/www.lilietlescarabeeroz.com\/blog\/2014\/10\/26\/semaine-latelier-92\/\" target=\"_blank\">cr\u00e9atrice de bijoux\u00a0<\/a><\/span><\/p>\n<p><span style=\"font-size: x-small;\">Pascale, Gazouillis &amp; Cie :<a href=\"http:\/\/blog.gazouillisetcie.fr\/2014\/09\/29\/une-semaine-a-latelier-78-tricoter-pour-bebe-et-jolie-rencontre-sur-la-route-des-vacances\/\" target=\"_blank\">\u00a0<\/a><a href=\"http:\/\/blog.gazouillisetcie.fr\/2014\/10\/26\/une-semaine-a-latelier-80-kit-tricot-cadeau-de-noel-pour-petites-filles-creatives\/\" target=\"_blank\">kit tricot cadeau de No\u00ebl pour petites filles cr\u00e9atives<\/a><\/span><\/p>\n<p><span style=\"font-size: x-small;\">Isabelle, Dessine-moi un pr\u00e9nom :\u00a0<a href=\"http:\/\/blog.dessine-moi-un-prenom.com\/ma-semaine-a-latelier-91-2\/\" target=\"_blank\">tableaux personnalis\u00e9s pour enfants et grands<\/a><\/span><\/p>\n<p><span style=\"font-size: x-small;\">Florence, Brodi Broda :\u00a0<a href=\"http:\/\/leblogbrodibroda.canalblog.com\/archives\/2014\/10\/25\/30831417.html\" target=\"_blank\">cadeaux b\u00e9b\u00e9 et enfants personnalis\u00e9s<\/a><\/span><\/p>\n<p><span style=\"font-size: x-small;\">Aline, La Caverne \u00e0 Cr\u00e9ations :\u00a0<a href=\"http:\/\/la-caverne-a-creations.over-blog.com\/article-ma-semaine-a-l-atelier-semaine-31-2014-124870674.html\" target=\"_blank\">bola de grossesse octobre rose<\/a><\/span><\/p>\n<p><span style=\"font-size: x-small;\">\u00a0<\/span><\/p>\n<div class=\"post_signature\"><img src=\"https:\/\/www.mellecereza.fr\/blog\/wp-content\/uploads\/2020\/02\/sign-200-FEV-15d1.png\" \/><\/div>","protected":false},"excerpt":{"rendered":"<p>La saison commence \u00e0 se pr\u00eater aux accessoires de mariage d&rsquo;hiver &#8230; Quand bien m\u00eame ma pr\u00e9f\u00e9rence me porte vers la douceur d&rsquo;un temps printanier ou le charme d&rsquo;un soir d&rsquo;\u00e9t\u00e9, les accessoires de mariage d&rsquo;hiver apportent \u00e0 cette saison&#8230;<\/p>\n","protected":false},"author":1,"featured_media":2011,"comment_status":"open","ping_status":"open","sticky":false,"template":"","format":"standard","meta":{"jetpack_post_was_ever_published":false,"jetpack_publicize_message":"","jetpack_is_tweetstorm":false,"jetpack_publicize_feature_enabled":true,"jetpack_social_post_already_shared":true,"jetpack_social_options":{"image_generator_settings":{"template":"highway","enabled":false}}},"categories":[19],"tags":[183,68,53,116,125,181,182],"jetpack_publicize_connections":[],"yoast_head":"<!-- This site is optimized with the Yoast SEO plugin v20.3 - https:\/\/yoast.com\/wordpress\/plugins\/seo\/ -->\n<title>Accessoires de mariage d&#039;hiver, dans l&#039;atelier #105 - Melle Cereza blog mariage original<\/title>\n<meta name=\"robots\" content=\"index, follow, max-snippet:-1, max-image-preview:large, max-video-preview:-1\" \/>\n<link rel=\"canonical\" href=\"https:\/\/www.mellecereza.fr\/blog\/accessoires-de-mariage-d-hiver-atelier-104\/\" \/>\n<meta property=\"og:locale\" content=\"fr_FR\" \/>\n<meta property=\"og:type\" content=\"article\" \/>\n<meta property=\"og:title\" content=\"Accessoires de mariage d&#039;hiver, dans l&#039;atelier #105 - Melle Cereza blog mariage original\" \/>\n<meta property=\"og:description\" content=\"La saison commence \u00e0 se pr\u00eater aux accessoires de mariage d&rsquo;hiver &#8230; Quand bien m\u00eame ma pr\u00e9f\u00e9rence me porte vers la douceur d&rsquo;un temps printanier ou le charme d&rsquo;un soir d&rsquo;\u00e9t\u00e9, les accessoires de mariage d&rsquo;hiver apportent \u00e0 cette saison...\" \/>\n<meta property=\"og:url\" content=\"https:\/\/www.mellecereza.fr\/blog\/accessoires-de-mariage-d-hiver-atelier-104\/\" \/>\n<meta property=\"og:site_name\" content=\"Melle Cereza blog mariage original\" \/>\n<meta property=\"article:published_time\" content=\"2014-10-26T06:18:51+00:00\" \/>\n<meta property=\"article:modified_time\" content=\"2019-01-06T08:59:16+00:00\" \/>\n<meta property=\"og:image\" content=\"https:\/\/www.mellecereza.fr\/blog\/wp-content\/uploads\/2014\/10\/104r-accessoires-mariage-dhiver-inspiration-bijoux-accessoire-personnalis\u00e9-cereza-mademoiselle-1024x767.jpg\" \/>\n\t<meta property=\"og:image:width\" content=\"1024\" \/>\n\t<meta property=\"og:image:height\" content=\"767\" \/>\n\t<meta property=\"og:image:type\" content=\"image\/jpeg\" \/>\n<meta name=\"author\" content=\"Cerise\" \/>\n<meta name=\"twitter:label1\" content=\"\u00c9crit par\" \/>\n\t<meta name=\"twitter:data1\" content=\"Cerise\" \/>\n\t<meta name=\"twitter:label2\" content=\"Dur\u00e9e de lecture estim\u00e9e\" \/>\n\t<meta name=\"twitter:data2\" content=\"2 minutes\" \/>\n<script type=\"application\/ld+json\" class=\"yoast-schema-graph\">{\"@context\":\"https:\/\/schema.org\",\"@graph\":[{\"@type\":\"WebPage\",\"@id\":\"https:\/\/www.mellecereza.fr\/blog\/accessoires-de-mariage-d-hiver-atelier-104\/\",\"url\":\"https:\/\/www.mellecereza.fr\/blog\/accessoires-de-mariage-d-hiver-atelier-104\/\",\"name\":\"Accessoires de mariage d'hiver, dans l'atelier #105 - Melle Cereza blog mariage original\",\"isPartOf\":{\"@id\":\"https:\/\/www.mellecereza.fr\/blog\/#website\"},\"datePublished\":\"2014-10-26T06:18:51+00:00\",\"dateModified\":\"2019-01-06T08:59:16+00:00\",\"author\":{\"@id\":\"https:\/\/www.mellecereza.fr\/blog\/#\/schema\/person\/3ad20d39d7b07a33b39c2e111d852118\"},\"breadcrumb\":{\"@id\":\"https:\/\/www.mellecereza.fr\/blog\/accessoires-de-mariage-d-hiver-atelier-104\/#breadcrumb\"},\"inLanguage\":\"fr-FR\",\"potentialAction\":[{\"@type\":\"ReadAction\",\"target\":[\"https:\/\/www.mellecereza.fr\/blog\/accessoires-de-mariage-d-hiver-atelier-104\/\"]}]},{\"@type\":\"BreadcrumbList\",\"@id\":\"https:\/\/www.mellecereza.fr\/blog\/accessoires-de-mariage-d-hiver-atelier-104\/#breadcrumb\",\"itemListElement\":[{\"@type\":\"ListItem\",\"position\":1,\"name\":\"Accueil\",\"item\":\"https:\/\/www.mellecereza.fr\/blog\/\"},{\"@type\":\"ListItem\",\"position\":2,\"name\":\"Accessoires de mariage d&rsquo;hiver, dans l&rsquo;atelier #105\"}]},{\"@type\":\"WebSite\",\"@id\":\"https:\/\/www.mellecereza.fr\/blog\/#website\",\"url\":\"https:\/\/www.mellecereza.fr\/blog\/\",\"name\":\"Melle Cereza blog mariage original\",\"description\":\"Id\u00e9es et inspirations pour un joli mariage original, id\u00e9es d\u00e9co, bouquet, bijoux &amp; accessoires\",\"potentialAction\":[{\"@type\":\"SearchAction\",\"target\":{\"@type\":\"EntryPoint\",\"urlTemplate\":\"https:\/\/www.mellecereza.fr\/blog\/?s={search_term_string}\"},\"query-input\":\"required name=search_term_string\"}],\"inLanguage\":\"fr-FR\"},{\"@type\":\"Person\",\"@id\":\"https:\/\/www.mellecereza.fr\/blog\/#\/schema\/person\/3ad20d39d7b07a33b39c2e111d852118\",\"name\":\"Cerise\",\"image\":{\"@type\":\"ImageObject\",\"inLanguage\":\"fr-FR\",\"@id\":\"https:\/\/www.mellecereza.fr\/blog\/#\/schema\/person\/image\/\",\"url\":\"https:\/\/secure.gravatar.com\/avatar\/f8aa59be965caf71440dfd118dcb3362?s=96&d=identicon&r=g\",\"contentUrl\":\"https:\/\/secure.gravatar.com\/avatar\/f8aa59be965caf71440dfd118dcb3362?s=96&d=identicon&r=g\",\"caption\":\"Cerise\"},\"url\":\"https:\/\/www.mellecereza.fr\/blog\/author\/cerise\/\"}]}<\/script>\n<!-- \/ Yoast SEO plugin. -->","yoast_head_json":{"title":"Accessoires de mariage d'hiver, dans l'atelier #105 - Melle Cereza blog mariage original","robots":{"index":"index","follow":"follow","max-snippet":"max-snippet:-1","max-image-preview":"max-image-preview:large","max-video-preview":"max-video-preview:-1"},"canonical":"https:\/\/www.mellecereza.fr\/blog\/accessoires-de-mariage-d-hiver-atelier-104\/","og_locale":"fr_FR","og_type":"article","og_title":"Accessoires de mariage d'hiver, dans l'atelier #105 - Melle Cereza blog mariage original","og_description":"La saison commence \u00e0 se pr\u00eater aux accessoires de mariage d&rsquo;hiver &#8230; Quand bien m\u00eame ma pr\u00e9f\u00e9rence me porte vers la douceur d&rsquo;un temps printanier ou le charme d&rsquo;un soir d&rsquo;\u00e9t\u00e9, les accessoires de mariage d&rsquo;hiver apportent \u00e0 cette saison...","og_url":"https:\/\/www.mellecereza.fr\/blog\/accessoires-de-mariage-d-hiver-atelier-104\/","og_site_name":"Melle Cereza blog mariage original","article_published_time":"2014-10-26T06:18:51+00:00","article_modified_time":"2019-01-06T08:59:16+00:00","og_image":[{"width":1024,"height":767,"url":"https:\/\/www.mellecereza.fr\/blog\/wp-content\/uploads\/2014\/10\/104r-accessoires-mariage-dhiver-inspiration-bijoux-accessoire-personnalis\u00e9-cereza-mademoiselle-1024x767.jpg","type":"image\/jpeg"}],"author":"Cerise","twitter_misc":{"\u00c9crit par":"Cerise","Dur\u00e9e de lecture estim\u00e9e":"2 minutes"},"schema":{"@context":"https:\/\/schema.org","@graph":[{"@type":"WebPage","@id":"https:\/\/www.mellecereza.fr\/blog\/accessoires-de-mariage-d-hiver-atelier-104\/","url":"https:\/\/www.mellecereza.fr\/blog\/accessoires-de-mariage-d-hiver-atelier-104\/","name":"Accessoires de mariage d'hiver, dans l'atelier #105 - Melle Cereza blog mariage original","isPartOf":{"@id":"https:\/\/www.mellecereza.fr\/blog\/#website"},"datePublished":"2014-10-26T06:18:51+00:00","dateModified":"2019-01-06T08:59:16+00:00","author":{"@id":"https:\/\/www.mellecereza.fr\/blog\/#\/schema\/person\/3ad20d39d7b07a33b39c2e111d852118"},"breadcrumb":{"@id":"https:\/\/www.mellecereza.fr\/blog\/accessoires-de-mariage-d-hiver-atelier-104\/#breadcrumb"},"inLanguage":"fr-FR","potentialAction":[{"@type":"ReadAction","target":["https:\/\/www.mellecereza.fr\/blog\/accessoires-de-mariage-d-hiver-atelier-104\/"]}]},{"@type":"BreadcrumbList","@id":"https:\/\/www.mellecereza.fr\/blog\/accessoires-de-mariage-d-hiver-atelier-104\/#breadcrumb","itemListElement":[{"@type":"ListItem","position":1,"name":"Accueil","item":"https:\/\/www.mellecereza.fr\/blog\/"},{"@type":"ListItem","position":2,"name":"Accessoires de mariage d&rsquo;hiver, dans l&rsquo;atelier #105"}]},{"@type":"WebSite","@id":"https:\/\/www.mellecereza.fr\/blog\/#website","url":"https:\/\/www.mellecereza.fr\/blog\/","name":"Melle Cereza blog mariage original","description":"Id\u00e9es et inspirations pour un joli mariage original, id\u00e9es d\u00e9co, bouquet, bijoux &amp; accessoires","potentialAction":[{"@type":"SearchAction","target":{"@type":"EntryPoint","urlTemplate":"https:\/\/www.mellecereza.fr\/blog\/?s={search_term_string}"},"query-input":"required name=search_term_string"}],"inLanguage":"fr-FR"},{"@type":"Person","@id":"https:\/\/www.mellecereza.fr\/blog\/#\/schema\/person\/3ad20d39d7b07a33b39c2e111d852118","name":"Cerise","image":{"@type":"ImageObject","inLanguage":"fr-FR","@id":"https:\/\/www.mellecereza.fr\/blog\/#\/schema\/person\/image\/","url":"https:\/\/secure.gravatar.com\/avatar\/f8aa59be965caf71440dfd118dcb3362?s=96&d=identicon&r=g","contentUrl":"https:\/\/secure.gravatar.com\/avatar\/f8aa59be965caf71440dfd118dcb3362?s=96&d=identicon&r=g","caption":"Cerise"},"url":"https:\/\/www.mellecereza.fr\/blog\/author\/cerise\/"}]}},"jetpack_featured_media_url":"https:\/\/www.mellecereza.fr\/blog\/wp-content\/uploads\/2014\/10\/104r-accessoires-mariage-dhiver-inspiration-bijoux-accessoire-personnalis\u00e9-cereza-mademoiselle.jpg","jetpack_shortlink":"https:\/\/wp.me\/p4ptN6-wq","jetpack_sharing_enabled":true,"jetpack-related-posts":[{"id":1966,"url":"https:\/\/www.mellecereza.fr\/blog\/mariage-d-hiver-argent-parme-gris-real-wedding\/","url_meta":{"origin":2010,"position":0},"title":"Mariage d&rsquo;hiver, mariage parme, argent et gris","date":"25 octobre 2014","format":false,"excerpt":"Pour son mariage d'hiver -\u00a0son mariage\u00a0argent, parme et gris - Sabine a fait appel \u00e0 mes id\u00e9es pour la confection de ses jolis accessoires. Elle se pr\u00eate pour vous au jeu de questions r\u00e9ponses, vous parle de ses inspirations, de sa d\u00e9coration de mariage et vous donne quelques conseils. Vous\u2026","rel":"","context":"Dans &quot;les mari\u00e9es Cereza&quot;","img":{"alt_text":"","src":"https:\/\/i0.wp.com\/www.mellecereza.fr\/blog\/wp-content\/uploads\/2014\/10\/mariage-dhiver-argent-parme-gris-cereza-deco-4.jpg?resize=350%2C200&ssl=1","width":350,"height":200},"classes":[]},{"id":5473,"url":"https:\/\/www.mellecereza.fr\/blog\/mariage-d-hiver-romantique-atelier-174\/","url_meta":{"origin":2010,"position":1},"title":"Mariage d&rsquo;hiver romantique, dans l&rsquo;atelier #174","date":"16 octobre 2016","format":false,"excerpt":"Mariage d'hiver romantique, une semaine dans l'atelier de Mademoiselle Cereza Les futures mari\u00e9es Mademoiselle Cereza ont choisi des coloris tout doux pour leur mariage d'hiver romantique : des rose p\u00e2le, rose poudr\u00e9, gris et blanc \u2665 Cette semaine l'atelier a pris des tons pastels, et j'ai une tendresse toute particuli\u00e8re\u2026","rel":"","context":"Dans &quot;Dans l'atelier&quot;","img":{"alt_text":"mariage d'hiver romantique Mademoiselle Cereza","src":"https:\/\/i0.wp.com\/www.mellecereza.fr\/blog\/wp-content\/uploads\/2016\/10\/74r-mariage-d-hiver-romantique-bijoux-accessoires-mariee-made-in-france-cereza-mademoiselle.jpg?resize=350%2C200&ssl=1","width":350,"height":200},"classes":[]},{"id":5501,"url":"https:\/\/www.mellecereza.fr\/blog\/mariage-hiver-pastel-latelier-175\/","url_meta":{"origin":2010,"position":2},"title":"Mariage hiver pastel, dans l&rsquo;atelier #175","date":"22 octobre 2016","format":false,"excerpt":"Mariage hiver pastel, une semaine dans l'atelier de Mademoiselle Cereza #175 \u00a0 La semaine derni\u00e8re sur le blog vous avez vu l'avanc\u00e9e de la cr\u00e9ation d'un bouquet de mari\u00e9e original sur-mesure dans les tons rose poudr\u00e9, gris et blanc. Comme la future mari\u00e9e h\u00e9sitait sur les finitions de son bouquet,\u2026","rel":"","context":"Dans &quot;Dans l'atelier&quot;","img":{"alt_text":"mariage hiver pastel rose poudre gris blanc bijou cristal","src":"https:\/\/i0.wp.com\/www.mellecereza.fr\/blog\/wp-content\/uploads\/2016\/10\/75r-mariage-hiver-pastel-bouquet-mariee-original-accessoires-cereza-mademoiselle.jpg?resize=350%2C200&ssl=1","width":350,"height":200},"classes":[]},{"id":4528,"url":"https:\/\/www.mellecereza.fr\/blog\/nouveaux-accessoires-mariage-2016-latelier149\/","url_meta":{"origin":2010,"position":3},"title":"Nouveaux accessoires mariage 2016, l&rsquo;atelier#149","date":"18 janvier 2016","format":false,"excerpt":"Nouveaux accessoires mariage 2016 Le temps frisquet vous pousse \u00e0 rester blottie sous la couette ? Cela tombe bien : dans la boutique les nouveaux accessoires mariage 2016 prennent place, vous allez pouvoir choisir les v\u00f4tres bien au chaud ! Cette semaine dans l'atelier on a beaucoup travaill\u00e9 \u00e0 vous\u2026","rel":"","context":"Dans &quot;Dans l'atelier&quot;","img":{"alt_text":"nouveaux accesoires mariage 2016 blog mariage cereza mademoiselle","src":"https:\/\/i0.wp.com\/www.mellecereza.fr\/blog\/wp-content\/uploads\/2016\/01\/49r-nouveaux-accesoires-mariage-2016-cereza-mademoiselle.jpg?resize=350%2C200&ssl=1","width":350,"height":200},"classes":[]},{"id":5244,"url":"https:\/\/www.mellecereza.fr\/blog\/mariage-rose-fuchsia-parme-bordeaux-latelier\/","url_meta":{"origin":2010,"position":4},"title":"Mariage rose fuchsia, parme, bordeaux &#8230; dans l&rsquo;atelier","date":"3 juillet 2016","format":false,"excerpt":"Mariage rose fuchsia, parme, bordeaux Une semaine dans l'atelier vient de s'\u00e9couler avec le retour bienvenu du soleil, j'esp\u00e8re que vous avez toutes pu en profiter ! Comme pour se mettre au diapason de la douceur estivale de jolies couleurs sont venues agr\u00e9menter les bijoux et accessoires dans l'atelier :\u2026","rel":"","context":"Dans &quot;Dans l'atelier&quot;","img":{"alt_text":"mariage rose fuchsia, parme, bordeaux","src":"https:\/\/i0.wp.com\/www.mellecereza.fr\/blog\/wp-content\/uploads\/2016\/07\/71r-mariage-rose-fuchsia-parme-bordeaux-original-cereza-mademoiselle-2.jpg?resize=350%2C200&ssl=1","width":350,"height":200},"classes":[]},{"id":5415,"url":"https:\/\/www.mellecereza.fr\/blog\/bouquets-bijoux-mariage-latelier-173\/","url_meta":{"origin":2010,"position":5},"title":"Bouquets bijoux mariage, dans l&rsquo;atelier #173","date":"24 septembre 2016","format":false,"excerpt":"Bouquets bijoux mariage, une semaine dans l'atelier de Mademoiselle Cereza Petit moment privil\u00e9gi\u00e9 entre vous et moi, ce moment de la semaine o\u00f9 je vous d\u00e9voile les coulisses de l'atelier Mademoiselle Cereza des derniers jours \u2665 \u00a0Des broches bijoux pr\u00eates \u00e0 rejoindre la future mari\u00e9e \u2665 ** Les broches bijoux\u2026","rel":"","context":"Dans &quot;Dans l'atelier&quot;","img":{"alt_text":"bouquets bijoux mariage Mademoiselle Cereza","src":"https:\/\/i0.wp.com\/www.mellecereza.fr\/blog\/wp-content\/uploads\/2016\/09\/73r-bouquets-bijoux-mariage-cereza-mademoiselle.jpg?resize=350%2C200&ssl=1","width":350,"height":200},"classes":[]}],"_links":{"self":[{"href":"https:\/\/www.mellecereza.fr\/blog\/wp-json\/wp\/v2\/posts\/2010"}],"collection":[{"href":"https:\/\/www.mellecereza.fr\/blog\/wp-json\/wp\/v2\/posts"}],"about":[{"href":"https:\/\/www.mellecereza.fr\/blog\/wp-json\/wp\/v2\/types\/post"}],"author":[{"embeddable":true,"href":"https:\/\/www.mellecereza.fr\/blog\/wp-json\/wp\/v2\/users\/1"}],"replies":[{"embeddable":true,"href":"https:\/\/www.mellecereza.fr\/blog\/wp-json\/wp\/v2\/comments?post=2010"}],"version-history":[{"count":16,"href":"https:\/\/www.mellecereza.fr\/blog\/wp-json\/wp\/v2\/posts\/2010\/revisions"}],"predecessor-version":[{"id":6656,"href":"https:\/\/www.mellecereza.fr\/blog\/wp-json\/wp\/v2\/posts\/2010\/revisions\/6656"}],"wp:featuredmedia":[{"embeddable":true,"href":"https:\/\/www.mellecereza.fr\/blog\/wp-json\/wp\/v2\/media\/2011"}],"wp:attachment":[{"href":"https:\/\/www.mellecereza.fr\/blog\/wp-json\/wp\/v2\/media?parent=2010"}],"wp:term":[{"taxonomy":"category","embeddable":true,"href":"https:\/\/www.mellecereza.fr\/blog\/wp-json\/wp\/v2\/categories?post=2010"},{"taxonomy":"post_tag","embeddable":true,"href":"https:\/\/www.mellecereza.fr\/blog\/wp-json\/wp\/v2\/tags?post=2010"}],"curies":[{"name":"wp","href":"https:\/\/api.w.org\/{rel}","templated":true}]}}