{"id":3504,"date":"2015-05-10T11:18:43","date_gmt":"2015-05-10T09:18:43","guid":{"rendered":"http:\/\/www.mellecereza.fr\/blog\/?p=3504"},"modified":"2015-10-24T13:41:47","modified_gmt":"2015-10-24T11:41:47","slug":"mariage-retro-chic-dentelle-latelier-126","status":"publish","type":"post","link":"https:\/\/www.mellecereza.fr\/blog\/mariage-retro-chic-dentelle-latelier-126\/","title":{"rendered":"Mariage r\u00e9tro chic dentelle dans l&rsquo;atelier #126"},"content":{"rendered":"<h5>Mariage r\u00e9tro chic dentelle dans l&rsquo;atelier cette semaine<\/h5>\n<p style=\"text-align: center;\">Revenir sur les cr\u00e9ations, les petits &amp; grands \u00e9v\u00e9nements de la semaine, les jolies d\u00e9couvertes, mes \u00e9changes avec les futures mari\u00e9es, toutes ces belles et petites choses qui me donnent le sourire au fil des jours &#8230; Tout cela prend un nouveau sens le dimanche lorsque je partage ces moments avec vous, que vous soyez de passage pour la 1\u00e8re fois sur le <strong>blog mariage<\/strong> Mademoiselle Cereza ou que vous soyez une fid\u00e8le lectrice.<\/p>\n<p style=\"text-align: center;\">Revenir sur ces moments c&rsquo;est un peu vous parler de mes petits bonheurs de la semaine, et les revivre une nouvelle fois &#8211; <del>bisounours moi ?<\/del> &#8211; en esp\u00e9rant que ces belles ondes vous inspirent des sourires \u00e9galement, cette semaine est plac\u00e9e sous le th\u00e8me <strong>mariage r\u00e9tro chic dentelle<\/strong> \ud83d\ude09<\/p>\n<p style=\"text-align: center;\"><a href=\"http:\/\/www.mellecereza.fr\/blog\/wp-content\/uploads\/2015\/05\/126r-mariage-r\u00e9tro-chic-bijoux-accessoires-mariee-personnalise-cereza-mademoiselle.jpg\"><img data-attachment-id=\"3505\" data-permalink=\"https:\/\/www.mellecereza.fr\/blog\/mariage-retro-chic-dentelle-latelier-126\/126r-mariage-retro-chic-bijoux-accessoires-mariee-personnalise-cereza-mademoiselle\/#main\" data-orig-file=\"https:\/\/www.mellecereza.fr\/blog\/wp-content\/uploads\/2015\/05\/126r-mariage-r\u00e9tro-chic-bijoux-accessoires-mariee-personnalise-cereza-mademoiselle.jpg\" data-orig-size=\"800,600\" data-comments-opened=\"1\" data-image-meta=\"{&quot;aperture&quot;:&quot;0&quot;,&quot;credit&quot;:&quot;Picasa&quot;,&quot;camera&quot;:&quot;&quot;,&quot;caption&quot;:&quot;&quot;,&quot;created_timestamp&quot;:&quot;1431245228&quot;,&quot;copyright&quot;:&quot;&quot;,&quot;focal_length&quot;:&quot;0&quot;,&quot;iso&quot;:&quot;0&quot;,&quot;shutter_speed&quot;:&quot;0&quot;,&quot;title&quot;:&quot;&quot;}\" data-image-title=\"mariage r\u00e9tro chic bijoux accessoires mariee personnalise cereza mademoiselle\" data-image-description=\"\" data-image-caption=\"\" data-medium-file=\"https:\/\/www.mellecereza.fr\/blog\/wp-content\/uploads\/2015\/05\/126r-mariage-r\u00e9tro-chic-bijoux-accessoires-mariee-personnalise-cereza-mademoiselle-600x450.jpg\" data-large-file=\"https:\/\/www.mellecereza.fr\/blog\/wp-content\/uploads\/2015\/05\/126r-mariage-r\u00e9tro-chic-bijoux-accessoires-mariee-personnalise-cereza-mademoiselle.jpg\" decoding=\"async\" loading=\"lazy\" class=\"aligncenter size-medium wp-image-3505\" alt=\"mariage r\u00e9tro chic dentelle bijoux accessoires mariee personnalise cereza mademoiselle\" src=\"http:\/\/www.mellecereza.fr\/blog\/wp-content\/uploads\/2015\/05\/126r-mariage-r\u00e9tro-chic-bijoux-accessoires-mariee-personnalise-cereza-mademoiselle-600x450.jpg\" width=\"600\" height=\"450\" srcset=\"https:\/\/www.mellecereza.fr\/blog\/wp-content\/uploads\/2015\/05\/126r-mariage-r\u00e9tro-chic-bijoux-accessoires-mariee-personnalise-cereza-mademoiselle-600x450.jpg 600w, https:\/\/www.mellecereza.fr\/blog\/wp-content\/uploads\/2015\/05\/126r-mariage-r\u00e9tro-chic-bijoux-accessoires-mariee-personnalise-cereza-mademoiselle-450x337.jpg 450w, https:\/\/www.mellecereza.fr\/blog\/wp-content\/uploads\/2015\/05\/126r-mariage-r\u00e9tro-chic-bijoux-accessoires-mariee-personnalise-cereza-mademoiselle.jpg 800w\" sizes=\"(max-width: 600px) 100vw, 600px\" \/><\/a><\/p>\n<p style=\"text-align: center;\">\u00a0Dans un esprit mariage r\u00e9tro chic dentelle, <a title=\"Robes de mari\u00e9e dentelle : 7 mod\u00e8les qui vous feront craquer !\" href=\"http:\/\/www.mellecereza.fr\/blog\/robes-de-mariee-dentelle-7-modeles-craquer\/\">7 robes de mari\u00e9es \u00e0 d\u00e9couvrir<\/a><\/p>\n<p style=\"text-align: center;\"><a href=\"http:\/\/www.mellecereza.fr\/blog\/wp-content\/uploads\/2015\/05\/robe-de-mariee-dentelle-guipure-ivoire-rosa-clara-2015-modele-sabine2.jpg\"><img data-attachment-id=\"3470\" data-permalink=\"https:\/\/www.mellecereza.fr\/blog\/robes-de-mariee-dentelle-7-modeles-craquer\/robe-de-mariee-dentelle-guipure-ivoire-rosa-clara-2015-modele-sabine2\/#main\" data-orig-file=\"https:\/\/www.mellecereza.fr\/blog\/wp-content\/uploads\/2015\/05\/robe-de-mariee-dentelle-guipure-ivoire-rosa-clara-2015-modele-sabine2.jpg\" data-orig-size=\"480,600\" data-comments-opened=\"1\" data-image-meta=\"{&quot;aperture&quot;:&quot;0&quot;,&quot;credit&quot;:&quot;&quot;,&quot;camera&quot;:&quot;&quot;,&quot;caption&quot;:&quot;&quot;,&quot;created_timestamp&quot;:&quot;0&quot;,&quot;copyright&quot;:&quot;Outumuro Estudio&quot;,&quot;focal_length&quot;:&quot;0&quot;,&quot;iso&quot;:&quot;0&quot;,&quot;shutter_speed&quot;:&quot;0&quot;,&quot;title&quot;:&quot;&quot;}\" data-image-title=\"mariage r\u00e9tro chic robe de mariee ann\u00e9es 50 dentelle guipure ivoire rosa clara 2015 modele sabine2\" data-image-description=\"\" data-image-caption=\"\" data-medium-file=\"https:\/\/www.mellecereza.fr\/blog\/wp-content\/uploads\/2015\/05\/robe-de-mariee-dentelle-guipure-ivoire-rosa-clara-2015-modele-sabine2.jpg\" data-large-file=\"https:\/\/www.mellecereza.fr\/blog\/wp-content\/uploads\/2015\/05\/robe-de-mariee-dentelle-guipure-ivoire-rosa-clara-2015-modele-sabine2.jpg\" decoding=\"async\" loading=\"lazy\" class=\"aligncenter size-full wp-image-3470\" alt=\"mariage r\u00e9tro chic dentelle robe de mariee ann\u00e9es 50 guipure ivoire rosa clara 2015 modele sabine2\" src=\"http:\/\/www.mellecereza.fr\/blog\/wp-content\/uploads\/2015\/05\/robe-de-mariee-dentelle-guipure-ivoire-rosa-clara-2015-modele-sabine2.jpg\" width=\"480\" height=\"600\" srcset=\"https:\/\/www.mellecereza.fr\/blog\/wp-content\/uploads\/2015\/05\/robe-de-mariee-dentelle-guipure-ivoire-rosa-clara-2015-modele-sabine2.jpg 480w, https:\/\/www.mellecereza.fr\/blog\/wp-content\/uploads\/2015\/05\/robe-de-mariee-dentelle-guipure-ivoire-rosa-clara-2015-modele-sabine2-360x450.jpg 360w\" sizes=\"(max-width: 480px) 100vw, 480px\" \/><\/a><\/p>\n<p style=\"text-align: center;\">\u00a0Confectionner les p\u00e9tales d&rsquo;un futur bouquet bijou pour un <strong>mariage r\u00e9tro chic<\/strong><\/p>\n<p><a href=\"http:\/\/www.mellecereza.fr\/blog\/wp-content\/uploads\/2015\/05\/mariage-vieux-rose-p\u00e9tales-de-fleurs-accessoire-mariee-mademoiselle-cereza.jpg\"><img data-attachment-id=\"3506\" data-permalink=\"https:\/\/www.mellecereza.fr\/blog\/mariage-retro-chic-dentelle-latelier-126\/mariage-vieux-rose-petales-de-fleurs-accessoire-mariee-mademoiselle-cereza\/#main\" data-orig-file=\"https:\/\/www.mellecereza.fr\/blog\/wp-content\/uploads\/2015\/05\/mariage-vieux-rose-p\u00e9tales-de-fleurs-accessoire-mariee-mademoiselle-cereza.jpg\" data-orig-size=\"640,640\" data-comments-opened=\"1\" data-image-meta=\"{&quot;aperture&quot;:&quot;0&quot;,&quot;credit&quot;:&quot;&quot;,&quot;camera&quot;:&quot;&quot;,&quot;caption&quot;:&quot;&quot;,&quot;created_timestamp&quot;:&quot;0&quot;,&quot;copyright&quot;:&quot;&quot;,&quot;focal_length&quot;:&quot;0&quot;,&quot;iso&quot;:&quot;0&quot;,&quot;shutter_speed&quot;:&quot;0&quot;,&quot;title&quot;:&quot;&quot;}\" data-image-title=\"mariage r\u00e9tro chic vieux rose p\u00e9tales de fleurs accessoire mariee mademoiselle cereza\" data-image-description=\"\" data-image-caption=\"\" data-medium-file=\"https:\/\/www.mellecereza.fr\/blog\/wp-content\/uploads\/2015\/05\/mariage-vieux-rose-p\u00e9tales-de-fleurs-accessoire-mariee-mademoiselle-cereza-600x600.jpg\" data-large-file=\"https:\/\/www.mellecereza.fr\/blog\/wp-content\/uploads\/2015\/05\/mariage-vieux-rose-p\u00e9tales-de-fleurs-accessoire-mariee-mademoiselle-cereza.jpg\" decoding=\"async\" loading=\"lazy\" class=\"aligncenter size-medium wp-image-3506\" alt=\"mariage r\u00e9tro chic vieux rose p\u00e9tales de fleurs accessoire mariee mademoiselle cereza\" src=\"http:\/\/www.mellecereza.fr\/blog\/wp-content\/uploads\/2015\/05\/mariage-vieux-rose-p\u00e9tales-de-fleurs-accessoire-mariee-mademoiselle-cereza-600x600.jpg\" width=\"600\" height=\"600\" srcset=\"https:\/\/www.mellecereza.fr\/blog\/wp-content\/uploads\/2015\/05\/mariage-vieux-rose-p\u00e9tales-de-fleurs-accessoire-mariee-mademoiselle-cereza-600x600.jpg 600w, https:\/\/www.mellecereza.fr\/blog\/wp-content\/uploads\/2015\/05\/mariage-vieux-rose-p\u00e9tales-de-fleurs-accessoire-mariee-mademoiselle-cereza-450x450.jpg 450w, https:\/\/www.mellecereza.fr\/blog\/wp-content\/uploads\/2015\/05\/mariage-vieux-rose-p\u00e9tales-de-fleurs-accessoire-mariee-mademoiselle-cereza-210x210.jpg 210w, https:\/\/www.mellecereza.fr\/blog\/wp-content\/uploads\/2015\/05\/mariage-vieux-rose-p\u00e9tales-de-fleurs-accessoire-mariee-mademoiselle-cereza-60x60.jpg 60w, https:\/\/www.mellecereza.fr\/blog\/wp-content\/uploads\/2015\/05\/mariage-vieux-rose-p\u00e9tales-de-fleurs-accessoire-mariee-mademoiselle-cereza.jpg 640w\" sizes=\"(max-width: 600px) 100vw, 600px\" \/><\/a><\/p>\n<p style=\"text-align: center;\">\u00a0Prendre beaucoup de plaisir \u00e0 travailler les d\u00e9tails d&rsquo;un <strong><a title=\"bouquet de mari\u00e9e bijou\" href=\"http:\/\/www.mellecereza.fr\/bouquet-de-mariee-original\/77-bouquet-de-mariage-rustique-chic-jeanne-bijou-et-lin.html\">bouquet bijou<\/a><\/strong> pour un mariage r\u00e9tro chic dentelle<\/p>\n<p><a href=\"http:\/\/www.mellecereza.fr\/blog\/wp-content\/uploads\/2015\/05\/bouquet-de-mariage-lin-dentelle-perles-beige-banc-mademoiselle-cereza-b.jpg\"><img data-attachment-id=\"3507\" data-permalink=\"https:\/\/www.mellecereza.fr\/blog\/mariage-retro-chic-dentelle-latelier-126\/bouquet-de-mariage-lin-dentelle-perles-beige-banc-mademoiselle-cereza-b\/#main\" data-orig-file=\"https:\/\/www.mellecereza.fr\/blog\/wp-content\/uploads\/2015\/05\/bouquet-de-mariage-lin-dentelle-perles-beige-banc-mademoiselle-cereza-b.jpg\" data-orig-size=\"900,675\" data-comments-opened=\"1\" data-image-meta=\"{&quot;aperture&quot;:&quot;3.3&quot;,&quot;credit&quot;:&quot;&quot;,&quot;camera&quot;:&quot;DMC-TZ5&quot;,&quot;caption&quot;:&quot;&quot;,&quot;created_timestamp&quot;:&quot;1430914059&quot;,&quot;copyright&quot;:&quot;&quot;,&quot;focal_length&quot;:&quot;4.7&quot;,&quot;iso&quot;:&quot;100&quot;,&quot;shutter_speed&quot;:&quot;0.008&quot;,&quot;title&quot;:&quot;&quot;}\" data-image-title=\"mariage r\u00e9tro chic vieux rose p\u00e9tales de fleurs accessoire mariee mademoiselle cereza\" data-image-description=\"\" data-image-caption=\"\" data-medium-file=\"https:\/\/www.mellecereza.fr\/blog\/wp-content\/uploads\/2015\/05\/bouquet-de-mariage-lin-dentelle-perles-beige-banc-mademoiselle-cereza-b-600x450.jpg\" data-large-file=\"https:\/\/www.mellecereza.fr\/blog\/wp-content\/uploads\/2015\/05\/bouquet-de-mariage-lin-dentelle-perles-beige-banc-mademoiselle-cereza-b.jpg\" decoding=\"async\" loading=\"lazy\" class=\"aligncenter size-medium wp-image-3507\" alt=\"mariage r\u00e9tro chic vieux rose p\u00e9tales de fleurs accessoire mariee mademoiselle cereza\" src=\"http:\/\/www.mellecereza.fr\/blog\/wp-content\/uploads\/2015\/05\/bouquet-de-mariage-lin-dentelle-perles-beige-banc-mademoiselle-cereza-b-600x450.jpg\" width=\"600\" height=\"450\" srcset=\"https:\/\/www.mellecereza.fr\/blog\/wp-content\/uploads\/2015\/05\/bouquet-de-mariage-lin-dentelle-perles-beige-banc-mademoiselle-cereza-b-600x450.jpg 600w, https:\/\/www.mellecereza.fr\/blog\/wp-content\/uploads\/2015\/05\/bouquet-de-mariage-lin-dentelle-perles-beige-banc-mademoiselle-cereza-b-450x337.jpg 450w, https:\/\/www.mellecereza.fr\/blog\/wp-content\/uploads\/2015\/05\/bouquet-de-mariage-lin-dentelle-perles-beige-banc-mademoiselle-cereza-b.jpg 900w\" sizes=\"(max-width: 600px) 100vw, 600px\" \/><\/a><\/p>\n<p style=\"text-align: center;\">\u00a0Prendre en photos ces petits d\u00e9tails qui donnent tout leur sens aux accessoires de mari\u00e9e<\/p>\n<p><a href=\"http:\/\/www.mellecereza.fr\/blog\/wp-content\/uploads\/2015\/05\/porte-alliance-original-duo-fleur-blanc-perles-mademoiselle-cereza-3.jpg\"><img data-attachment-id=\"3508\" data-permalink=\"https:\/\/www.mellecereza.fr\/blog\/mariage-retro-chic-dentelle-latelier-126\/porte-alliance-original-duo-fleur-blanc-perles-mademoiselle-cereza-3\/#main\" data-orig-file=\"https:\/\/www.mellecereza.fr\/blog\/wp-content\/uploads\/2015\/05\/porte-alliance-original-duo-fleur-blanc-perles-mademoiselle-cereza-3.jpg\" data-orig-size=\"800,800\" data-comments-opened=\"1\" data-image-meta=\"{&quot;aperture&quot;:&quot;3.3&quot;,&quot;credit&quot;:&quot;&quot;,&quot;camera&quot;:&quot;DMC-TZ5&quot;,&quot;caption&quot;:&quot;&quot;,&quot;created_timestamp&quot;:&quot;1430854193&quot;,&quot;copyright&quot;:&quot;&quot;,&quot;focal_length&quot;:&quot;4.7&quot;,&quot;iso&quot;:&quot;100&quot;,&quot;shutter_speed&quot;:&quot;0.0166666666667&quot;,&quot;title&quot;:&quot;&quot;}\" data-image-title=\"porte alliance original duo fleur blanc perles mademoiselle cereza 3\" data-image-description=\"\" data-image-caption=\"\" data-medium-file=\"https:\/\/www.mellecereza.fr\/blog\/wp-content\/uploads\/2015\/05\/porte-alliance-original-duo-fleur-blanc-perles-mademoiselle-cereza-3-600x600.jpg\" data-large-file=\"https:\/\/www.mellecereza.fr\/blog\/wp-content\/uploads\/2015\/05\/porte-alliance-original-duo-fleur-blanc-perles-mademoiselle-cereza-3.jpg\" decoding=\"async\" loading=\"lazy\" class=\"aligncenter size-medium wp-image-3508\" alt=\"porte alliance original duo fleur blanc perles mademoiselle cereza 3\" src=\"http:\/\/www.mellecereza.fr\/blog\/wp-content\/uploads\/2015\/05\/porte-alliance-original-duo-fleur-blanc-perles-mademoiselle-cereza-3-600x600.jpg\" width=\"600\" height=\"600\" srcset=\"https:\/\/www.mellecereza.fr\/blog\/wp-content\/uploads\/2015\/05\/porte-alliance-original-duo-fleur-blanc-perles-mademoiselle-cereza-3-600x600.jpg 600w, https:\/\/www.mellecereza.fr\/blog\/wp-content\/uploads\/2015\/05\/porte-alliance-original-duo-fleur-blanc-perles-mademoiselle-cereza-3-450x450.jpg 450w, https:\/\/www.mellecereza.fr\/blog\/wp-content\/uploads\/2015\/05\/porte-alliance-original-duo-fleur-blanc-perles-mademoiselle-cereza-3-210x210.jpg 210w, https:\/\/www.mellecereza.fr\/blog\/wp-content\/uploads\/2015\/05\/porte-alliance-original-duo-fleur-blanc-perles-mademoiselle-cereza-3-60x60.jpg 60w, https:\/\/www.mellecereza.fr\/blog\/wp-content\/uploads\/2015\/05\/porte-alliance-original-duo-fleur-blanc-perles-mademoiselle-cereza-3.jpg 800w\" sizes=\"(max-width: 600px) 100vw, 600px\" \/><\/a><\/p>\n<p style=\"text-align: center;\">\u00a0Confectionner &amp; exp\u00e9dier un <strong><a title=\"porte alliance original\" href=\"http:\/\/www.mellecereza.fr\/13-porte-alliance-fleur-original\">porte alliance original<\/a><\/strong> pour un mariage champ\u00eatre chic gris &amp; blanc<\/p>\n<p><a href=\"http:\/\/www.mellecereza.fr\/blog\/wp-content\/uploads\/2015\/05\/mariage-champetre-porte-alliance-original-fleur-gris-blanc-cereza.jpg\"><img data-attachment-id=\"3509\" data-permalink=\"https:\/\/www.mellecereza.fr\/blog\/mariage-retro-chic-dentelle-latelier-126\/mariage-champetre-porte-alliance-original-fleur-gris-blanc-cereza\/#main\" data-orig-file=\"https:\/\/www.mellecereza.fr\/blog\/wp-content\/uploads\/2015\/05\/mariage-champetre-porte-alliance-original-fleur-gris-blanc-cereza.jpg\" data-orig-size=\"800,800\" data-comments-opened=\"1\" data-image-meta=\"{&quot;aperture&quot;:&quot;3.3&quot;,&quot;credit&quot;:&quot;&quot;,&quot;camera&quot;:&quot;DMC-TZ5&quot;,&quot;caption&quot;:&quot;&quot;,&quot;created_timestamp&quot;:&quot;1430312038&quot;,&quot;copyright&quot;:&quot;&quot;,&quot;focal_length&quot;:&quot;4.7&quot;,&quot;iso&quot;:&quot;100&quot;,&quot;shutter_speed&quot;:&quot;0.005&quot;,&quot;title&quot;:&quot;&quot;}\" data-image-title=\"mariage champetre porte alliance original fleur gris blanc cereza\" data-image-description=\"\" data-image-caption=\"\" data-medium-file=\"https:\/\/www.mellecereza.fr\/blog\/wp-content\/uploads\/2015\/05\/mariage-champetre-porte-alliance-original-fleur-gris-blanc-cereza-600x600.jpg\" data-large-file=\"https:\/\/www.mellecereza.fr\/blog\/wp-content\/uploads\/2015\/05\/mariage-champetre-porte-alliance-original-fleur-gris-blanc-cereza.jpg\" decoding=\"async\" loading=\"lazy\" class=\"aligncenter size-medium wp-image-3509\" alt=\"mariage champetre porte alliance original fleur gris blanc cereza\" src=\"http:\/\/www.mellecereza.fr\/blog\/wp-content\/uploads\/2015\/05\/mariage-champetre-porte-alliance-original-fleur-gris-blanc-cereza-600x600.jpg\" width=\"600\" height=\"600\" srcset=\"https:\/\/www.mellecereza.fr\/blog\/wp-content\/uploads\/2015\/05\/mariage-champetre-porte-alliance-original-fleur-gris-blanc-cereza-600x600.jpg 600w, https:\/\/www.mellecereza.fr\/blog\/wp-content\/uploads\/2015\/05\/mariage-champetre-porte-alliance-original-fleur-gris-blanc-cereza-450x450.jpg 450w, https:\/\/www.mellecereza.fr\/blog\/wp-content\/uploads\/2015\/05\/mariage-champetre-porte-alliance-original-fleur-gris-blanc-cereza-210x210.jpg 210w, https:\/\/www.mellecereza.fr\/blog\/wp-content\/uploads\/2015\/05\/mariage-champetre-porte-alliance-original-fleur-gris-blanc-cereza-60x60.jpg 60w, https:\/\/www.mellecereza.fr\/blog\/wp-content\/uploads\/2015\/05\/mariage-champetre-porte-alliance-original-fleur-gris-blanc-cereza.jpg 800w\" sizes=\"(max-width: 600px) 100vw, 600px\" \/><\/a><\/p>\n<p style=\"text-align: center;\">\u00a0Toujours dans l&rsquo;esprit mariage r\u00e9tro chic dentelle, personnaliser un porte alliance original en lin avec de jolis d\u00e9tails de dentelle<\/p>\n<p><a href=\"http:\/\/www.mellecereza.fr\/blog\/wp-content\/uploads\/2015\/05\/porte-alliance-mariage-lin-dentelle-beige-blanc-mademoiselle-cereza-b.jpg\"><img data-attachment-id=\"3511\" data-permalink=\"https:\/\/www.mellecereza.fr\/blog\/mariage-retro-chic-dentelle-latelier-126\/porte-alliance-mariage-lin-dentelle-beige-blanc-mademoiselle-cereza-b\/#main\" data-orig-file=\"https:\/\/www.mellecereza.fr\/blog\/wp-content\/uploads\/2015\/05\/porte-alliance-mariage-lin-dentelle-beige-blanc-mademoiselle-cereza-b.jpg\" data-orig-size=\"800,600\" data-comments-opened=\"1\" data-image-meta=\"{&quot;aperture&quot;:&quot;3.3&quot;,&quot;credit&quot;:&quot;&quot;,&quot;camera&quot;:&quot;DMC-TZ5&quot;,&quot;caption&quot;:&quot;&quot;,&quot;created_timestamp&quot;:&quot;1430913983&quot;,&quot;copyright&quot;:&quot;&quot;,&quot;focal_length&quot;:&quot;4.7&quot;,&quot;iso&quot;:&quot;100&quot;,&quot;shutter_speed&quot;:&quot;0.008&quot;,&quot;title&quot;:&quot;&quot;}\" data-image-title=\"porte alliance mariage lin dentelle beige blanc mademoiselle cereza b\" data-image-description=\"\" data-image-caption=\"\" data-medium-file=\"https:\/\/www.mellecereza.fr\/blog\/wp-content\/uploads\/2015\/05\/porte-alliance-mariage-lin-dentelle-beige-blanc-mademoiselle-cereza-b-600x450.jpg\" data-large-file=\"https:\/\/www.mellecereza.fr\/blog\/wp-content\/uploads\/2015\/05\/porte-alliance-mariage-lin-dentelle-beige-blanc-mademoiselle-cereza-b.jpg\" decoding=\"async\" loading=\"lazy\" class=\"aligncenter size-medium wp-image-3511\" alt=\"porte alliance mariage lin dentelle beige blanc mademoiselle cereza b\" src=\"http:\/\/www.mellecereza.fr\/blog\/wp-content\/uploads\/2015\/05\/porte-alliance-mariage-lin-dentelle-beige-blanc-mademoiselle-cereza-b-600x450.jpg\" width=\"600\" height=\"450\" srcset=\"https:\/\/www.mellecereza.fr\/blog\/wp-content\/uploads\/2015\/05\/porte-alliance-mariage-lin-dentelle-beige-blanc-mademoiselle-cereza-b-600x450.jpg 600w, https:\/\/www.mellecereza.fr\/blog\/wp-content\/uploads\/2015\/05\/porte-alliance-mariage-lin-dentelle-beige-blanc-mademoiselle-cereza-b-450x337.jpg 450w, https:\/\/www.mellecereza.fr\/blog\/wp-content\/uploads\/2015\/05\/porte-alliance-mariage-lin-dentelle-beige-blanc-mademoiselle-cereza-b.jpg 800w\" sizes=\"(max-width: 600px) 100vw, 600px\" \/><\/a><\/p>\n<p style=\"text-align: center;\">\u00a0L&rsquo;\u00e9nOOOrme fou rire de la semaine lorsque mon amoureux m&rsquo;a pr\u00e9par\u00e9 mon pamplemousse<\/p>\n<p><a href=\"http:\/\/www.mellecereza.fr\/blog\/wp-content\/uploads\/2015\/05\/pamplemousse-healthy.jpg\"><img data-attachment-id=\"3512\" data-permalink=\"https:\/\/www.mellecereza.fr\/blog\/mariage-retro-chic-dentelle-latelier-126\/pamplemousse-healthy\/#main\" data-orig-file=\"https:\/\/www.mellecereza.fr\/blog\/wp-content\/uploads\/2015\/05\/pamplemousse-healthy.jpg\" data-orig-size=\"640,640\" data-comments-opened=\"1\" data-image-meta=\"{&quot;aperture&quot;:&quot;0&quot;,&quot;credit&quot;:&quot;&quot;,&quot;camera&quot;:&quot;&quot;,&quot;caption&quot;:&quot;&quot;,&quot;created_timestamp&quot;:&quot;0&quot;,&quot;copyright&quot;:&quot;&quot;,&quot;focal_length&quot;:&quot;0&quot;,&quot;iso&quot;:&quot;0&quot;,&quot;shutter_speed&quot;:&quot;0&quot;,&quot;title&quot;:&quot;&quot;}\" data-image-title=\"pamplemousse healthy\" data-image-description=\"\" data-image-caption=\"\" data-medium-file=\"https:\/\/www.mellecereza.fr\/blog\/wp-content\/uploads\/2015\/05\/pamplemousse-healthy-600x600.jpg\" data-large-file=\"https:\/\/www.mellecereza.fr\/blog\/wp-content\/uploads\/2015\/05\/pamplemousse-healthy.jpg\" decoding=\"async\" loading=\"lazy\" class=\"aligncenter size-medium wp-image-3512\" alt=\"pamplemousse healthy\" src=\"http:\/\/www.mellecereza.fr\/blog\/wp-content\/uploads\/2015\/05\/pamplemousse-healthy-600x600.jpg\" width=\"600\" height=\"600\" srcset=\"https:\/\/www.mellecereza.fr\/blog\/wp-content\/uploads\/2015\/05\/pamplemousse-healthy-600x600.jpg 600w, https:\/\/www.mellecereza.fr\/blog\/wp-content\/uploads\/2015\/05\/pamplemousse-healthy-450x450.jpg 450w, https:\/\/www.mellecereza.fr\/blog\/wp-content\/uploads\/2015\/05\/pamplemousse-healthy-210x210.jpg 210w, https:\/\/www.mellecereza.fr\/blog\/wp-content\/uploads\/2015\/05\/pamplemousse-healthy-60x60.jpg 60w, https:\/\/www.mellecereza.fr\/blog\/wp-content\/uploads\/2015\/05\/pamplemousse-healthy.jpg 640w\" sizes=\"(max-width: 600px) 100vw, 600px\" \/><\/a><\/p>\n<p>&nbsp;<\/p>\n<p>Cette semaine des cr\u00e9atrices d&rsquo;autres horizons vous d\u00e9voilent les coulisses de leur atelier :<\/p>\n<p><span style=\"font-size: x-small;\">Lara, J\u2019en ai pas l\u2019air :\u00a0<a href=\"http:\/\/www.jenaipaslair.fr\/newsite\/blog-de-brodeuse\/\" target=\"_blank\">\u00a0<\/a><a href=\"http:\/\/www.jenaipaslair.fr\/newsite\/idee-cadeau-original-maman\/\" target=\"_blank\">id\u00e9e cadeau original maman<\/a><\/span><\/p>\n<p><span style=\"font-size: x-small;\">Virginie, Lili &amp; le Scarab\u00e9e ROz :\u00a0<a href=\"http:\/\/www.lilietlescarabeeroz.com\/blog\/journee-atelier-lili-et-le-scarabee-roz\/\" target=\"_blank\">\u00a0bijou fantaisie\u00a0<\/a><\/span><\/p>\n<p><span style=\"font-size: x-small;\">Pascale, Gazouillis &amp; Cie :<a href=\"http:\/\/blog.gazouillisetcie.fr\/2015\/04\/27\/les-trois-dernieres-semaines-dans-latelier-demenagement-stage-de-preparation-a-linstallation-et-un-peu-de-tricot\/\" target=\"_blank\">\u00a0<\/a><a href=\"http:\/\/woolkitfactory.gazouillisetcie.fr\/\" target=\"_blank\">boutique atelier laine, cours de tricot, mercerie \u00e0 Morcenx dans les Landes<\/a><\/span><\/p>\n<p><span style=\"font-size: x-small;\">Isabelle, Dessine-moi un pr\u00e9nom :<a href=\"http:\/\/blog.dessine-moi-un-prenom.com\/une-semaine-a-latelier-116-tableaux-personnalises\/\" target=\"_blank\">\u00a0tableaux personnalis\u00e9s<\/a><\/span><\/p>\n<p><span style=\"font-size: x-small;\">Aline, La Caverne \u00e0 Cr\u00e9ations :<a href=\"http:\/\/la-caverne-a-creations.over-blog.com\/2015\/04\/ma-semaine-a-l-atelier-10-2015.html\" target=\"_blank\">\u00a0<\/a>bola de grossesse<\/span><\/p>\n<p><span style=\"font-size: x-small;\">Florence, Brodi Broda\u00a0<\/span><\/p>\n<p><span style=\"font-size: x-small;\">Sandrine, Miss &amp; Cie : ouverture boutique concept store enfant<\/span><\/p>\n<p><span style=\"font-size: x-small;\">Juliana, Tanzania Cr\u00e9ations\u00a0<\/span><\/p>\n<p><span style=\"font-size: x-small;\">Barbara,\u00a0<a href=\"http:\/\/feevitaminee.canalblog.com\/archives\/2015\/05\/11\/32035872.html\" target=\"_blank\">La F\u00e9e vitamin\u00e9e<\/a><\/span><\/p>\n<div class=\"post_signature\"><img src=\"https:\/\/www.mellecereza.fr\/blog\/wp-content\/uploads\/2020\/02\/sign-200-FEV-15d1.png\" \/><\/div>","protected":false},"excerpt":{"rendered":"<p>Mariage r\u00e9tro chic dentelle dans l&rsquo;atelier cette semaine Revenir sur les cr\u00e9ations, les petits &amp; grands \u00e9v\u00e9nements de la semaine, les jolies d\u00e9couvertes, mes \u00e9changes avec les futures mari\u00e9es, toutes ces belles et petites choses qui me donnent le sourire&#8230;<\/p>\n","protected":false},"author":1,"featured_media":3505,"comment_status":"open","ping_status":"open","sticky":false,"template":"","format":"standard","meta":{"jetpack_post_was_ever_published":false,"jetpack_publicize_message":"","jetpack_is_tweetstorm":false,"jetpack_publicize_feature_enabled":true,"jetpack_social_post_already_shared":true,"jetpack_social_options":{"image_generator_settings":{"template":"highway","enabled":false}}},"categories":[19],"tags":[227,68,290,121,22],"jetpack_publicize_connections":[],"yoast_head":"<!-- This site is optimized with the Yoast SEO plugin v20.3 - https:\/\/yoast.com\/wordpress\/plugins\/seo\/ -->\n<title>Mariage r\u00e9tro chic dentelle dans l&#039;atelier #126 - Melle Cereza blog mariage original<\/title>\n<meta name=\"robots\" content=\"index, follow, max-snippet:-1, max-image-preview:large, max-video-preview:-1\" \/>\n<link rel=\"canonical\" href=\"https:\/\/www.mellecereza.fr\/blog\/mariage-retro-chic-dentelle-latelier-126\/\" \/>\n<meta property=\"og:locale\" content=\"fr_FR\" \/>\n<meta property=\"og:type\" content=\"article\" \/>\n<meta property=\"og:title\" content=\"Mariage r\u00e9tro chic dentelle dans l&#039;atelier #126 - Melle Cereza blog mariage original\" \/>\n<meta property=\"og:description\" content=\"Mariage r\u00e9tro chic dentelle dans l&rsquo;atelier cette semaine Revenir sur les cr\u00e9ations, les petits &amp; grands \u00e9v\u00e9nements de la semaine, les jolies d\u00e9couvertes, mes \u00e9changes avec les futures mari\u00e9es, toutes ces belles et petites choses qui me donnent le sourire...\" \/>\n<meta property=\"og:url\" content=\"https:\/\/www.mellecereza.fr\/blog\/mariage-retro-chic-dentelle-latelier-126\/\" \/>\n<meta property=\"og:site_name\" content=\"Melle Cereza blog mariage original\" \/>\n<meta property=\"article:published_time\" content=\"2015-05-10T09:18:43+00:00\" \/>\n<meta property=\"article:modified_time\" content=\"2015-10-24T11:41:47+00:00\" \/>\n<meta property=\"og:image\" content=\"https:\/\/www.mellecereza.fr\/blog\/wp-content\/uploads\/2015\/05\/126r-mariage-r\u00e9tro-chic-bijoux-accessoires-mariee-personnalise-cereza-mademoiselle.jpg\" \/>\n\t<meta property=\"og:image:width\" content=\"800\" \/>\n\t<meta property=\"og:image:height\" content=\"600\" \/>\n\t<meta property=\"og:image:type\" content=\"image\/jpeg\" \/>\n<meta name=\"author\" content=\"Cerise\" \/>\n<meta name=\"twitter:label1\" content=\"\u00c9crit par\" \/>\n\t<meta name=\"twitter:data1\" content=\"Cerise\" \/>\n\t<meta name=\"twitter:label2\" content=\"Dur\u00e9e de lecture estim\u00e9e\" \/>\n\t<meta name=\"twitter:data2\" content=\"2 minutes\" \/>\n<script type=\"application\/ld+json\" class=\"yoast-schema-graph\">{\"@context\":\"https:\/\/schema.org\",\"@graph\":[{\"@type\":\"WebPage\",\"@id\":\"https:\/\/www.mellecereza.fr\/blog\/mariage-retro-chic-dentelle-latelier-126\/\",\"url\":\"https:\/\/www.mellecereza.fr\/blog\/mariage-retro-chic-dentelle-latelier-126\/\",\"name\":\"Mariage r\u00e9tro chic dentelle dans l'atelier #126 - Melle Cereza blog mariage original\",\"isPartOf\":{\"@id\":\"https:\/\/www.mellecereza.fr\/blog\/#website\"},\"datePublished\":\"2015-05-10T09:18:43+00:00\",\"dateModified\":\"2015-10-24T11:41:47+00:00\",\"author\":{\"@id\":\"https:\/\/www.mellecereza.fr\/blog\/#\/schema\/person\/3ad20d39d7b07a33b39c2e111d852118\"},\"breadcrumb\":{\"@id\":\"https:\/\/www.mellecereza.fr\/blog\/mariage-retro-chic-dentelle-latelier-126\/#breadcrumb\"},\"inLanguage\":\"fr-FR\",\"potentialAction\":[{\"@type\":\"ReadAction\",\"target\":[\"https:\/\/www.mellecereza.fr\/blog\/mariage-retro-chic-dentelle-latelier-126\/\"]}]},{\"@type\":\"BreadcrumbList\",\"@id\":\"https:\/\/www.mellecereza.fr\/blog\/mariage-retro-chic-dentelle-latelier-126\/#breadcrumb\",\"itemListElement\":[{\"@type\":\"ListItem\",\"position\":1,\"name\":\"Accueil\",\"item\":\"https:\/\/www.mellecereza.fr\/blog\/\"},{\"@type\":\"ListItem\",\"position\":2,\"name\":\"Mariage r\u00e9tro chic dentelle dans l&rsquo;atelier #126\"}]},{\"@type\":\"WebSite\",\"@id\":\"https:\/\/www.mellecereza.fr\/blog\/#website\",\"url\":\"https:\/\/www.mellecereza.fr\/blog\/\",\"name\":\"Melle Cereza blog mariage original\",\"description\":\"Id\u00e9es et inspirations pour un joli mariage original, id\u00e9es d\u00e9co, bouquet, bijoux &amp; accessoires\",\"potentialAction\":[{\"@type\":\"SearchAction\",\"target\":{\"@type\":\"EntryPoint\",\"urlTemplate\":\"https:\/\/www.mellecereza.fr\/blog\/?s={search_term_string}\"},\"query-input\":\"required name=search_term_string\"}],\"inLanguage\":\"fr-FR\"},{\"@type\":\"Person\",\"@id\":\"https:\/\/www.mellecereza.fr\/blog\/#\/schema\/person\/3ad20d39d7b07a33b39c2e111d852118\",\"name\":\"Cerise\",\"image\":{\"@type\":\"ImageObject\",\"inLanguage\":\"fr-FR\",\"@id\":\"https:\/\/www.mellecereza.fr\/blog\/#\/schema\/person\/image\/\",\"url\":\"https:\/\/secure.gravatar.com\/avatar\/f8aa59be965caf71440dfd118dcb3362?s=96&d=identicon&r=g\",\"contentUrl\":\"https:\/\/secure.gravatar.com\/avatar\/f8aa59be965caf71440dfd118dcb3362?s=96&d=identicon&r=g\",\"caption\":\"Cerise\"},\"url\":\"https:\/\/www.mellecereza.fr\/blog\/author\/cerise\/\"}]}<\/script>\n<!-- \/ Yoast SEO plugin. -->","yoast_head_json":{"title":"Mariage r\u00e9tro chic dentelle dans l'atelier #126 - Melle Cereza blog mariage original","robots":{"index":"index","follow":"follow","max-snippet":"max-snippet:-1","max-image-preview":"max-image-preview:large","max-video-preview":"max-video-preview:-1"},"canonical":"https:\/\/www.mellecereza.fr\/blog\/mariage-retro-chic-dentelle-latelier-126\/","og_locale":"fr_FR","og_type":"article","og_title":"Mariage r\u00e9tro chic dentelle dans l'atelier #126 - Melle Cereza blog mariage original","og_description":"Mariage r\u00e9tro chic dentelle dans l&rsquo;atelier cette semaine Revenir sur les cr\u00e9ations, les petits &amp; grands \u00e9v\u00e9nements de la semaine, les jolies d\u00e9couvertes, mes \u00e9changes avec les futures mari\u00e9es, toutes ces belles et petites choses qui me donnent le sourire...","og_url":"https:\/\/www.mellecereza.fr\/blog\/mariage-retro-chic-dentelle-latelier-126\/","og_site_name":"Melle Cereza blog mariage original","article_published_time":"2015-05-10T09:18:43+00:00","article_modified_time":"2015-10-24T11:41:47+00:00","og_image":[{"width":800,"height":600,"url":"https:\/\/www.mellecereza.fr\/blog\/wp-content\/uploads\/2015\/05\/126r-mariage-r\u00e9tro-chic-bijoux-accessoires-mariee-personnalise-cereza-mademoiselle.jpg","type":"image\/jpeg"}],"author":"Cerise","twitter_misc":{"\u00c9crit par":"Cerise","Dur\u00e9e de lecture estim\u00e9e":"2 minutes"},"schema":{"@context":"https:\/\/schema.org","@graph":[{"@type":"WebPage","@id":"https:\/\/www.mellecereza.fr\/blog\/mariage-retro-chic-dentelle-latelier-126\/","url":"https:\/\/www.mellecereza.fr\/blog\/mariage-retro-chic-dentelle-latelier-126\/","name":"Mariage r\u00e9tro chic dentelle dans l'atelier #126 - Melle Cereza blog mariage original","isPartOf":{"@id":"https:\/\/www.mellecereza.fr\/blog\/#website"},"datePublished":"2015-05-10T09:18:43+00:00","dateModified":"2015-10-24T11:41:47+00:00","author":{"@id":"https:\/\/www.mellecereza.fr\/blog\/#\/schema\/person\/3ad20d39d7b07a33b39c2e111d852118"},"breadcrumb":{"@id":"https:\/\/www.mellecereza.fr\/blog\/mariage-retro-chic-dentelle-latelier-126\/#breadcrumb"},"inLanguage":"fr-FR","potentialAction":[{"@type":"ReadAction","target":["https:\/\/www.mellecereza.fr\/blog\/mariage-retro-chic-dentelle-latelier-126\/"]}]},{"@type":"BreadcrumbList","@id":"https:\/\/www.mellecereza.fr\/blog\/mariage-retro-chic-dentelle-latelier-126\/#breadcrumb","itemListElement":[{"@type":"ListItem","position":1,"name":"Accueil","item":"https:\/\/www.mellecereza.fr\/blog\/"},{"@type":"ListItem","position":2,"name":"Mariage r\u00e9tro chic dentelle dans l&rsquo;atelier #126"}]},{"@type":"WebSite","@id":"https:\/\/www.mellecereza.fr\/blog\/#website","url":"https:\/\/www.mellecereza.fr\/blog\/","name":"Melle Cereza blog mariage original","description":"Id\u00e9es et inspirations pour un joli mariage original, id\u00e9es d\u00e9co, bouquet, bijoux &amp; accessoires","potentialAction":[{"@type":"SearchAction","target":{"@type":"EntryPoint","urlTemplate":"https:\/\/www.mellecereza.fr\/blog\/?s={search_term_string}"},"query-input":"required name=search_term_string"}],"inLanguage":"fr-FR"},{"@type":"Person","@id":"https:\/\/www.mellecereza.fr\/blog\/#\/schema\/person\/3ad20d39d7b07a33b39c2e111d852118","name":"Cerise","image":{"@type":"ImageObject","inLanguage":"fr-FR","@id":"https:\/\/www.mellecereza.fr\/blog\/#\/schema\/person\/image\/","url":"https:\/\/secure.gravatar.com\/avatar\/f8aa59be965caf71440dfd118dcb3362?s=96&d=identicon&r=g","contentUrl":"https:\/\/secure.gravatar.com\/avatar\/f8aa59be965caf71440dfd118dcb3362?s=96&d=identicon&r=g","caption":"Cerise"},"url":"https:\/\/www.mellecereza.fr\/blog\/author\/cerise\/"}]}},"jetpack_featured_media_url":"https:\/\/www.mellecereza.fr\/blog\/wp-content\/uploads\/2015\/05\/126r-mariage-r\u00e9tro-chic-bijoux-accessoires-mariee-personnalise-cereza-mademoiselle.jpg","jetpack_shortlink":"https:\/\/wp.me\/p4ptN6-Uw","jetpack_sharing_enabled":true,"jetpack-related-posts":[{"id":3552,"url":"https:\/\/www.mellecereza.fr\/blog\/ces-petits-details-rendent-vie-belle\/","url_meta":{"origin":3504,"position":0},"title":"Ces petits d\u00e9tails qui rendent la vie plus belle, l&rsquo;atelier #127","date":"17 mai 2015","format":false,"excerpt":"Ces jolis petits d\u00e9tails qui rendent la vie plus belle . . . . . . il y en a eu plein cette semaine, non seulement parce que c'\u00e9tait mon anniversaire et que j'ai \u00e9t\u00e9 couverte d'attentions ;) mais aussi gr\u00e2ce aux futures mari\u00e9es qui m'envoient des petits mots p\u00e9tillants\u2026","rel":"","context":"Dans &quot;Dans l'atelier&quot;","img":{"alt_text":"","src":"https:\/\/i0.wp.com\/www.mellecereza.fr\/blog\/wp-content\/uploads\/2015\/05\/126r-ces-petits-d\u00e9tails-qui-rendent-la-vie-plus-belle-cereza-mademoiselle.jpg?resize=350%2C200&ssl=1","width":350,"height":200},"classes":[]},{"id":5415,"url":"https:\/\/www.mellecereza.fr\/blog\/bouquets-bijoux-mariage-latelier-173\/","url_meta":{"origin":3504,"position":1},"title":"Bouquets bijoux mariage, dans l&rsquo;atelier #173","date":"24 septembre 2016","format":false,"excerpt":"Bouquets bijoux mariage, une semaine dans l'atelier de Mademoiselle Cereza Petit moment privil\u00e9gi\u00e9 entre vous et moi, ce moment de la semaine o\u00f9 je vous d\u00e9voile les coulisses de l'atelier Mademoiselle Cereza des derniers jours \u2665 \u00a0Des broches bijoux pr\u00eates \u00e0 rejoindre la future mari\u00e9e \u2665 ** Les broches bijoux\u2026","rel":"","context":"Dans &quot;Dans l'atelier&quot;","img":{"alt_text":"bouquets bijoux mariage Mademoiselle Cereza","src":"https:\/\/i0.wp.com\/www.mellecereza.fr\/blog\/wp-content\/uploads\/2016\/09\/73r-bouquets-bijoux-mariage-cereza-mademoiselle.jpg?resize=350%2C200&ssl=1","width":350,"height":200},"classes":[]},{"id":3480,"url":"https:\/\/www.mellecereza.fr\/blog\/mariage-retro-chic-latelier-125\/","url_meta":{"origin":3504,"position":2},"title":"Mariage r\u00e9tro chic dans l&rsquo;atelier #125","date":"3 mai 2015","format":false,"excerpt":"Mariage r\u00e9tro chic : une semaine de confections et de petits \u00e9v\u00e9nements sous ce tr\u00e8s joli th\u00e8me dans l'atelier Mademoiselle Cereza L'atelier cette semaine a pris un petit c\u00f4t\u00e9 vintage pour se glisser du c\u00f4t\u00e9 de confections de mariage r\u00e9tro chic, un aper\u00e7u en photos des journ\u00e9es \u00e9coul\u00e9es au fil\u2026","rel":"","context":"Dans &quot;Dans l'atelier&quot;","img":{"alt_text":"mariage retro chic bijoux accessoires mariee personnalise sur-mesure cereza mademoiselle","src":"https:\/\/i0.wp.com\/www.mellecereza.fr\/blog\/wp-content\/uploads\/2015\/05\/125r-mariage-retro-chic-bijoux-accessoires-mariee-personnalise-sur-mesure-cereza-mademoiselle.jpg?resize=350%2C200&ssl=1","width":350,"height":200},"classes":[]},{"id":4915,"url":"https:\/\/www.mellecereza.fr\/blog\/mariage-dentelle-perles-romantique-100\/","url_meta":{"origin":3504,"position":3},"title":"Mariage dentelle perles romantique \u00e0 100%","date":"16 avril 2016","format":false,"excerpt":"Mariage dentelle perles romantique Cette semaine l'atelier a fourmill\u00e9 sous vos jolies demandes et je fonds pour tous les bijoux et accessoires de princesse que vous avez choisi \u2665 Bref une semaine toute en mariage dentelle perles romantique ! \u00a0S\u00e9lectionner la dentelle de Calais d'un bijou de t\u00eate et broder\u2026","rel":"","context":"Dans &quot;Dans l'atelier&quot;","img":{"alt_text":"mariage dentelle perles romantique bijoux mariage cereza mademoiselle","src":"https:\/\/i0.wp.com\/www.mellecereza.fr\/blog\/wp-content\/uploads\/2016\/04\/60r-mariage-dentelle-perles-romantique-cereza-mademoiselle.jpg?resize=350%2C200&ssl=1","width":350,"height":200},"classes":[]},{"id":583,"url":"https:\/\/www.mellecereza.fr\/blog\/mariage-douceur-pastel\/","url_meta":{"origin":3504,"position":4},"title":"Mariage douceur pastel Une semaine dans l&rsquo;atelier #78","date":"6 avril 2014","format":false,"excerpt":"Hello Ladies & Grooms L'atelier s'est mis en mode mariage\u00a0douceur pastel cette semaine. Les futures mari\u00e9es ont eu envie de dentelle aux reflets argent, de rose et gris, de plumes ... Je vous montre en d\u00e9tail ? Les fleurs d'un futur bouquet de mari\u00e9e personnalis\u00e9 en blanc cass\u00e9 et dentelle\u2026","rel":"","context":"Dans &quot;Dans l'atelier&quot;","img":{"alt_text":"","src":"https:\/\/i0.wp.com\/www.mellecereza.fr\/blog\/wp-content\/uploads\/2014\/04\/78r-6-AVRIL-mariage-rose-gris-champ\u00eatre-lin-dentelle-argent-parme-porte-alliance-personnalis\u00e9-violet-cereza-deco.jpg?resize=350%2C200&ssl=1","width":350,"height":200},"classes":[]},{"id":510,"url":"https:\/\/www.mellecereza.fr\/blog\/bouquet-demoiselle-dhonneur-mariage-colore\/","url_meta":{"origin":3504,"position":5},"title":"Entre bouquet de demoiselle d&rsquo;honneur et mariage color\u00e9 atelier #77","date":"30 mars 2014","format":false,"excerpt":"Hello Ladies & Grooms ! Une semaine p\u00e9tillante s'est d\u00e9roul\u00e9e dans l'atelier ! Bouquet de demoiselle d'honneur et mariage color\u00e9 ont \u00e9t\u00e9 les articles phares de ces derniers jours : une explosion de violet, fuchsia, turquoise, jaune, gris et bordeaux, les mariages 2014 sont vitamin\u00e9s \u2665 Vous pr\u00e9senter la jolie\u2026","rel":"","context":"Dans &quot;Dans l'atelier&quot;","img":{"alt_text":"","src":"https:\/\/i0.wp.com\/www.mellecereza.fr\/blog\/wp-content\/uploads\/2014\/03\/77r-30-mars-mariage-color\u00e9-sur-mesure-bouquet-mariee-tissu-original-\u00e9ternel-bouquet-demoiselle-d-honneur-turquoise-fuchsia-violet-cereza-deco.jpg?resize=350%2C200&ssl=1","width":350,"height":200},"classes":[]}],"_links":{"self":[{"href":"https:\/\/www.mellecereza.fr\/blog\/wp-json\/wp\/v2\/posts\/3504"}],"collection":[{"href":"https:\/\/www.mellecereza.fr\/blog\/wp-json\/wp\/v2\/posts"}],"about":[{"href":"https:\/\/www.mellecereza.fr\/blog\/wp-json\/wp\/v2\/types\/post"}],"author":[{"embeddable":true,"href":"https:\/\/www.mellecereza.fr\/blog\/wp-json\/wp\/v2\/users\/1"}],"replies":[{"embeddable":true,"href":"https:\/\/www.mellecereza.fr\/blog\/wp-json\/wp\/v2\/comments?post=3504"}],"version-history":[{"count":7,"href":"https:\/\/www.mellecereza.fr\/blog\/wp-json\/wp\/v2\/posts\/3504\/revisions"}],"predecessor-version":[{"id":3533,"href":"https:\/\/www.mellecereza.fr\/blog\/wp-json\/wp\/v2\/posts\/3504\/revisions\/3533"}],"wp:featuredmedia":[{"embeddable":true,"href":"https:\/\/www.mellecereza.fr\/blog\/wp-json\/wp\/v2\/media\/3505"}],"wp:attachment":[{"href":"https:\/\/www.mellecereza.fr\/blog\/wp-json\/wp\/v2\/media?parent=3504"}],"wp:term":[{"taxonomy":"category","embeddable":true,"href":"https:\/\/www.mellecereza.fr\/blog\/wp-json\/wp\/v2\/categories?post=3504"},{"taxonomy":"post_tag","embeddable":true,"href":"https:\/\/www.mellecereza.fr\/blog\/wp-json\/wp\/v2\/tags?post=3504"}],"curies":[{"name":"wp","href":"https:\/\/api.w.org\/{rel}","templated":true}]}}