{"id":3629,"date":"2015-06-07T08:00:41","date_gmt":"2015-06-07T06:00:41","guid":{"rendered":"http:\/\/www.mellecereza.fr\/blog\/?p=3629"},"modified":"2015-10-24T13:31:38","modified_gmt":"2015-10-24T11:31:38","slug":"changer-du-coussin-d-alliance","status":"publish","type":"post","link":"https:\/\/www.mellecereza.fr\/blog\/changer-du-coussin-d-alliance\/","title":{"rendered":"Changer du coussin d&rsquo;alliance &#038; summer time, l&rsquo;atelier #130"},"content":{"rendered":"<h5>Changer du coussin d&rsquo;alliance &amp; summer time<\/h5>\n<p style=\"text-align: center;\">Si il y a bien quelque chose qui r\u00e9jouit mes clientes c&rsquo;est qu&rsquo;en cherchant un accessoire pour changer du coussin d&rsquo;alliance traditionnel, elles trouvent des id\u00e9es originales dans la boutique \ud83d\ude09 Et lorsque le porte alliance de leur r\u00eave n&rsquo;existe pas encore j&rsquo;ai le plaisir de leur cr\u00e9er des mod\u00e8les sur-mesure.<\/p>\n<p style=\"text-align: center;\">L&rsquo;atelier cette semaine en photos<\/p>\n<p><a href=\"http:\/\/www.mellecereza.fr\/blog\/wp-content\/uploads\/2015\/06\/130-changer-du-coussin-d-alliance-id\u00e9e-originale-cereza-mademoiselle.jpg\"><img data-attachment-id=\"3630\" data-permalink=\"https:\/\/www.mellecereza.fr\/blog\/changer-du-coussin-d-alliance\/130-changer-du-coussin-d-alliance-idee-originale-cereza-mademoiselle\/#main\" data-orig-file=\"https:\/\/www.mellecereza.fr\/blog\/wp-content\/uploads\/2015\/06\/130-changer-du-coussin-d-alliance-id\u00e9e-originale-cereza-mademoiselle.jpg\" data-orig-size=\"800,600\" data-comments-opened=\"1\" data-image-meta=\"{&quot;aperture&quot;:&quot;0&quot;,&quot;credit&quot;:&quot;Picasa&quot;,&quot;camera&quot;:&quot;&quot;,&quot;caption&quot;:&quot;&quot;,&quot;created_timestamp&quot;:&quot;1433610273&quot;,&quot;copyright&quot;:&quot;&quot;,&quot;focal_length&quot;:&quot;0&quot;,&quot;iso&quot;:&quot;0&quot;,&quot;shutter_speed&quot;:&quot;0&quot;,&quot;title&quot;:&quot;&quot;}\" data-image-title=\"changer du coussin d alliance id\u00e9e originale cereza mademoiselle\" data-image-description=\"\" data-image-caption=\"\" data-medium-file=\"https:\/\/www.mellecereza.fr\/blog\/wp-content\/uploads\/2015\/06\/130-changer-du-coussin-d-alliance-id\u00e9e-originale-cereza-mademoiselle-600x450.jpg\" data-large-file=\"https:\/\/www.mellecereza.fr\/blog\/wp-content\/uploads\/2015\/06\/130-changer-du-coussin-d-alliance-id\u00e9e-originale-cereza-mademoiselle.jpg\" decoding=\"async\" loading=\"lazy\" class=\"aligncenter size-medium wp-image-3630\" alt=\"changer du coussin d alliance id\u00e9e originale cereza mademoiselle\" src=\"http:\/\/www.mellecereza.fr\/blog\/wp-content\/uploads\/2015\/06\/130-changer-du-coussin-d-alliance-id\u00e9e-originale-cereza-mademoiselle-600x450.jpg\" width=\"600\" height=\"450\" srcset=\"https:\/\/www.mellecereza.fr\/blog\/wp-content\/uploads\/2015\/06\/130-changer-du-coussin-d-alliance-id\u00e9e-originale-cereza-mademoiselle-600x450.jpg 600w, https:\/\/www.mellecereza.fr\/blog\/wp-content\/uploads\/2015\/06\/130-changer-du-coussin-d-alliance-id\u00e9e-originale-cereza-mademoiselle-450x337.jpg 450w, https:\/\/www.mellecereza.fr\/blog\/wp-content\/uploads\/2015\/06\/130-changer-du-coussin-d-alliance-id\u00e9e-originale-cereza-mademoiselle.jpg 800w\" sizes=\"(max-width: 600px) 100vw, 600px\" \/><\/a><\/p>\n<p style=\"text-align: center;\">\u00a0Pour une joailli\u00e8re parisienne qui cherchait une jolie id\u00e9e originale et chic pour pr\u00e9senter ses alliances, confectionner une grande fleur blanche comme \u00e9crin pr\u00e9cieux.<\/p>\n<p><a href=\"http:\/\/www.mellecereza.fr\/blog\/wp-content\/uploads\/2015\/06\/fleur-porte-alliance-commande-mariage-sur-mesure-joallier.jpg\"><img data-attachment-id=\"3631\" data-permalink=\"https:\/\/www.mellecereza.fr\/blog\/changer-du-coussin-d-alliance\/fleur-porte-alliance-commande-mariage-sur-mesure-joallier\/#main\" data-orig-file=\"https:\/\/www.mellecereza.fr\/blog\/wp-content\/uploads\/2015\/06\/fleur-porte-alliance-commande-mariage-sur-mesure-joallier.jpg\" data-orig-size=\"640,640\" data-comments-opened=\"1\" data-image-meta=\"{&quot;aperture&quot;:&quot;0&quot;,&quot;credit&quot;:&quot;&quot;,&quot;camera&quot;:&quot;&quot;,&quot;caption&quot;:&quot;&quot;,&quot;created_timestamp&quot;:&quot;0&quot;,&quot;copyright&quot;:&quot;&quot;,&quot;focal_length&quot;:&quot;0&quot;,&quot;iso&quot;:&quot;0&quot;,&quot;shutter_speed&quot;:&quot;0&quot;,&quot;title&quot;:&quot;&quot;}\" data-image-title=\"fleur porte alliance commande mariage sur mesure joaillier\" data-image-description=\"\" data-image-caption=\"\" data-medium-file=\"https:\/\/www.mellecereza.fr\/blog\/wp-content\/uploads\/2015\/06\/fleur-porte-alliance-commande-mariage-sur-mesure-joallier-600x600.jpg\" data-large-file=\"https:\/\/www.mellecereza.fr\/blog\/wp-content\/uploads\/2015\/06\/fleur-porte-alliance-commande-mariage-sur-mesure-joallier.jpg\" decoding=\"async\" loading=\"lazy\" class=\"aligncenter size-medium wp-image-3631\" alt=\"fleur porte alliance commande mariage sur mesure joaillier\" src=\"http:\/\/www.mellecereza.fr\/blog\/wp-content\/uploads\/2015\/06\/fleur-porte-alliance-commande-mariage-sur-mesure-joallier-600x600.jpg\" width=\"600\" height=\"600\" srcset=\"https:\/\/www.mellecereza.fr\/blog\/wp-content\/uploads\/2015\/06\/fleur-porte-alliance-commande-mariage-sur-mesure-joallier-600x600.jpg 600w, https:\/\/www.mellecereza.fr\/blog\/wp-content\/uploads\/2015\/06\/fleur-porte-alliance-commande-mariage-sur-mesure-joallier-450x450.jpg 450w, https:\/\/www.mellecereza.fr\/blog\/wp-content\/uploads\/2015\/06\/fleur-porte-alliance-commande-mariage-sur-mesure-joallier-210x210.jpg 210w, https:\/\/www.mellecereza.fr\/blog\/wp-content\/uploads\/2015\/06\/fleur-porte-alliance-commande-mariage-sur-mesure-joallier-60x60.jpg 60w, https:\/\/www.mellecereza.fr\/blog\/wp-content\/uploads\/2015\/06\/fleur-porte-alliance-commande-mariage-sur-mesure-joallier.jpg 640w\" sizes=\"(max-width: 600px) 100vw, 600px\" \/><\/a><\/p>\n<p style=\"text-align: center;\">\u00a0Parce que vous aimez l&rsquo;id\u00e9e de confier vos alliances \u00e0 deux petits enfants d&rsquo;honneur au lieu d&rsquo;un seul, vous proposer d\u00e9sormais le <a href=\"http:\/\/www.mellecereza.fr\/porte-alliance-collection\/120-porte-alliance-duo-ines-rose-gris-blanc-strass-de-cristal.html\">porte alliance mariage rose gris blanc et strass de cristal en mod\u00e8le Duo<\/a><\/p>\n<p><a href=\"http:\/\/www.mellecereza.fr\/blog\/wp-content\/uploads\/2015\/06\/mariage-f\u00e9\u00e9rique-rose-gris-blanc-strass-porte-alliance-duo-cereza-mademoiselle-1.jpg\"><img data-attachment-id=\"3632\" data-permalink=\"https:\/\/www.mellecereza.fr\/blog\/changer-du-coussin-d-alliance\/mariage-feerique-rose-gris-blanc-strass-porte-alliance-duo-cereza-mademoiselle-1\/#main\" data-orig-file=\"https:\/\/www.mellecereza.fr\/blog\/wp-content\/uploads\/2015\/06\/mariage-f\u00e9\u00e9rique-rose-gris-blanc-strass-porte-alliance-duo-cereza-mademoiselle-1.jpg\" data-orig-size=\"800,800\" data-comments-opened=\"1\" data-image-meta=\"{&quot;aperture&quot;:&quot;3.3&quot;,&quot;credit&quot;:&quot;&quot;,&quot;camera&quot;:&quot;DMC-TZ5&quot;,&quot;caption&quot;:&quot;&quot;,&quot;created_timestamp&quot;:&quot;1429625323&quot;,&quot;copyright&quot;:&quot;&quot;,&quot;focal_length&quot;:&quot;4.7&quot;,&quot;iso&quot;:&quot;100&quot;,&quot;shutter_speed&quot;:&quot;0.0166666666667&quot;,&quot;title&quot;:&quot;&quot;}\" data-image-title=\"mariage f\u00e9\u00e9rique rose gris blanc strass porte alliance duo cereza mademoiselle 1\" data-image-description=\"\" data-image-caption=\"\" data-medium-file=\"https:\/\/www.mellecereza.fr\/blog\/wp-content\/uploads\/2015\/06\/mariage-f\u00e9\u00e9rique-rose-gris-blanc-strass-porte-alliance-duo-cereza-mademoiselle-1-600x600.jpg\" data-large-file=\"https:\/\/www.mellecereza.fr\/blog\/wp-content\/uploads\/2015\/06\/mariage-f\u00e9\u00e9rique-rose-gris-blanc-strass-porte-alliance-duo-cereza-mademoiselle-1.jpg\" decoding=\"async\" loading=\"lazy\" class=\"aligncenter size-medium wp-image-3632\" alt=\"mariage f\u00e9\u00e9rique rose gris blanc strass porte alliance duo cereza mademoiselle 1\" src=\"http:\/\/www.mellecereza.fr\/blog\/wp-content\/uploads\/2015\/06\/mariage-f\u00e9\u00e9rique-rose-gris-blanc-strass-porte-alliance-duo-cereza-mademoiselle-1-600x600.jpg\" width=\"600\" height=\"600\" srcset=\"https:\/\/www.mellecereza.fr\/blog\/wp-content\/uploads\/2015\/06\/mariage-f\u00e9\u00e9rique-rose-gris-blanc-strass-porte-alliance-duo-cereza-mademoiselle-1-600x600.jpg 600w, https:\/\/www.mellecereza.fr\/blog\/wp-content\/uploads\/2015\/06\/mariage-f\u00e9\u00e9rique-rose-gris-blanc-strass-porte-alliance-duo-cereza-mademoiselle-1-450x450.jpg 450w, https:\/\/www.mellecereza.fr\/blog\/wp-content\/uploads\/2015\/06\/mariage-f\u00e9\u00e9rique-rose-gris-blanc-strass-porte-alliance-duo-cereza-mademoiselle-1-210x210.jpg 210w, https:\/\/www.mellecereza.fr\/blog\/wp-content\/uploads\/2015\/06\/mariage-f\u00e9\u00e9rique-rose-gris-blanc-strass-porte-alliance-duo-cereza-mademoiselle-1-60x60.jpg 60w, https:\/\/www.mellecereza.fr\/blog\/wp-content\/uploads\/2015\/06\/mariage-f\u00e9\u00e9rique-rose-gris-blanc-strass-porte-alliance-duo-cereza-mademoiselle-1.jpg 800w\" sizes=\"(max-width: 600px) 100vw, 600px\" \/><\/a><\/p>\n<p style=\"text-align: center;\">\u00a0Envoyer une proposition de palette de coloris beige, rose, fuchsia et violet pour un bouquet de mari\u00e9e original \u00e0 venir<\/p>\n<p><a href=\"http:\/\/www.mellecereza.fr\/blog\/wp-content\/uploads\/2015\/06\/Proposition-palette-n\u00b03-coloris-fleurs-Nazia-bouquet-de-mari\u00e9e-Cereza.jpg\"><img data-attachment-id=\"3636\" data-permalink=\"https:\/\/www.mellecereza.fr\/blog\/changer-du-coussin-d-alliance\/proposition-palette-n3-coloris-fleurs-nazia-bouquet-de-mariee-cereza\/#main\" data-orig-file=\"https:\/\/www.mellecereza.fr\/blog\/wp-content\/uploads\/2015\/06\/Proposition-palette-n\u00b03-coloris-fleurs-Nazia-bouquet-de-mari\u00e9e-Cereza.jpg\" data-orig-size=\"800,600\" data-comments-opened=\"1\" data-image-meta=\"{&quot;aperture&quot;:&quot;3.3&quot;,&quot;credit&quot;:&quot;&quot;,&quot;camera&quot;:&quot;DMC-TZ5&quot;,&quot;caption&quot;:&quot;&quot;,&quot;created_timestamp&quot;:&quot;1433442808&quot;,&quot;copyright&quot;:&quot;&quot;,&quot;focal_length&quot;:&quot;4.7&quot;,&quot;iso&quot;:&quot;100&quot;,&quot;shutter_speed&quot;:&quot;0.0666666666667&quot;,&quot;title&quot;:&quot;&quot;}\" data-image-title=\"palette bouquet mariee original beige violet rose n\u00b03 coloris fleurs Cereza\" data-image-description=\"\" data-image-caption=\"\" data-medium-file=\"https:\/\/www.mellecereza.fr\/blog\/wp-content\/uploads\/2015\/06\/Proposition-palette-n\u00b03-coloris-fleurs-Nazia-bouquet-de-mari\u00e9e-Cereza-600x450.jpg\" data-large-file=\"https:\/\/www.mellecereza.fr\/blog\/wp-content\/uploads\/2015\/06\/Proposition-palette-n\u00b03-coloris-fleurs-Nazia-bouquet-de-mari\u00e9e-Cereza.jpg\" decoding=\"async\" loading=\"lazy\" class=\"aligncenter size-medium wp-image-3636\" alt=\"palette bouquet mariee original beige violet rose n\u00b03 coloris fleurs Cereza\" src=\"http:\/\/www.mellecereza.fr\/blog\/wp-content\/uploads\/2015\/06\/Proposition-palette-n\u00b03-coloris-fleurs-Nazia-bouquet-de-mari\u00e9e-Cereza-600x450.jpg\" width=\"600\" height=\"450\" srcset=\"https:\/\/www.mellecereza.fr\/blog\/wp-content\/uploads\/2015\/06\/Proposition-palette-n\u00b03-coloris-fleurs-Nazia-bouquet-de-mari\u00e9e-Cereza-600x450.jpg 600w, https:\/\/www.mellecereza.fr\/blog\/wp-content\/uploads\/2015\/06\/Proposition-palette-n\u00b03-coloris-fleurs-Nazia-bouquet-de-mari\u00e9e-Cereza-450x337.jpg 450w, https:\/\/www.mellecereza.fr\/blog\/wp-content\/uploads\/2015\/06\/Proposition-palette-n\u00b03-coloris-fleurs-Nazia-bouquet-de-mari\u00e9e-Cereza.jpg 800w\" sizes=\"(max-width: 600px) 100vw, 600px\" \/><\/a><\/p>\n<p style=\"text-align: center;\">\u00a0Changer du coussin d&rsquo;alliance et choisir le mariage pr\u00e9cieux du blanc et dor\u00e9<\/p>\n<p><a href=\"http:\/\/www.mellecereza.fr\/blog\/wp-content\/uploads\/2015\/06\/mariage-blanc-dor\u00e9-porte-alliance-original-floral-cereza-mademoiselle.jpg\"><img data-attachment-id=\"3634\" data-permalink=\"https:\/\/www.mellecereza.fr\/blog\/changer-du-coussin-d-alliance\/mariage-blanc-dore-porte-alliance-original-floral-cereza-mademoiselle\/#main\" data-orig-file=\"https:\/\/www.mellecereza.fr\/blog\/wp-content\/uploads\/2015\/06\/mariage-blanc-dor\u00e9-porte-alliance-original-floral-cereza-mademoiselle.jpg\" data-orig-size=\"640,640\" data-comments-opened=\"1\" data-image-meta=\"{&quot;aperture&quot;:&quot;0&quot;,&quot;credit&quot;:&quot;&quot;,&quot;camera&quot;:&quot;&quot;,&quot;caption&quot;:&quot;&quot;,&quot;created_timestamp&quot;:&quot;0&quot;,&quot;copyright&quot;:&quot;&quot;,&quot;focal_length&quot;:&quot;0&quot;,&quot;iso&quot;:&quot;0&quot;,&quot;shutter_speed&quot;:&quot;0&quot;,&quot;title&quot;:&quot;&quot;}\" data-image-title=\"mariage blanc dor\u00e9 porte alliance original floral cereza mademoiselle\" data-image-description=\"\" data-image-caption=\"\" data-medium-file=\"https:\/\/www.mellecereza.fr\/blog\/wp-content\/uploads\/2015\/06\/mariage-blanc-dor\u00e9-porte-alliance-original-floral-cereza-mademoiselle-600x600.jpg\" data-large-file=\"https:\/\/www.mellecereza.fr\/blog\/wp-content\/uploads\/2015\/06\/mariage-blanc-dor\u00e9-porte-alliance-original-floral-cereza-mademoiselle.jpg\" decoding=\"async\" loading=\"lazy\" class=\"aligncenter size-medium wp-image-3634\" alt=\"mariage blanc dor\u00e9 porte alliance original floral cereza mademoiselle\" src=\"http:\/\/www.mellecereza.fr\/blog\/wp-content\/uploads\/2015\/06\/mariage-blanc-dor\u00e9-porte-alliance-original-floral-cereza-mademoiselle-600x600.jpg\" width=\"600\" height=\"600\" srcset=\"https:\/\/www.mellecereza.fr\/blog\/wp-content\/uploads\/2015\/06\/mariage-blanc-dor\u00e9-porte-alliance-original-floral-cereza-mademoiselle-600x600.jpg 600w, https:\/\/www.mellecereza.fr\/blog\/wp-content\/uploads\/2015\/06\/mariage-blanc-dor\u00e9-porte-alliance-original-floral-cereza-mademoiselle-450x450.jpg 450w, https:\/\/www.mellecereza.fr\/blog\/wp-content\/uploads\/2015\/06\/mariage-blanc-dor\u00e9-porte-alliance-original-floral-cereza-mademoiselle-210x210.jpg 210w, https:\/\/www.mellecereza.fr\/blog\/wp-content\/uploads\/2015\/06\/mariage-blanc-dor\u00e9-porte-alliance-original-floral-cereza-mademoiselle-60x60.jpg 60w, https:\/\/www.mellecereza.fr\/blog\/wp-content\/uploads\/2015\/06\/mariage-blanc-dor\u00e9-porte-alliance-original-floral-cereza-mademoiselle.jpg 640w\" sizes=\"(max-width: 600px) 100vw, 600px\" \/><\/a><\/p>\n<p style=\"text-align: center;\">\u00a0Rester dans des notes chics et pr\u00e9cieuses avec une touche d&rsquo;argent pour accompagner un porte alliance anis et chocolat<\/p>\n<p><a href=\"http:\/\/www.mellecereza.fr\/blog\/wp-content\/uploads\/2015\/06\/mariage-vert-anis-chocolat-argent-porte-alliance-floral-personnalis\u00e9-cereza-mademoiselle-3.jpg\"><img data-attachment-id=\"3635\" data-permalink=\"https:\/\/www.mellecereza.fr\/blog\/changer-du-coussin-d-alliance\/mariage-vert-anis-chocolat-argent-porte-alliance-floral-personnalise-cereza-mademoiselle-3\/#main\" data-orig-file=\"https:\/\/www.mellecereza.fr\/blog\/wp-content\/uploads\/2015\/06\/mariage-vert-anis-chocolat-argent-porte-alliance-floral-personnalis\u00e9-cereza-mademoiselle-3.jpg\" data-orig-size=\"800,800\" data-comments-opened=\"1\" data-image-meta=\"{&quot;aperture&quot;:&quot;3.3&quot;,&quot;credit&quot;:&quot;&quot;,&quot;camera&quot;:&quot;DMC-TZ5&quot;,&quot;caption&quot;:&quot;&quot;,&quot;created_timestamp&quot;:&quot;1433425260&quot;,&quot;copyright&quot;:&quot;&quot;,&quot;focal_length&quot;:&quot;4.7&quot;,&quot;iso&quot;:&quot;100&quot;,&quot;shutter_speed&quot;:&quot;0.025&quot;,&quot;title&quot;:&quot;&quot;}\" data-image-title=\"mariage vert anis chocolat argent porte alliance floral personnalis\u00e9 cereza mademoiselle 3\" data-image-description=\"\" data-image-caption=\"\" data-medium-file=\"https:\/\/www.mellecereza.fr\/blog\/wp-content\/uploads\/2015\/06\/mariage-vert-anis-chocolat-argent-porte-alliance-floral-personnalis\u00e9-cereza-mademoiselle-3-600x600.jpg\" data-large-file=\"https:\/\/www.mellecereza.fr\/blog\/wp-content\/uploads\/2015\/06\/mariage-vert-anis-chocolat-argent-porte-alliance-floral-personnalis\u00e9-cereza-mademoiselle-3.jpg\" decoding=\"async\" loading=\"lazy\" class=\"aligncenter size-medium wp-image-3635\" alt=\"mariage vert anis chocolat argent porte alliance floral personnalis\u00e9 cereza mademoiselle 3\" src=\"http:\/\/www.mellecereza.fr\/blog\/wp-content\/uploads\/2015\/06\/mariage-vert-anis-chocolat-argent-porte-alliance-floral-personnalis\u00e9-cereza-mademoiselle-3-600x600.jpg\" width=\"600\" height=\"600\" srcset=\"https:\/\/www.mellecereza.fr\/blog\/wp-content\/uploads\/2015\/06\/mariage-vert-anis-chocolat-argent-porte-alliance-floral-personnalis\u00e9-cereza-mademoiselle-3-600x600.jpg 600w, https:\/\/www.mellecereza.fr\/blog\/wp-content\/uploads\/2015\/06\/mariage-vert-anis-chocolat-argent-porte-alliance-floral-personnalis\u00e9-cereza-mademoiselle-3-450x450.jpg 450w, https:\/\/www.mellecereza.fr\/blog\/wp-content\/uploads\/2015\/06\/mariage-vert-anis-chocolat-argent-porte-alliance-floral-personnalis\u00e9-cereza-mademoiselle-3-210x210.jpg 210w, https:\/\/www.mellecereza.fr\/blog\/wp-content\/uploads\/2015\/06\/mariage-vert-anis-chocolat-argent-porte-alliance-floral-personnalis\u00e9-cereza-mademoiselle-3-60x60.jpg 60w, https:\/\/www.mellecereza.fr\/blog\/wp-content\/uploads\/2015\/06\/mariage-vert-anis-chocolat-argent-porte-alliance-floral-personnalis\u00e9-cereza-mademoiselle-3.jpg 800w\" sizes=\"(max-width: 600px) 100vw, 600px\" \/><\/a><\/p>\n<p>&nbsp;<\/p>\n<p style=\"text-align: center;\">Maintenant qu&rsquo;elle a ouvert son pr\u00e9cieux cadeau, vous d\u00e9voiler le cadeau de f\u00eate des m\u00e8res confectionn\u00e9 il y a quelques semaines<\/p>\n<p><a href=\"http:\/\/www.mellecereza.fr\/blog\/wp-content\/uploads\/2015\/06\/collier-strass-cristal-swarovski-personnalise-argente-bijou-simple-chic.jpg\"><img data-attachment-id=\"3637\" data-permalink=\"https:\/\/www.mellecereza.fr\/blog\/changer-du-coussin-d-alliance\/collier-strass-cristal-swarovski-personnalise-argente-bijou-simple-chic\/#main\" data-orig-file=\"https:\/\/www.mellecereza.fr\/blog\/wp-content\/uploads\/2015\/06\/collier-strass-cristal-swarovski-personnalise-argente-bijou-simple-chic.jpg\" data-orig-size=\"544,600\" data-comments-opened=\"1\" data-image-meta=\"{&quot;aperture&quot;:&quot;3.3&quot;,&quot;credit&quot;:&quot;&quot;,&quot;camera&quot;:&quot;DMC-TZ5&quot;,&quot;caption&quot;:&quot;&quot;,&quot;created_timestamp&quot;:&quot;1432213097&quot;,&quot;copyright&quot;:&quot;&quot;,&quot;focal_length&quot;:&quot;4.7&quot;,&quot;iso&quot;:&quot;100&quot;,&quot;shutter_speed&quot;:&quot;0.00625&quot;,&quot;title&quot;:&quot;&quot;}\" data-image-title=\"collier strass cristal swarovski personnalise argente bijou simple chic\" data-image-description=\"\" data-image-caption=\"\" data-medium-file=\"https:\/\/www.mellecereza.fr\/blog\/wp-content\/uploads\/2015\/06\/collier-strass-cristal-swarovski-personnalise-argente-bijou-simple-chic.jpg\" data-large-file=\"https:\/\/www.mellecereza.fr\/blog\/wp-content\/uploads\/2015\/06\/collier-strass-cristal-swarovski-personnalise-argente-bijou-simple-chic.jpg\" decoding=\"async\" loading=\"lazy\" class=\"aligncenter size-full wp-image-3637\" alt=\"collier strass cristal swarovski personnalise argente bijou simple chic\" src=\"http:\/\/www.mellecereza.fr\/blog\/wp-content\/uploads\/2015\/06\/collier-strass-cristal-swarovski-personnalise-argente-bijou-simple-chic.jpg\" width=\"544\" height=\"600\" srcset=\"https:\/\/www.mellecereza.fr\/blog\/wp-content\/uploads\/2015\/06\/collier-strass-cristal-swarovski-personnalise-argente-bijou-simple-chic.jpg 544w, https:\/\/www.mellecereza.fr\/blog\/wp-content\/uploads\/2015\/06\/collier-strass-cristal-swarovski-personnalise-argente-bijou-simple-chic-408x450.jpg 408w\" sizes=\"(max-width: 544px) 100vw, 544px\" \/><\/a><\/p>\n<p style=\"text-align: center;\">\u00a0L&rsquo;\u00e9t\u00e9 s&rsquo;est install\u00e9, ma petite r\u00e9compense *pause fraicheur* est la bienvenue !<\/p>\n<p><a href=\"http:\/\/www.mellecereza.fr\/blog\/wp-content\/uploads\/2015\/06\/healthy-slow-food-past\u00e8que-rafraichissante.jpg\"><img data-attachment-id=\"3633\" data-permalink=\"https:\/\/www.mellecereza.fr\/blog\/changer-du-coussin-d-alliance\/healthy-slow-food-pasteque-rafraichissante\/#main\" data-orig-file=\"https:\/\/www.mellecereza.fr\/blog\/wp-content\/uploads\/2015\/06\/healthy-slow-food-past\u00e8que-rafraichissante.jpg\" data-orig-size=\"640,640\" data-comments-opened=\"1\" data-image-meta=\"{&quot;aperture&quot;:&quot;0&quot;,&quot;credit&quot;:&quot;&quot;,&quot;camera&quot;:&quot;&quot;,&quot;caption&quot;:&quot;&quot;,&quot;created_timestamp&quot;:&quot;0&quot;,&quot;copyright&quot;:&quot;&quot;,&quot;focal_length&quot;:&quot;0&quot;,&quot;iso&quot;:&quot;0&quot;,&quot;shutter_speed&quot;:&quot;0&quot;,&quot;title&quot;:&quot;&quot;}\" data-image-title=\"healthy slow food past\u00e8que rafraichissante\" data-image-description=\"\" data-image-caption=\"\" data-medium-file=\"https:\/\/www.mellecereza.fr\/blog\/wp-content\/uploads\/2015\/06\/healthy-slow-food-past\u00e8que-rafraichissante-600x600.jpg\" data-large-file=\"https:\/\/www.mellecereza.fr\/blog\/wp-content\/uploads\/2015\/06\/healthy-slow-food-past\u00e8que-rafraichissante.jpg\" decoding=\"async\" loading=\"lazy\" class=\"aligncenter size-medium wp-image-3633\" alt=\"healthy slow food past\u00e8que rafraichissante\" src=\"http:\/\/www.mellecereza.fr\/blog\/wp-content\/uploads\/2015\/06\/healthy-slow-food-past\u00e8que-rafraichissante-600x600.jpg\" width=\"600\" height=\"600\" srcset=\"https:\/\/www.mellecereza.fr\/blog\/wp-content\/uploads\/2015\/06\/healthy-slow-food-past\u00e8que-rafraichissante-600x600.jpg 600w, https:\/\/www.mellecereza.fr\/blog\/wp-content\/uploads\/2015\/06\/healthy-slow-food-past\u00e8que-rafraichissante-450x450.jpg 450w, https:\/\/www.mellecereza.fr\/blog\/wp-content\/uploads\/2015\/06\/healthy-slow-food-past\u00e8que-rafraichissante-210x210.jpg 210w, https:\/\/www.mellecereza.fr\/blog\/wp-content\/uploads\/2015\/06\/healthy-slow-food-past\u00e8que-rafraichissante-60x60.jpg 60w, https:\/\/www.mellecereza.fr\/blog\/wp-content\/uploads\/2015\/06\/healthy-slow-food-past\u00e8que-rafraichissante.jpg 640w\" sizes=\"(max-width: 600px) 100vw, 600px\" \/><\/a><\/p>\n<p>&nbsp;<\/p>\n<p style=\"text-align: center;\">\u00a0Et si avez envie d&rsquo;encore plus de fraicheur c\u00f4t\u00e9 healthy food je vous conseille <strong><a title=\"10 id\u00e9es de cocktails sans alcool et autres d\u00e9lices rafraichissants\" href=\"http:\/\/www.mellecereza.fr\/blog\/idees-de-cocktails-sans-alcool\/\">l&rsquo;article du blog sur les cocktails sans alcool<\/a><\/strong><\/p>\n<p><a href=\"http:\/\/www.mellecereza.fr\/blog\/wp-content\/uploads\/2014\/07\/WatermelonLemonade1.jpg\"><img data-attachment-id=\"1349\" data-permalink=\"https:\/\/www.mellecereza.fr\/blog\/idees-de-cocktails-sans-alcool\/watermelonlemonade1\/#main\" data-orig-file=\"https:\/\/www.mellecereza.fr\/blog\/wp-content\/uploads\/2014\/07\/WatermelonLemonade1.jpg\" data-orig-size=\"600,887\" data-comments-opened=\"1\" data-image-meta=\"{&quot;aperture&quot;:&quot;0&quot;,&quot;credit&quot;:&quot;&quot;,&quot;camera&quot;:&quot;&quot;,&quot;caption&quot;:&quot;&quot;,&quot;created_timestamp&quot;:&quot;0&quot;,&quot;copyright&quot;:&quot;&quot;,&quot;focal_length&quot;:&quot;0&quot;,&quot;iso&quot;:&quot;0&quot;,&quot;shutter_speed&quot;:&quot;0&quot;,&quot;title&quot;:&quot;&quot;}\" data-image-title=\"recette limonade past\u00e8que\" data-image-description=\"\" data-image-caption=\"\" data-medium-file=\"https:\/\/www.mellecereza.fr\/blog\/wp-content\/uploads\/2014\/07\/WatermelonLemonade1-405x600.jpg\" data-large-file=\"https:\/\/www.mellecereza.fr\/blog\/wp-content\/uploads\/2014\/07\/WatermelonLemonade1.jpg\" decoding=\"async\" loading=\"lazy\" class=\"aligncenter size-medium wp-image-1349\" alt=\"recette limonade past\u00e8que\" src=\"http:\/\/www.mellecereza.fr\/blog\/wp-content\/uploads\/2014\/07\/WatermelonLemonade1-405x600.jpg\" width=\"405\" height=\"600\" srcset=\"https:\/\/www.mellecereza.fr\/blog\/wp-content\/uploads\/2014\/07\/WatermelonLemonade1-405x600.jpg 405w, https:\/\/www.mellecereza.fr\/blog\/wp-content\/uploads\/2014\/07\/WatermelonLemonade1-304x450.jpg 304w, https:\/\/www.mellecereza.fr\/blog\/wp-content\/uploads\/2014\/07\/WatermelonLemonade1.jpg 600w\" sizes=\"(max-width: 405px) 100vw, 405px\" \/><\/a><\/p>\n<p>&nbsp;<\/p>\n<p>Cette semaine des cr\u00e9atrices d\u2019autres horizons vous d\u00e9voilent les coulisses de leur atelier :<\/p>\n<p><span style=\"font-size: x-small;\">Lara, J\u2019en ai pas l\u2019air :\u00a0<a href=\"http:\/\/www.jenaipaslair.fr\/newsite\/latelier-de-broderie-jen-ai-pas-lair\/\" target=\"_blank\">\u00a0l\u2019atelier de broderie<\/a><\/span><\/p>\n<p><span style=\"font-size: x-small;\">Virginie, Lili &amp; le Scarab\u00e9e ROz :\u00a0\u00a0bijou fantaisie\u00a0<\/span><\/p>\n<p><span style=\"font-size: x-small;\">Pascale, Gazouillis &amp; Cie : <a href=\"http:\/\/blog.gazouillisetcie.fr\/2015\/06\/01\/fetes-des-meres-tricot-projet-et-soleil\/\" target=\"_blank\">blog de tricot<\/a><\/span><\/p>\n<p><span style=\"font-size: x-small;\">Isabelle, Dessine-moi un pr\u00e9nom :<a href=\"http:\/\/blog.dessine-moi-un-prenom.com\/une-semaine-a-latelier-120-des-cadeaux-de-fin-dannee-originaux\/\" target=\"_blank\">\u00a0<\/a><a href=\"http:\/\/blog.dessine-moi-un-prenom.com\/une-semaine-a-latelier-120-des-cadeaux-de-fin-dannee-originaux\/\" target=\"_blank\">cadeaux de fin d&rsquo;ann\u00e9e originaux<\/a><\/span><\/p>\n<p><span style=\"font-size: x-small;\">Aline, La Caverne \u00e0 Cr\u00e9ations :<a href=\"http:\/\/la-caverne-a-creations.over-blog.com\/2015\/04\/ma-semaine-a-l-atelier-10-2015.html\" target=\"_blank\">\u00a0<\/a><a href=\"http:\/\/la-caverne-a-creations.over-blog.com\/2015\/05\/ma-semaine-a-l-atelier-11-2015.html\" target=\"_blank\">bola de grossesse<\/a><\/span><\/p>\n<p><span style=\"font-size: x-small;\">Sandrine, Miss &amp; Cie :\u00a0pr\u00e9paration ouverture boutique Miss &amp; Cie<\/span><\/p>\n<p><span style=\"font-size: x-small;\">Barbara,\u00a0La F\u00e9e vitamin\u00e9e<\/span><\/p>\n<div class=\"post_signature\"><img src=\"https:\/\/www.mellecereza.fr\/blog\/wp-content\/uploads\/2020\/02\/sign-200-FEV-15d1.png\" \/><\/div>","protected":false},"excerpt":{"rendered":"<p>Changer du coussin d&rsquo;alliance &amp; summer time Si il y a bien quelque chose qui r\u00e9jouit mes clientes c&rsquo;est qu&rsquo;en cherchant un accessoire pour changer du coussin d&rsquo;alliance traditionnel, elles trouvent des id\u00e9es originales dans la boutique \ud83d\ude09 Et lorsque&#8230;<\/p>\n","protected":false},"author":1,"featured_media":3630,"comment_status":"open","ping_status":"open","sticky":false,"template":"","format":"standard","meta":{"jetpack_post_was_ever_published":false,"jetpack_publicize_message":"","jetpack_is_tweetstorm":false,"jetpack_publicize_feature_enabled":true,"jetpack_social_post_already_shared":true,"jetpack_social_options":{"image_generator_settings":{"template":"highway","enabled":false}}},"categories":[19],"tags":[308,305,309,304,307,22,306],"jetpack_publicize_connections":[],"yoast_head":"<!-- This site is optimized with the Yoast SEO plugin v20.3 - https:\/\/yoast.com\/wordpress\/plugins\/seo\/ -->\n<title>Changer du coussin d&#039;alliance &amp; summer time, l&#039;atelier #130 - Melle Cereza blog mariage original<\/title>\n<meta name=\"robots\" content=\"index, follow, max-snippet:-1, max-image-preview:large, max-video-preview:-1\" \/>\n<link rel=\"canonical\" href=\"https:\/\/www.mellecereza.fr\/blog\/changer-du-coussin-d-alliance\/\" \/>\n<meta property=\"og:locale\" content=\"fr_FR\" \/>\n<meta property=\"og:type\" content=\"article\" \/>\n<meta property=\"og:title\" content=\"Changer du coussin d&#039;alliance &amp; summer time, l&#039;atelier #130 - Melle Cereza blog mariage original\" \/>\n<meta property=\"og:description\" content=\"Changer du coussin d&rsquo;alliance &amp; summer time Si il y a bien quelque chose qui r\u00e9jouit mes clientes c&rsquo;est qu&rsquo;en cherchant un accessoire pour changer du coussin d&rsquo;alliance traditionnel, elles trouvent des id\u00e9es originales dans la boutique \ud83d\ude09 Et lorsque...\" \/>\n<meta property=\"og:url\" content=\"https:\/\/www.mellecereza.fr\/blog\/changer-du-coussin-d-alliance\/\" \/>\n<meta property=\"og:site_name\" content=\"Melle Cereza blog mariage original\" \/>\n<meta property=\"article:published_time\" content=\"2015-06-07T06:00:41+00:00\" \/>\n<meta property=\"article:modified_time\" content=\"2015-10-24T11:31:38+00:00\" \/>\n<meta property=\"og:image\" content=\"https:\/\/www.mellecereza.fr\/blog\/wp-content\/uploads\/2015\/06\/130-changer-du-coussin-d-alliance-id\u00e9e-originale-cereza-mademoiselle.jpg\" \/>\n\t<meta property=\"og:image:width\" content=\"800\" \/>\n\t<meta property=\"og:image:height\" content=\"600\" \/>\n\t<meta property=\"og:image:type\" content=\"image\/jpeg\" \/>\n<meta name=\"author\" content=\"Cerise\" \/>\n<meta name=\"twitter:label1\" content=\"\u00c9crit par\" \/>\n\t<meta name=\"twitter:data1\" content=\"Cerise\" \/>\n\t<meta name=\"twitter:label2\" content=\"Dur\u00e9e de lecture estim\u00e9e\" \/>\n\t<meta name=\"twitter:data2\" content=\"2 minutes\" \/>\n<script type=\"application\/ld+json\" class=\"yoast-schema-graph\">{\"@context\":\"https:\/\/schema.org\",\"@graph\":[{\"@type\":\"WebPage\",\"@id\":\"https:\/\/www.mellecereza.fr\/blog\/changer-du-coussin-d-alliance\/\",\"url\":\"https:\/\/www.mellecereza.fr\/blog\/changer-du-coussin-d-alliance\/\",\"name\":\"Changer du coussin d'alliance & summer time, l'atelier #130 - Melle Cereza blog mariage original\",\"isPartOf\":{\"@id\":\"https:\/\/www.mellecereza.fr\/blog\/#website\"},\"datePublished\":\"2015-06-07T06:00:41+00:00\",\"dateModified\":\"2015-10-24T11:31:38+00:00\",\"author\":{\"@id\":\"https:\/\/www.mellecereza.fr\/blog\/#\/schema\/person\/3ad20d39d7b07a33b39c2e111d852118\"},\"breadcrumb\":{\"@id\":\"https:\/\/www.mellecereza.fr\/blog\/changer-du-coussin-d-alliance\/#breadcrumb\"},\"inLanguage\":\"fr-FR\",\"potentialAction\":[{\"@type\":\"ReadAction\",\"target\":[\"https:\/\/www.mellecereza.fr\/blog\/changer-du-coussin-d-alliance\/\"]}]},{\"@type\":\"BreadcrumbList\",\"@id\":\"https:\/\/www.mellecereza.fr\/blog\/changer-du-coussin-d-alliance\/#breadcrumb\",\"itemListElement\":[{\"@type\":\"ListItem\",\"position\":1,\"name\":\"Accueil\",\"item\":\"https:\/\/www.mellecereza.fr\/blog\/\"},{\"@type\":\"ListItem\",\"position\":2,\"name\":\"Changer du coussin d&rsquo;alliance &#038; summer time, l&rsquo;atelier #130\"}]},{\"@type\":\"WebSite\",\"@id\":\"https:\/\/www.mellecereza.fr\/blog\/#website\",\"url\":\"https:\/\/www.mellecereza.fr\/blog\/\",\"name\":\"Melle Cereza blog mariage original\",\"description\":\"Id\u00e9es et inspirations pour un joli mariage original, id\u00e9es d\u00e9co, bouquet, bijoux &amp; accessoires\",\"potentialAction\":[{\"@type\":\"SearchAction\",\"target\":{\"@type\":\"EntryPoint\",\"urlTemplate\":\"https:\/\/www.mellecereza.fr\/blog\/?s={search_term_string}\"},\"query-input\":\"required name=search_term_string\"}],\"inLanguage\":\"fr-FR\"},{\"@type\":\"Person\",\"@id\":\"https:\/\/www.mellecereza.fr\/blog\/#\/schema\/person\/3ad20d39d7b07a33b39c2e111d852118\",\"name\":\"Cerise\",\"image\":{\"@type\":\"ImageObject\",\"inLanguage\":\"fr-FR\",\"@id\":\"https:\/\/www.mellecereza.fr\/blog\/#\/schema\/person\/image\/\",\"url\":\"https:\/\/secure.gravatar.com\/avatar\/f8aa59be965caf71440dfd118dcb3362?s=96&d=identicon&r=g\",\"contentUrl\":\"https:\/\/secure.gravatar.com\/avatar\/f8aa59be965caf71440dfd118dcb3362?s=96&d=identicon&r=g\",\"caption\":\"Cerise\"},\"url\":\"https:\/\/www.mellecereza.fr\/blog\/author\/cerise\/\"}]}<\/script>\n<!-- \/ Yoast SEO plugin. -->","yoast_head_json":{"title":"Changer du coussin d'alliance & summer time, l'atelier #130 - Melle Cereza blog mariage original","robots":{"index":"index","follow":"follow","max-snippet":"max-snippet:-1","max-image-preview":"max-image-preview:large","max-video-preview":"max-video-preview:-1"},"canonical":"https:\/\/www.mellecereza.fr\/blog\/changer-du-coussin-d-alliance\/","og_locale":"fr_FR","og_type":"article","og_title":"Changer du coussin d'alliance & summer time, l'atelier #130 - Melle Cereza blog mariage original","og_description":"Changer du coussin d&rsquo;alliance &amp; summer time Si il y a bien quelque chose qui r\u00e9jouit mes clientes c&rsquo;est qu&rsquo;en cherchant un accessoire pour changer du coussin d&rsquo;alliance traditionnel, elles trouvent des id\u00e9es originales dans la boutique \ud83d\ude09 Et lorsque...","og_url":"https:\/\/www.mellecereza.fr\/blog\/changer-du-coussin-d-alliance\/","og_site_name":"Melle Cereza blog mariage original","article_published_time":"2015-06-07T06:00:41+00:00","article_modified_time":"2015-10-24T11:31:38+00:00","og_image":[{"width":800,"height":600,"url":"https:\/\/www.mellecereza.fr\/blog\/wp-content\/uploads\/2015\/06\/130-changer-du-coussin-d-alliance-id\u00e9e-originale-cereza-mademoiselle.jpg","type":"image\/jpeg"}],"author":"Cerise","twitter_misc":{"\u00c9crit par":"Cerise","Dur\u00e9e de lecture estim\u00e9e":"2 minutes"},"schema":{"@context":"https:\/\/schema.org","@graph":[{"@type":"WebPage","@id":"https:\/\/www.mellecereza.fr\/blog\/changer-du-coussin-d-alliance\/","url":"https:\/\/www.mellecereza.fr\/blog\/changer-du-coussin-d-alliance\/","name":"Changer du coussin d'alliance & summer time, l'atelier #130 - Melle Cereza blog mariage original","isPartOf":{"@id":"https:\/\/www.mellecereza.fr\/blog\/#website"},"datePublished":"2015-06-07T06:00:41+00:00","dateModified":"2015-10-24T11:31:38+00:00","author":{"@id":"https:\/\/www.mellecereza.fr\/blog\/#\/schema\/person\/3ad20d39d7b07a33b39c2e111d852118"},"breadcrumb":{"@id":"https:\/\/www.mellecereza.fr\/blog\/changer-du-coussin-d-alliance\/#breadcrumb"},"inLanguage":"fr-FR","potentialAction":[{"@type":"ReadAction","target":["https:\/\/www.mellecereza.fr\/blog\/changer-du-coussin-d-alliance\/"]}]},{"@type":"BreadcrumbList","@id":"https:\/\/www.mellecereza.fr\/blog\/changer-du-coussin-d-alliance\/#breadcrumb","itemListElement":[{"@type":"ListItem","position":1,"name":"Accueil","item":"https:\/\/www.mellecereza.fr\/blog\/"},{"@type":"ListItem","position":2,"name":"Changer du coussin d&rsquo;alliance &#038; summer time, l&rsquo;atelier #130"}]},{"@type":"WebSite","@id":"https:\/\/www.mellecereza.fr\/blog\/#website","url":"https:\/\/www.mellecereza.fr\/blog\/","name":"Melle Cereza blog mariage original","description":"Id\u00e9es et inspirations pour un joli mariage original, id\u00e9es d\u00e9co, bouquet, bijoux &amp; accessoires","potentialAction":[{"@type":"SearchAction","target":{"@type":"EntryPoint","urlTemplate":"https:\/\/www.mellecereza.fr\/blog\/?s={search_term_string}"},"query-input":"required name=search_term_string"}],"inLanguage":"fr-FR"},{"@type":"Person","@id":"https:\/\/www.mellecereza.fr\/blog\/#\/schema\/person\/3ad20d39d7b07a33b39c2e111d852118","name":"Cerise","image":{"@type":"ImageObject","inLanguage":"fr-FR","@id":"https:\/\/www.mellecereza.fr\/blog\/#\/schema\/person\/image\/","url":"https:\/\/secure.gravatar.com\/avatar\/f8aa59be965caf71440dfd118dcb3362?s=96&d=identicon&r=g","contentUrl":"https:\/\/secure.gravatar.com\/avatar\/f8aa59be965caf71440dfd118dcb3362?s=96&d=identicon&r=g","caption":"Cerise"},"url":"https:\/\/www.mellecereza.fr\/blog\/author\/cerise\/"}]}},"jetpack_featured_media_url":"https:\/\/www.mellecereza.fr\/blog\/wp-content\/uploads\/2015\/06\/130-changer-du-coussin-d-alliance-id\u00e9e-originale-cereza-mademoiselle.jpg","jetpack_shortlink":"https:\/\/wp.me\/p4ptN6-Wx","jetpack_sharing_enabled":true,"jetpack-related-posts":[{"id":2745,"url":"https:\/\/www.mellecereza.fr\/blog\/mariage-bucolique-latelier-112\/","url_meta":{"origin":3629,"position":0},"title":"Mariage bucolique dans l&rsquo;atelier #112","date":"18 janvier 2015","format":false,"excerpt":"Un vent de mariage bucolique a souffl\u00e9 sur l'atelier cette semaine ! \u00a0 \u00a0 Pour s'approprier le th\u00e8me nature chic, les futures mari\u00e9es pl\u00e9biscitent le lin dans la confection de leurs bouquets de mari\u00e9e tout comme dans celle de leurs porte-alliances. Des fleurs de lin beige pour un futur porte-alliance\u2026","rel":"","context":"Dans &quot;Dans l'atelier&quot;","img":{"alt_text":"","src":"https:\/\/i0.wp.com\/www.mellecereza.fr\/blog\/wp-content\/uploads\/2015\/01\/112r-mariage-bucolique-nature-frais-fleurs-lin-bijoux-accesoires-cereza.jpg?resize=350%2C200&ssl=1","width":350,"height":200},"classes":[]},{"id":5490,"url":"https:\/\/www.mellecereza.fr\/blog\/porte-alliance-fleur-mariage\/","url_meta":{"origin":3629,"position":1},"title":"Porte alliance fleur pour votre mariage","date":"18 octobre 2016","format":false,"excerpt":"Un porte alliance fleur pour votre mariage : l'id\u00e9e romantique \u00a0 Le porte alliance fleur est l'un des accessoires mariage chouchou de la boutique Mademoiselle Cereza. Vous aimez son originalit\u00e9 et son c\u00f4t\u00e9 romantique qui change du tr\u00e8s classique coussin d'alliances. Le mod\u00e8le \"Simplicit\u00e9\" est un porte alliance fleur compos\u00e9\u2026","rel":"","context":"Dans &quot;Dans l'atelier&quot;","img":{"alt_text":"porte alliance fleur rose gris mariage romantique original Mademoiselle Cereza","src":"https:\/\/i0.wp.com\/www.mellecereza.fr\/blog\/wp-content\/uploads\/2016\/10\/porte-alliance-fleur-mariage-original-rose-gris-romantique-Mademoiselle-Cereza.jpg?resize=350%2C200&ssl=1","width":350,"height":200},"classes":[]},{"id":5294,"url":"https:\/\/www.mellecereza.fr\/blog\/semaine-latelier-mademoiselle-cereza-172\/","url_meta":{"origin":3629,"position":2},"title":"Une semaine dans l&rsquo;atelier Mademoiselle Cereza #172","date":"11 juillet 2016","format":false,"excerpt":"Une semaine dans l'atelier #172 Le rythme s'acc\u00e9l\u00e8re dans l'atelier pour confectionner vos bijoux de mariage, apporter la derni\u00e8re touche aux bouquet porte-alliances, parfaire les derniers d\u00e9tails des bouquets de mari\u00e9e, tout en continuant d'\u00e9changer des messages avec les futures mari\u00e9es qui souhaitent un bijou sur-mesure ou quelques renseignements ...\u2026","rel":"","context":"Dans &quot;Dans l'atelier&quot;","img":{"alt_text":"bouquet mariage original decale atypique papier tissu cereza mademoiselle","src":"https:\/\/i0.wp.com\/www.mellecereza.fr\/blog\/wp-content\/uploads\/2016\/07\/72R-bijoux-mariage-personnalises-sur-mesure-bouquet-mariee-original-cereza-mademoiselle.jpg?resize=350%2C200&ssl=1","width":350,"height":200},"classes":[]},{"id":192,"url":"https:\/\/www.mellecereza.fr\/blog\/mariage-rose-poudre-et-mariage-cabaret\/","url_meta":{"origin":3629,"position":3},"title":"Mariage rose poudr\u00e9 et mariage cabaret Une semaine \u00e0 l&rsquo;atelier #74","date":"9 mars 2014","format":false,"excerpt":"Hello Ladies & Grooms ! Une semaine qui a virevolt\u00e9 autour du rose pour un mariage rose poudr\u00e9 et un mariage cabaret Mais avant de vous parler de la vie en rose une nouvelle page s'ouvre avec cette semaine \u00e0 l'atelier puisque je vous accueille sur le tout nouveau (et\u2026","rel":"","context":"Dans &quot;Dans l'atelier&quot;","img":{"alt_text":"","src":"https:\/\/i0.wp.com\/www.mellecereza.fr\/blog\/wp-content\/uploads\/2014\/03\/74r-9-mars-mariage-rose-poudr\u00e9-noir-cabaret-bouquet-de-mari\u00e9e-original-plumes-strass-voilette-personnalis\u00e9-sur-mesure-bijou-cereza-deco.jpg?resize=350%2C200&ssl=1","width":350,"height":200},"classes":[]},{"id":3955,"url":"https:\/\/www.mellecereza.fr\/blog\/porte-alliances-duo-rentree-les-chapeaux-roue-latelier-136\/","url_meta":{"origin":3629,"position":4},"title":"Porte alliances duo, une rentr\u00e9e sur les chapeaux de roue dans l&rsquo;atelier #136","date":"4 ao\u00fbt 2015","format":false,"excerpt":"Porte alliances duo & une rentr\u00e9e sur les chapeaux de roue Quelques semaines avant nos t\u00eates blondes qui profitent encore des baignades, balades & grasses matin\u00e9es, j'ai repris le chemin de l'atelier. Je ne sais pas vous mais chaque fois que les vacances sont termin\u00e9es je vis un moment de\u2026","rel":"","context":"Dans &quot;Dans l'atelier&quot;","img":{"alt_text":"porte alliances duo cereza mademoiselle","src":"https:\/\/i0.wp.com\/www.mellecereza.fr\/blog\/wp-content\/uploads\/2015\/08\/136r-porte-alliances-duo-cereza-mademoiselle.jpg?resize=350%2C200&ssl=1","width":350,"height":200},"classes":[]},{"id":2825,"url":"https:\/\/www.mellecereza.fr\/blog\/mariage-rose-gris-blanc-petits-bonheurs-latelier-113\/","url_meta":{"origin":3629,"position":5},"title":"Mariage rose, gris et blanc &#038; petits bonheurs dans l&rsquo;atelier #113","date":"25 janvier 2015","format":false,"excerpt":"Mariage rose, gris et blanc & petitS bonheurS : une semaine totalement LOVE Confectionner les fleurs pour un bouquet de mari\u00e9e original et f\u00e9\u00e9rique, totalement LOVE du mariage de rose, gris et blanc ! \u00a0In LOVE de ma carte made by Anne-Charlotte Happy Chantilly \u2665 \u00a0Craquer sur ce mot by\u2026","rel":"","context":"Dans &quot;Dans l'atelier&quot;","img":{"alt_text":"","src":"https:\/\/i0.wp.com\/www.mellecereza.fr\/blog\/wp-content\/uploads\/2015\/01\/113r-mariage-rose-gris-blanc-feerique-bijoux-accesoires-cereza-lin-strass.jpg?resize=350%2C200&ssl=1","width":350,"height":200},"classes":[]}],"_links":{"self":[{"href":"https:\/\/www.mellecereza.fr\/blog\/wp-json\/wp\/v2\/posts\/3629"}],"collection":[{"href":"https:\/\/www.mellecereza.fr\/blog\/wp-json\/wp\/v2\/posts"}],"about":[{"href":"https:\/\/www.mellecereza.fr\/blog\/wp-json\/wp\/v2\/types\/post"}],"author":[{"embeddable":true,"href":"https:\/\/www.mellecereza.fr\/blog\/wp-json\/wp\/v2\/users\/1"}],"replies":[{"embeddable":true,"href":"https:\/\/www.mellecereza.fr\/blog\/wp-json\/wp\/v2\/comments?post=3629"}],"version-history":[{"count":7,"href":"https:\/\/www.mellecereza.fr\/blog\/wp-json\/wp\/v2\/posts\/3629\/revisions"}],"predecessor-version":[{"id":3645,"href":"https:\/\/www.mellecereza.fr\/blog\/wp-json\/wp\/v2\/posts\/3629\/revisions\/3645"}],"wp:featuredmedia":[{"embeddable":true,"href":"https:\/\/www.mellecereza.fr\/blog\/wp-json\/wp\/v2\/media\/3630"}],"wp:attachment":[{"href":"https:\/\/www.mellecereza.fr\/blog\/wp-json\/wp\/v2\/media?parent=3629"}],"wp:term":[{"taxonomy":"category","embeddable":true,"href":"https:\/\/www.mellecereza.fr\/blog\/wp-json\/wp\/v2\/categories?post=3629"},{"taxonomy":"post_tag","embeddable":true,"href":"https:\/\/www.mellecereza.fr\/blog\/wp-json\/wp\/v2\/tags?post=3629"}],"curies":[{"name":"wp","href":"https:\/\/api.w.org\/{rel}","templated":true}]}}