{"id":3659,"date":"2015-06-14T08:00:44","date_gmt":"2015-06-14T06:00:44","guid":{"rendered":"http:\/\/www.mellecereza.fr\/blog\/?p=3659"},"modified":"2015-10-24T13:29:15","modified_gmt":"2015-10-24T11:29:15","slug":"bijou-de-tete-mariee-autres-jolis-details-latelier-131","status":"publish","type":"post","link":"https:\/\/www.mellecereza.fr\/blog\/bijou-de-tete-mariee-autres-jolis-details-latelier-131\/","title":{"rendered":"Bijou de t\u00eate mari\u00e9e et autres jolis d\u00e9tails, l&rsquo;atelier #131"},"content":{"rendered":"<h5>Bijou de t\u00eate mari\u00e9e et autres jolis d\u00e9tails<\/h5>\n<p>Une semaine \u00e9coul\u00e9e dans l&rsquo;atelier entre vos demandes d&rsquo;accessoires de mari\u00e9e personnalis\u00e9s et petites pauses gourmandes !<\/p>\n<p><a href=\"http:\/\/www.mellecereza.fr\/blog\/wp-content\/uploads\/2015\/06\/131-bijou-de-tete-mariee-sur-mesure-et-autres-jolis-d\u00e9tails-cereza-mademoiselle.jpg\"><img data-attachment-id=\"3660\" data-permalink=\"https:\/\/www.mellecereza.fr\/blog\/bijou-de-tete-mariee-autres-jolis-details-latelier-131\/131-bijou-de-tete-mariee-sur-mesure-et-autres-jolis-details-cereza-mademoiselle\/#main\" data-orig-file=\"https:\/\/www.mellecereza.fr\/blog\/wp-content\/uploads\/2015\/06\/131-bijou-de-tete-mariee-sur-mesure-et-autres-jolis-d\u00e9tails-cereza-mademoiselle.jpg\" data-orig-size=\"800,600\" data-comments-opened=\"1\" data-image-meta=\"{&quot;aperture&quot;:&quot;0&quot;,&quot;credit&quot;:&quot;Picasa&quot;,&quot;camera&quot;:&quot;&quot;,&quot;caption&quot;:&quot;&quot;,&quot;created_timestamp&quot;:&quot;1434199361&quot;,&quot;copyright&quot;:&quot;&quot;,&quot;focal_length&quot;:&quot;0&quot;,&quot;iso&quot;:&quot;0&quot;,&quot;shutter_speed&quot;:&quot;0&quot;,&quot;title&quot;:&quot;&quot;}\" data-image-title=\"bijou de t\u00eate mari\u00e9ee sur-mesure et autres jolis d\u00e9tails cereza mademoiselle\" data-image-description=\"\" data-image-caption=\"\" data-medium-file=\"https:\/\/www.mellecereza.fr\/blog\/wp-content\/uploads\/2015\/06\/131-bijou-de-tete-mariee-sur-mesure-et-autres-jolis-d\u00e9tails-cereza-mademoiselle-600x450.jpg\" data-large-file=\"https:\/\/www.mellecereza.fr\/blog\/wp-content\/uploads\/2015\/06\/131-bijou-de-tete-mariee-sur-mesure-et-autres-jolis-d\u00e9tails-cereza-mademoiselle.jpg\" decoding=\"async\" loading=\"lazy\" class=\"aligncenter size-medium wp-image-3660\" alt=\"bijou de t\u00eate mari\u00e9ee sur-mesure et autres jolis d\u00e9tails cereza mademoiselle\" src=\"http:\/\/www.mellecereza.fr\/blog\/wp-content\/uploads\/2015\/06\/131-bijou-de-tete-mariee-sur-mesure-et-autres-jolis-d\u00e9tails-cereza-mademoiselle-600x450.jpg\" width=\"600\" height=\"450\" srcset=\"https:\/\/www.mellecereza.fr\/blog\/wp-content\/uploads\/2015\/06\/131-bijou-de-tete-mariee-sur-mesure-et-autres-jolis-d\u00e9tails-cereza-mademoiselle-600x450.jpg 600w, https:\/\/www.mellecereza.fr\/blog\/wp-content\/uploads\/2015\/06\/131-bijou-de-tete-mariee-sur-mesure-et-autres-jolis-d\u00e9tails-cereza-mademoiselle-450x337.jpg 450w, https:\/\/www.mellecereza.fr\/blog\/wp-content\/uploads\/2015\/06\/131-bijou-de-tete-mariee-sur-mesure-et-autres-jolis-d\u00e9tails-cereza-mademoiselle.jpg 800w\" sizes=\"(max-width: 600px) 100vw, 600px\" \/><\/a><\/p>\n<p style=\"text-align: center;\">\u00a0Un <a title=\"bijou de t\u00eate mari\u00e9e fleur dentelle perles\" href=\"http:\/\/www.mellecereza.fr\/bijoux-de-tete\/144-bijou-de-tete-mariee-fleur-et-dentelle-ornee-de-perles-charlotte-.html\" target=\"_blank\">bijou de t\u00eate mari\u00e9e fleur et dentelle<\/a> rebrod\u00e9e de perles<\/p>\n<p><a href=\"http:\/\/www.mellecereza.fr\/bijoux-de-tete\/144-bijou-de-tete-mariee-fleur-et-dentelle-ornee-de-perles-charlotte-.html\" target=\"_blank\"><img data-attachment-id=\"3661\" data-permalink=\"https:\/\/www.mellecereza.fr\/blog\/bijou-de-tete-mariee-autres-jolis-details-latelier-131\/bijou-de-tete-mariage-fleur-dentelle-perles-cereza-mademoiselle\/#main\" data-orig-file=\"https:\/\/www.mellecereza.fr\/blog\/wp-content\/uploads\/2015\/06\/bijou-de-tete-mariage-fleur-dentelle-perles-cereza-mademoiselle.jpg\" data-orig-size=\"526,526\" data-comments-opened=\"1\" data-image-meta=\"{&quot;aperture&quot;:&quot;0&quot;,&quot;credit&quot;:&quot;&quot;,&quot;camera&quot;:&quot;&quot;,&quot;caption&quot;:&quot;&quot;,&quot;created_timestamp&quot;:&quot;0&quot;,&quot;copyright&quot;:&quot;&quot;,&quot;focal_length&quot;:&quot;0&quot;,&quot;iso&quot;:&quot;0&quot;,&quot;shutter_speed&quot;:&quot;0&quot;,&quot;title&quot;:&quot;&quot;}\" data-image-title=\"bijou de t\u00eate mari\u00e9e mariage fleur dentelle perles cereza mademoiselle\" data-image-description=\"\" data-image-caption=\"\" data-medium-file=\"https:\/\/www.mellecereza.fr\/blog\/wp-content\/uploads\/2015\/06\/bijou-de-tete-mariage-fleur-dentelle-perles-cereza-mademoiselle.jpg\" data-large-file=\"https:\/\/www.mellecereza.fr\/blog\/wp-content\/uploads\/2015\/06\/bijou-de-tete-mariage-fleur-dentelle-perles-cereza-mademoiselle.jpg\" decoding=\"async\" loading=\"lazy\" class=\"aligncenter size-full wp-image-3661\" alt=\"bijou de t\u00eate mari\u00e9e mariage fleur dentelle perles cereza mademoiselle\" src=\"http:\/\/www.mellecereza.fr\/blog\/wp-content\/uploads\/2015\/06\/bijou-de-tete-mariage-fleur-dentelle-perles-cereza-mademoiselle.jpg\" width=\"526\" height=\"526\" srcset=\"https:\/\/www.mellecereza.fr\/blog\/wp-content\/uploads\/2015\/06\/bijou-de-tete-mariage-fleur-dentelle-perles-cereza-mademoiselle.jpg 526w, https:\/\/www.mellecereza.fr\/blog\/wp-content\/uploads\/2015\/06\/bijou-de-tete-mariage-fleur-dentelle-perles-cereza-mademoiselle-450x450.jpg 450w, https:\/\/www.mellecereza.fr\/blog\/wp-content\/uploads\/2015\/06\/bijou-de-tete-mariage-fleur-dentelle-perles-cereza-mademoiselle-210x210.jpg 210w, https:\/\/www.mellecereza.fr\/blog\/wp-content\/uploads\/2015\/06\/bijou-de-tete-mariage-fleur-dentelle-perles-cereza-mademoiselle-60x60.jpg 60w\" sizes=\"(max-width: 526px) 100vw, 526px\" \/><\/a><\/p>\n<p style=\"text-align: center;\">\u00a0Une commande toute particuli\u00e8re d&rsquo;un <a title=\"bijoux de t\u00eate mari\u00e9e vieux rose sur mesure\" href=\"http:\/\/www.mellecereza.fr\/16-bijoux-de-tete\" target=\"_blank\">bijou de t\u00eate mari\u00e9e<\/a> sur-mesure vieux rose : de petites fleurs orn\u00e9es de perles mont\u00e9es sur des pics \u00e0 chignon<\/p>\n<p style=\"text-align: center;\"><a href=\"http:\/\/www.mellecereza.fr\/blog\/wp-content\/uploads\/2015\/06\/bijou-de-t\u00eate-pics-chignons-fleurs-vieux-rose-perles-cereza.jpg\"><img data-attachment-id=\"3662\" data-permalink=\"https:\/\/www.mellecereza.fr\/blog\/bijou-de-tete-mariee-autres-jolis-details-latelier-131\/bijou-de-tete-pics-chignons-fleurs-vieux-rose-perles-cereza\/#main\" data-orig-file=\"https:\/\/www.mellecereza.fr\/blog\/wp-content\/uploads\/2015\/06\/bijou-de-t\u00eate-pics-chignons-fleurs-vieux-rose-perles-cereza.jpg\" data-orig-size=\"640,640\" data-comments-opened=\"1\" data-image-meta=\"{&quot;aperture&quot;:&quot;0&quot;,&quot;credit&quot;:&quot;&quot;,&quot;camera&quot;:&quot;&quot;,&quot;caption&quot;:&quot;&quot;,&quot;created_timestamp&quot;:&quot;0&quot;,&quot;copyright&quot;:&quot;&quot;,&quot;focal_length&quot;:&quot;0&quot;,&quot;iso&quot;:&quot;0&quot;,&quot;shutter_speed&quot;:&quot;0&quot;,&quot;title&quot;:&quot;&quot;}\" data-image-title=\"bijou de t\u00eate mari\u00e9e pics chignons fleurs vieux rose perles cereza\" data-image-description=\"\" data-image-caption=\"\" data-medium-file=\"https:\/\/www.mellecereza.fr\/blog\/wp-content\/uploads\/2015\/06\/bijou-de-t\u00eate-pics-chignons-fleurs-vieux-rose-perles-cereza-600x600.jpg\" data-large-file=\"https:\/\/www.mellecereza.fr\/blog\/wp-content\/uploads\/2015\/06\/bijou-de-t\u00eate-pics-chignons-fleurs-vieux-rose-perles-cereza.jpg\" decoding=\"async\" loading=\"lazy\" class=\"aligncenter  wp-image-3662\" alt=\"bijou de t\u00eate mari\u00e9e pics chignons fleurs vieux rose perles cereza\" src=\"http:\/\/www.mellecereza.fr\/blog\/wp-content\/uploads\/2015\/06\/bijou-de-t\u00eate-pics-chignons-fleurs-vieux-rose-perles-cereza-600x600.jpg\" width=\"540\" height=\"540\" srcset=\"https:\/\/www.mellecereza.fr\/blog\/wp-content\/uploads\/2015\/06\/bijou-de-t\u00eate-pics-chignons-fleurs-vieux-rose-perles-cereza-600x600.jpg 600w, https:\/\/www.mellecereza.fr\/blog\/wp-content\/uploads\/2015\/06\/bijou-de-t\u00eate-pics-chignons-fleurs-vieux-rose-perles-cereza-450x450.jpg 450w, https:\/\/www.mellecereza.fr\/blog\/wp-content\/uploads\/2015\/06\/bijou-de-t\u00eate-pics-chignons-fleurs-vieux-rose-perles-cereza-210x210.jpg 210w, https:\/\/www.mellecereza.fr\/blog\/wp-content\/uploads\/2015\/06\/bijou-de-t\u00eate-pics-chignons-fleurs-vieux-rose-perles-cereza-60x60.jpg 60w, https:\/\/www.mellecereza.fr\/blog\/wp-content\/uploads\/2015\/06\/bijou-de-t\u00eate-pics-chignons-fleurs-vieux-rose-perles-cereza.jpg 640w\" sizes=\"(max-width: 540px) 100vw, 540px\" \/><\/a><\/p>\n<p style=\"text-align: center;\">\u00a0\u00a0Un <strong>mariage ivoire gris et rose<\/strong> en pr\u00e9paration, et la premi\u00e8re photo des fleurs qui composeront son <strong>bouquet de mari\u00e9e original<\/strong> envoy\u00e9e \u00e0 sa bride to be<\/p>\n<p><a href=\"http:\/\/www.mellecereza.fr\/blog\/wp-content\/uploads\/2015\/06\/mariage-ivoire-gris-rose-bouquet-de-mariee-original-mademoiselle-cereza.jpg\"><img data-attachment-id=\"3664\" data-permalink=\"https:\/\/www.mellecereza.fr\/blog\/bijou-de-tete-mariee-autres-jolis-details-latelier-131\/mariage-ivoire-gris-rose-bouquet-de-mariee-original-mademoiselle-cereza\/#main\" data-orig-file=\"https:\/\/www.mellecereza.fr\/blog\/wp-content\/uploads\/2015\/06\/mariage-ivoire-gris-rose-bouquet-de-mariee-original-mademoiselle-cereza.jpg\" data-orig-size=\"800,600\" data-comments-opened=\"1\" data-image-meta=\"{&quot;aperture&quot;:&quot;3.3&quot;,&quot;credit&quot;:&quot;&quot;,&quot;camera&quot;:&quot;DMC-TZ5&quot;,&quot;caption&quot;:&quot;&quot;,&quot;created_timestamp&quot;:&quot;1433953186&quot;,&quot;copyright&quot;:&quot;&quot;,&quot;focal_length&quot;:&quot;4.7&quot;,&quot;iso&quot;:&quot;100&quot;,&quot;shutter_speed&quot;:&quot;0.0125&quot;,&quot;title&quot;:&quot;&quot;}\" data-image-title=\"mariage ivoire gris rose bouquet de mariee original\" data-image-description=\"\" data-image-caption=\"\" data-medium-file=\"https:\/\/www.mellecereza.fr\/blog\/wp-content\/uploads\/2015\/06\/mariage-ivoire-gris-rose-bouquet-de-mariee-original-mademoiselle-cereza-600x450.jpg\" data-large-file=\"https:\/\/www.mellecereza.fr\/blog\/wp-content\/uploads\/2015\/06\/mariage-ivoire-gris-rose-bouquet-de-mariee-original-mademoiselle-cereza.jpg\" decoding=\"async\" loading=\"lazy\" class=\"aligncenter size-medium wp-image-3664\" alt=\"mariage ivoire gris rose bouquet de mariee original mademoiselle cereza\" src=\"http:\/\/www.mellecereza.fr\/blog\/wp-content\/uploads\/2015\/06\/mariage-ivoire-gris-rose-bouquet-de-mariee-original-mademoiselle-cereza-600x450.jpg\" width=\"600\" height=\"450\" srcset=\"https:\/\/www.mellecereza.fr\/blog\/wp-content\/uploads\/2015\/06\/mariage-ivoire-gris-rose-bouquet-de-mariee-original-mademoiselle-cereza-600x450.jpg 600w, https:\/\/www.mellecereza.fr\/blog\/wp-content\/uploads\/2015\/06\/mariage-ivoire-gris-rose-bouquet-de-mariee-original-mademoiselle-cereza-450x337.jpg 450w, https:\/\/www.mellecereza.fr\/blog\/wp-content\/uploads\/2015\/06\/mariage-ivoire-gris-rose-bouquet-de-mariee-original-mademoiselle-cereza.jpg 800w\" sizes=\"(max-width: 600px) 100vw, 600px\" \/><\/a><\/p>\n<p style=\"text-align: center;\">\u00a0Un <strong>mariage ivoire, fuchsia et anis<\/strong> &#8230; un <strong>porte-alliances Duo personnalis\u00e9<\/strong> pour deux adorables enfants d&rsquo;honneur<\/p>\n<p><a href=\"http:\/\/www.mellecereza.fr\/blog\/wp-content\/uploads\/2015\/06\/porte-alliances-mariage-personnalis\u00e9-ivoire-fuchsia-anis-duo-fleurs-cereza-mademoiselle-1.jpg\"><img data-attachment-id=\"3665\" data-permalink=\"https:\/\/www.mellecereza.fr\/blog\/bijou-de-tete-mariee-autres-jolis-details-latelier-131\/porte-alliances-mariage-personnalise-ivoire-fuchsia-anis-duo-fleurs-cereza-mademoiselle-1\/#main\" data-orig-file=\"https:\/\/www.mellecereza.fr\/blog\/wp-content\/uploads\/2015\/06\/porte-alliances-mariage-personnalis\u00e9-ivoire-fuchsia-anis-duo-fleurs-cereza-mademoiselle-1.jpg\" data-orig-size=\"800,743\" data-comments-opened=\"1\" data-image-meta=\"{&quot;aperture&quot;:&quot;3.3&quot;,&quot;credit&quot;:&quot;&quot;,&quot;camera&quot;:&quot;DMC-TZ5&quot;,&quot;caption&quot;:&quot;&quot;,&quot;created_timestamp&quot;:&quot;1433944514&quot;,&quot;copyright&quot;:&quot;&quot;,&quot;focal_length&quot;:&quot;4.7&quot;,&quot;iso&quot;:&quot;100&quot;,&quot;shutter_speed&quot;:&quot;0.00625&quot;,&quot;title&quot;:&quot;&quot;}\" data-image-title=\"porte alliances mariage personnalis\u00e9 ivoire fuchsia anis duo fleurs cereza mademoiselle 1\" data-image-description=\"\" data-image-caption=\"\" data-medium-file=\"https:\/\/www.mellecereza.fr\/blog\/wp-content\/uploads\/2015\/06\/porte-alliances-mariage-personnalis\u00e9-ivoire-fuchsia-anis-duo-fleurs-cereza-mademoiselle-1-600x557.jpg\" data-large-file=\"https:\/\/www.mellecereza.fr\/blog\/wp-content\/uploads\/2015\/06\/porte-alliances-mariage-personnalis\u00e9-ivoire-fuchsia-anis-duo-fleurs-cereza-mademoiselle-1.jpg\" decoding=\"async\" loading=\"lazy\" class=\"aligncenter size-medium wp-image-3665\" alt=\"porte alliances mariage personnalis\u00e9 ivoire fuchsia anis duo fleurs cereza mademoiselle 1\" src=\"http:\/\/www.mellecereza.fr\/blog\/wp-content\/uploads\/2015\/06\/porte-alliances-mariage-personnalis\u00e9-ivoire-fuchsia-anis-duo-fleurs-cereza-mademoiselle-1-600x557.jpg\" width=\"600\" height=\"557\" srcset=\"https:\/\/www.mellecereza.fr\/blog\/wp-content\/uploads\/2015\/06\/porte-alliances-mariage-personnalis\u00e9-ivoire-fuchsia-anis-duo-fleurs-cereza-mademoiselle-1-600x557.jpg 600w, https:\/\/www.mellecereza.fr\/blog\/wp-content\/uploads\/2015\/06\/porte-alliances-mariage-personnalis\u00e9-ivoire-fuchsia-anis-duo-fleurs-cereza-mademoiselle-1-450x417.jpg 450w, https:\/\/www.mellecereza.fr\/blog\/wp-content\/uploads\/2015\/06\/porte-alliances-mariage-personnalis\u00e9-ivoire-fuchsia-anis-duo-fleurs-cereza-mademoiselle-1.jpg 800w\" sizes=\"(max-width: 600px) 100vw, 600px\" \/><\/a><\/p>\n<p style=\"text-align: center;\">\u00a0Une planche d&rsquo;inspiration gourmande : vous <strong><a title=\"Id\u00e9es originales de dessert de mariage\" href=\"http:\/\/www.mellecereza.fr\/blog\/idees-originales-de-dessert-de-mariage\/\" target=\"_blank\">trouver 10 id\u00e9es originales pour votre dessert de mariage<\/a><\/strong><\/p>\n<p><a title=\"Id\u00e9es originales de dessert de mariage\" href=\"http:\/\/www.mellecereza.fr\/blog\/idees-originales-de-dessert-de-mariage\/\"><img data-attachment-id=\"3617\" data-permalink=\"https:\/\/www.mellecereza.fr\/blog\/?attachment_id=3617#main\" data-orig-file=\"https:\/\/www.mellecereza.fr\/blog\/wp-content\/uploads\/2015\/06\/id\u00e9es-dessert-mariage-original-charlotte-wedding-cake-original.jpg\" data-orig-size=\"500,333\" data-comments-opened=\"1\" data-image-meta=\"{&quot;aperture&quot;:&quot;0&quot;,&quot;credit&quot;:&quot;&quot;,&quot;camera&quot;:&quot;&quot;,&quot;caption&quot;:&quot;&quot;,&quot;created_timestamp&quot;:&quot;0&quot;,&quot;copyright&quot;:&quot;&quot;,&quot;focal_length&quot;:&quot;0&quot;,&quot;iso&quot;:&quot;0&quot;,&quot;shutter_speed&quot;:&quot;0&quot;,&quot;title&quot;:&quot;&quot;}\" data-image-title=\"id\u00e9es originales de dessert de mariage charlotte wedding cake\" data-image-description=\"\" data-image-caption=\"\" data-medium-file=\"https:\/\/www.mellecereza.fr\/blog\/wp-content\/uploads\/2015\/06\/id\u00e9es-dessert-mariage-original-charlotte-wedding-cake-original.jpg\" data-large-file=\"https:\/\/www.mellecereza.fr\/blog\/wp-content\/uploads\/2015\/06\/id\u00e9es-dessert-mariage-original-charlotte-wedding-cake-original.jpg\" decoding=\"async\" loading=\"lazy\" class=\"aligncenter size-full wp-image-3617\" alt=\"id\u00e9es originales de dessert de mariage charlotte wedding cake\" src=\"http:\/\/www.mellecereza.fr\/blog\/wp-content\/uploads\/2015\/06\/id\u00e9es-dessert-mariage-original-charlotte-wedding-cake-original.jpg\" width=\"500\" height=\"333\" srcset=\"https:\/\/www.mellecereza.fr\/blog\/wp-content\/uploads\/2015\/06\/id\u00e9es-dessert-mariage-original-charlotte-wedding-cake-original.jpg 500w, https:\/\/www.mellecereza.fr\/blog\/wp-content\/uploads\/2015\/06\/id\u00e9es-dessert-mariage-original-charlotte-wedding-cake-original-450x299.jpg 450w\" sizes=\"(max-width: 500px) 100vw, 500px\" \/><\/a><\/p>\n<p style=\"text-align: center;\">\u00a0Petite phrase impertinente \ud83d\ude09<\/p>\n<p><a href=\"http:\/\/www.mellecereza.fr\/blog\/wp-content\/uploads\/2015\/06\/il-faut-embrasser-beaucoup-de-grenouilles-avant-de-trouver-son-prince.jpg\"><img data-attachment-id=\"3666\" data-permalink=\"https:\/\/www.mellecereza.fr\/blog\/bijou-de-tete-mariee-autres-jolis-details-latelier-131\/il-faut-embrasser-beaucoup-de-grenouilles-avant-de-trouver-son-prince\/#main\" data-orig-file=\"https:\/\/www.mellecereza.fr\/blog\/wp-content\/uploads\/2015\/06\/il-faut-embrasser-beaucoup-de-grenouilles-avant-de-trouver-son-prince.jpg\" data-orig-size=\"480,480\" data-comments-opened=\"1\" data-image-meta=\"{&quot;aperture&quot;:&quot;0&quot;,&quot;credit&quot;:&quot;&quot;,&quot;camera&quot;:&quot;&quot;,&quot;caption&quot;:&quot;&quot;,&quot;created_timestamp&quot;:&quot;0&quot;,&quot;copyright&quot;:&quot;&quot;,&quot;focal_length&quot;:&quot;0&quot;,&quot;iso&quot;:&quot;0&quot;,&quot;shutter_speed&quot;:&quot;0&quot;,&quot;title&quot;:&quot;&quot;}\" data-image-title=\"il faut embrasser beaucoup de grenouilles avant de trouver son prince\" data-image-description=\"\" data-image-caption=\"\" data-medium-file=\"https:\/\/www.mellecereza.fr\/blog\/wp-content\/uploads\/2015\/06\/il-faut-embrasser-beaucoup-de-grenouilles-avant-de-trouver-son-prince.jpg\" data-large-file=\"https:\/\/www.mellecereza.fr\/blog\/wp-content\/uploads\/2015\/06\/il-faut-embrasser-beaucoup-de-grenouilles-avant-de-trouver-son-prince.jpg\" decoding=\"async\" loading=\"lazy\" class=\"aligncenter size-full wp-image-3666\" alt=\"il faut embrasser beaucoup de grenouilles avant de trouver son prince\" src=\"http:\/\/www.mellecereza.fr\/blog\/wp-content\/uploads\/2015\/06\/il-faut-embrasser-beaucoup-de-grenouilles-avant-de-trouver-son-prince.jpg\" width=\"480\" height=\"480\" srcset=\"https:\/\/www.mellecereza.fr\/blog\/wp-content\/uploads\/2015\/06\/il-faut-embrasser-beaucoup-de-grenouilles-avant-de-trouver-son-prince.jpg 480w, https:\/\/www.mellecereza.fr\/blog\/wp-content\/uploads\/2015\/06\/il-faut-embrasser-beaucoup-de-grenouilles-avant-de-trouver-son-prince-450x450.jpg 450w, https:\/\/www.mellecereza.fr\/blog\/wp-content\/uploads\/2015\/06\/il-faut-embrasser-beaucoup-de-grenouilles-avant-de-trouver-son-prince-210x210.jpg 210w, https:\/\/www.mellecereza.fr\/blog\/wp-content\/uploads\/2015\/06\/il-faut-embrasser-beaucoup-de-grenouilles-avant-de-trouver-son-prince-60x60.jpg 60w\" sizes=\"(max-width: 480px) 100vw, 480px\" \/><\/a><\/p>\n<p style=\"text-align: center;\">\u00a0Profiter de la douceur d&rsquo;un soir d&rsquo;\u00e9t\u00e9 et f\u00eater une excellente nouvelle avec un C\u00f4teaux du Layon<\/p>\n<p><a href=\"http:\/\/www.mellecereza.fr\/blog\/wp-content\/uploads\/2015\/06\/coteaux-du-layon.jpg\"><img data-attachment-id=\"3663\" data-permalink=\"https:\/\/www.mellecereza.fr\/blog\/bijou-de-tete-mariee-autres-jolis-details-latelier-131\/coteaux-du-layon\/#main\" data-orig-file=\"https:\/\/www.mellecereza.fr\/blog\/wp-content\/uploads\/2015\/06\/coteaux-du-layon.jpg\" data-orig-size=\"640,640\" data-comments-opened=\"1\" data-image-meta=\"{&quot;aperture&quot;:&quot;0&quot;,&quot;credit&quot;:&quot;&quot;,&quot;camera&quot;:&quot;&quot;,&quot;caption&quot;:&quot;&quot;,&quot;created_timestamp&quot;:&quot;0&quot;,&quot;copyright&quot;:&quot;&quot;,&quot;focal_length&quot;:&quot;0&quot;,&quot;iso&quot;:&quot;0&quot;,&quot;shutter_speed&quot;:&quot;0&quot;,&quot;title&quot;:&quot;&quot;}\" data-image-title=\"coteaux du layon\" data-image-description=\"\" data-image-caption=\"\" data-medium-file=\"https:\/\/www.mellecereza.fr\/blog\/wp-content\/uploads\/2015\/06\/coteaux-du-layon-600x600.jpg\" data-large-file=\"https:\/\/www.mellecereza.fr\/blog\/wp-content\/uploads\/2015\/06\/coteaux-du-layon.jpg\" decoding=\"async\" loading=\"lazy\" class=\"aligncenter size-medium wp-image-3663\" alt=\"coteaux du layon\" src=\"http:\/\/www.mellecereza.fr\/blog\/wp-content\/uploads\/2015\/06\/coteaux-du-layon-600x600.jpg\" width=\"600\" height=\"600\" srcset=\"https:\/\/www.mellecereza.fr\/blog\/wp-content\/uploads\/2015\/06\/coteaux-du-layon-600x600.jpg 600w, https:\/\/www.mellecereza.fr\/blog\/wp-content\/uploads\/2015\/06\/coteaux-du-layon-450x450.jpg 450w, https:\/\/www.mellecereza.fr\/blog\/wp-content\/uploads\/2015\/06\/coteaux-du-layon-210x210.jpg 210w, https:\/\/www.mellecereza.fr\/blog\/wp-content\/uploads\/2015\/06\/coteaux-du-layon-60x60.jpg 60w, https:\/\/www.mellecereza.fr\/blog\/wp-content\/uploads\/2015\/06\/coteaux-du-layon.jpg 640w\" sizes=\"(max-width: 600px) 100vw, 600px\" \/><\/a><\/p>\n<p style=\"text-align: center;\">\u00a0Trouver de l&rsquo;inspiration chez les copines et mettre de c\u00f4t\u00e9 cette incroyable recette de g\u00e2teau du blog <a href=\"http:\/\/perleensucre.com\/gateau-tigre-zebre-ou-encore-le-zebra-cake\/\" target=\"_blank\">Perle en sucre<\/a> !<\/p>\n<p style=\"text-align: center;\"><a href=\"http:\/\/perleensucre.com\/gateau-tigre-zebre-ou-encore-le-zebra-cake\/\"><img data-attachment-id=\"3667\" data-permalink=\"https:\/\/www.mellecereza.fr\/blog\/bijou-de-tete-mariee-autres-jolis-details-latelier-131\/marbre-zebre-chocolat-vanille\/#main\" data-orig-file=\"https:\/\/www.mellecereza.fr\/blog\/wp-content\/uploads\/2015\/06\/marbr\u00e9-z\u00e9br\u00e9-chocolat-vanille.png\" data-orig-size=\"620,715\" data-comments-opened=\"1\" data-image-meta=\"{&quot;aperture&quot;:&quot;0&quot;,&quot;credit&quot;:&quot;&quot;,&quot;camera&quot;:&quot;&quot;,&quot;caption&quot;:&quot;&quot;,&quot;created_timestamp&quot;:&quot;0&quot;,&quot;copyright&quot;:&quot;&quot;,&quot;focal_length&quot;:&quot;0&quot;,&quot;iso&quot;:&quot;0&quot;,&quot;shutter_speed&quot;:&quot;0&quot;,&quot;title&quot;:&quot;&quot;}\" data-image-title=\"marbr\u00e9 z\u00e9br\u00e9 chocolat vanille\" data-image-description=\"\" data-image-caption=\"\" data-medium-file=\"https:\/\/www.mellecereza.fr\/blog\/wp-content\/uploads\/2015\/06\/marbr\u00e9-z\u00e9br\u00e9-chocolat-vanille-520x600.png\" data-large-file=\"https:\/\/www.mellecereza.fr\/blog\/wp-content\/uploads\/2015\/06\/marbr\u00e9-z\u00e9br\u00e9-chocolat-vanille.png\" decoding=\"async\" loading=\"lazy\" class=\"aligncenter size-medium wp-image-3667\" alt=\"marbr\u00e9 z\u00e9br\u00e9 chocolat vanille\" src=\"http:\/\/www.mellecereza.fr\/blog\/wp-content\/uploads\/2015\/06\/marbr\u00e9-z\u00e9br\u00e9-chocolat-vanille-520x600.png\" width=\"520\" height=\"600\" srcset=\"https:\/\/www.mellecereza.fr\/blog\/wp-content\/uploads\/2015\/06\/marbr\u00e9-z\u00e9br\u00e9-chocolat-vanille-520x600.png 520w, https:\/\/www.mellecereza.fr\/blog\/wp-content\/uploads\/2015\/06\/marbr\u00e9-z\u00e9br\u00e9-chocolat-vanille-390x450.png 390w, https:\/\/www.mellecereza.fr\/blog\/wp-content\/uploads\/2015\/06\/marbr\u00e9-z\u00e9br\u00e9-chocolat-vanille.png 620w\" sizes=\"(max-width: 520px) 100vw, 520px\" \/><\/a><\/p>\n<p style=\"text-align: center;\">\u00a0Un mariage \u00e0 Paris, un couple d&rsquo;amoureux &#8230; et le <a title=\"mariage cabaret paris plumes strass cristal\" href=\"http:\/\/www.mellecereza.fr\/bouquet-de-mariee-original\/8-bouquet-de-mariage-cabaret-original-plumes-nina.html\" target=\"_blank\">bouquet de mariage cabaret fleur de plumes et strass de cristal<\/a><\/p>\n<p><a href=\"http:\/\/www.mellecereza.fr\/blog\/wp-content\/uploads\/2015\/06\/mariage-cabaret-blanc-fuchsia-plumes-voilette-real-wedding-bouquet-de-mari\u00e9e-original-cereza-mademoiselle-18.jpg\"><img data-attachment-id=\"3668\" data-permalink=\"https:\/\/www.mellecereza.fr\/blog\/bijou-de-tete-mariee-autres-jolis-details-latelier-131\/mariage-cabaret-blanc-fuchsia-plumes-voilette-real-wedding-bouquet-de-mariee-original-cereza-mademoiselle-18\/#main\" data-orig-file=\"https:\/\/www.mellecereza.fr\/blog\/wp-content\/uploads\/2015\/06\/mariage-cabaret-blanc-fuchsia-plumes-voilette-real-wedding-bouquet-de-mari\u00e9e-original-cereza-mademoiselle-18.jpg\" data-orig-size=\"640,960\" data-comments-opened=\"1\" data-image-meta=\"{&quot;aperture&quot;:&quot;0&quot;,&quot;credit&quot;:&quot;&quot;,&quot;camera&quot;:&quot;&quot;,&quot;caption&quot;:&quot;&quot;,&quot;created_timestamp&quot;:&quot;0&quot;,&quot;copyright&quot;:&quot;&quot;,&quot;focal_length&quot;:&quot;0&quot;,&quot;iso&quot;:&quot;0&quot;,&quot;shutter_speed&quot;:&quot;0&quot;,&quot;title&quot;:&quot;&quot;}\" data-image-title=\"mariage cabaret paris blanc fuchsia plumes voilette real wedding bouquet de mari\u00e9e original cereza mademoiselle (18)\" data-image-description=\"\" data-image-caption=\"\" data-medium-file=\"https:\/\/www.mellecereza.fr\/blog\/wp-content\/uploads\/2015\/06\/mariage-cabaret-blanc-fuchsia-plumes-voilette-real-wedding-bouquet-de-mari\u00e9e-original-cereza-mademoiselle-18-400x600.jpg\" data-large-file=\"https:\/\/www.mellecereza.fr\/blog\/wp-content\/uploads\/2015\/06\/mariage-cabaret-blanc-fuchsia-plumes-voilette-real-wedding-bouquet-de-mari\u00e9e-original-cereza-mademoiselle-18.jpg\" decoding=\"async\" loading=\"lazy\" class=\"aligncenter size-medium wp-image-3668\" alt=\"mariage cabaret paris blanc fuchsia plumes voilette real wedding bouquet de mari\u00e9e original cereza mademoiselle (18)\" src=\"http:\/\/www.mellecereza.fr\/blog\/wp-content\/uploads\/2015\/06\/mariage-cabaret-blanc-fuchsia-plumes-voilette-real-wedding-bouquet-de-mari\u00e9e-original-cereza-mademoiselle-18-400x600.jpg\" width=\"400\" height=\"600\" srcset=\"https:\/\/www.mellecereza.fr\/blog\/wp-content\/uploads\/2015\/06\/mariage-cabaret-blanc-fuchsia-plumes-voilette-real-wedding-bouquet-de-mari\u00e9e-original-cereza-mademoiselle-18-400x600.jpg 400w, https:\/\/www.mellecereza.fr\/blog\/wp-content\/uploads\/2015\/06\/mariage-cabaret-blanc-fuchsia-plumes-voilette-real-wedding-bouquet-de-mari\u00e9e-original-cereza-mademoiselle-18-300x450.jpg 300w, https:\/\/www.mellecereza.fr\/blog\/wp-content\/uploads\/2015\/06\/mariage-cabaret-blanc-fuchsia-plumes-voilette-real-wedding-bouquet-de-mari\u00e9e-original-cereza-mademoiselle-18.jpg 640w\" sizes=\"(max-width: 400px) 100vw, 400px\" \/><\/a> \u00a0 Cette semaine des cr\u00e9atrices d\u2019autres horizons vous d\u00e9voilent les coulisses de leur atelier :<\/p>\n<p><span style=\"font-size: x-small;\">Lara, J\u2019en ai pas l\u2019air :\u00a0<a href=\"http:\/\/www.jenaipaslair.fr\/newsite\/latelier-de-broderie-jen-ai-pas-lair\/\" target=\"_blank\">\u00a0l\u2019atelier de broderie<\/a><\/span><\/p>\n<p><span style=\"font-size: x-small;\">Virginie, Lili &amp; le Scarab\u00e9e ROz :\u00a0\u00a0bijou fantaisie\u00a0<\/span><\/p>\n<p><span style=\"font-size: x-small;\">Pascale, Gazouillis &amp; Cie :\u00a0<a href=\"http:\/\/blog.gazouillisetcie.fr\/2015\/06\/01\/fetes-des-meres-tricot-projet-et-soleil\/\" target=\"_blank\">blog de tricot<\/a><\/span><\/p>\n<p><span style=\"font-size: x-small;\">Isabelle, Dessine-moi un pr\u00e9nom :<a href=\"http:\/\/blog.dessine-moi-un-prenom.com\/une-semaine-a-latelier-120-des-cadeaux-de-fin-dannee-originaux\/\" target=\"_blank\">\u00a0<\/a><a href=\"http:\/\/blog.dessine-moi-un-prenom.com\/une-semaine-a-latelier-121\/\" target=\"_blank\">cadeaux de fin d\u2019ann\u00e9e originaux<\/a><\/span><\/p>\n<p><span style=\"font-size: x-small;\">Aline, La Caverne \u00e0 Cr\u00e9ations :<a href=\"http:\/\/la-caverne-a-creations.over-blog.com\/2015\/04\/ma-semaine-a-l-atelier-10-2015.html\" target=\"_blank\">\u00a0<\/a><a href=\"http:\/\/la-caverne-a-creations.over-blog.com\/2015\/06\/ma-semaine-a-l-atelier-12-2015.html\" target=\"_blank\">bola de grossesse<\/a><\/span><\/p>\n<p><span style=\"font-size: x-small;\">Sandrine, Miss &amp; Cie : \u00a0<a href=\"http:\/\/www.missetcie.com\/2015\/06\/une-semaine-a-l-atelier-108-la-boutique-a-ouvert.html\" target=\"_blank\">ouverture boutique concept store Miss &amp; Cie<\/a><\/span><\/p>\n<div class=\"post_signature\"><img src=\"https:\/\/www.mellecereza.fr\/blog\/wp-content\/uploads\/2020\/02\/sign-200-FEV-15d1.png\" \/><\/div>","protected":false},"excerpt":{"rendered":"<p>Bijou de t\u00eate mari\u00e9e et autres jolis d\u00e9tails Une semaine \u00e9coul\u00e9e dans l&rsquo;atelier entre vos demandes d&rsquo;accessoires de mari\u00e9e personnalis\u00e9s et petites pauses gourmandes ! \u00a0Un bijou de t\u00eate mari\u00e9e fleur et dentelle rebrod\u00e9e de perles \u00a0Une commande toute particuli\u00e8re&#8230;<\/p>\n","protected":false},"author":1,"featured_media":3660,"comment_status":"open","ping_status":"open","sticky":false,"template":"","format":"standard","meta":{"jetpack_post_was_ever_published":false,"jetpack_publicize_message":"","jetpack_is_tweetstorm":false,"jetpack_publicize_feature_enabled":true,"jetpack_social_post_already_shared":true,"jetpack_social_options":{"image_generator_settings":{"template":"highway","enabled":false}}},"categories":[19],"tags":[227,71,311,308,312,134,313,230],"jetpack_publicize_connections":[],"yoast_head":"<!-- This site is optimized with the Yoast SEO plugin v20.3 - https:\/\/yoast.com\/wordpress\/plugins\/seo\/ -->\n<title>Bijou de t\u00eate mari\u00e9e et autres jolis d\u00e9tails, l&#039;atelier #131 - Melle Cereza blog mariage original<\/title>\n<meta name=\"robots\" content=\"index, follow, max-snippet:-1, max-image-preview:large, max-video-preview:-1\" \/>\n<link rel=\"canonical\" href=\"https:\/\/www.mellecereza.fr\/blog\/bijou-de-tete-mariee-autres-jolis-details-latelier-131\/\" \/>\n<meta property=\"og:locale\" content=\"fr_FR\" \/>\n<meta property=\"og:type\" content=\"article\" \/>\n<meta property=\"og:title\" content=\"Bijou de t\u00eate mari\u00e9e et autres jolis d\u00e9tails, l&#039;atelier #131 - Melle Cereza blog mariage original\" \/>\n<meta property=\"og:description\" content=\"Bijou de t\u00eate mari\u00e9e et autres jolis d\u00e9tails Une semaine \u00e9coul\u00e9e dans l&rsquo;atelier entre vos demandes d&rsquo;accessoires de mari\u00e9e personnalis\u00e9s et petites pauses gourmandes ! \u00a0Un bijou de t\u00eate mari\u00e9e fleur et dentelle rebrod\u00e9e de perles \u00a0Une commande toute particuli\u00e8re...\" \/>\n<meta property=\"og:url\" content=\"https:\/\/www.mellecereza.fr\/blog\/bijou-de-tete-mariee-autres-jolis-details-latelier-131\/\" \/>\n<meta property=\"og:site_name\" content=\"Melle Cereza blog mariage original\" \/>\n<meta property=\"article:published_time\" content=\"2015-06-14T06:00:44+00:00\" \/>\n<meta property=\"article:modified_time\" content=\"2015-10-24T11:29:15+00:00\" \/>\n<meta property=\"og:image\" content=\"https:\/\/www.mellecereza.fr\/blog\/wp-content\/uploads\/2015\/06\/131-bijou-de-tete-mariee-sur-mesure-et-autres-jolis-d\u00e9tails-cereza-mademoiselle.jpg\" \/>\n\t<meta property=\"og:image:width\" content=\"800\" \/>\n\t<meta property=\"og:image:height\" content=\"600\" \/>\n\t<meta property=\"og:image:type\" content=\"image\/jpeg\" \/>\n<meta name=\"author\" content=\"Cerise\" \/>\n<meta name=\"twitter:label1\" content=\"\u00c9crit par\" \/>\n\t<meta name=\"twitter:data1\" content=\"Cerise\" \/>\n\t<meta name=\"twitter:label2\" content=\"Dur\u00e9e de lecture estim\u00e9e\" \/>\n\t<meta name=\"twitter:data2\" content=\"1 minute\" \/>\n<script type=\"application\/ld+json\" class=\"yoast-schema-graph\">{\"@context\":\"https:\/\/schema.org\",\"@graph\":[{\"@type\":\"WebPage\",\"@id\":\"https:\/\/www.mellecereza.fr\/blog\/bijou-de-tete-mariee-autres-jolis-details-latelier-131\/\",\"url\":\"https:\/\/www.mellecereza.fr\/blog\/bijou-de-tete-mariee-autres-jolis-details-latelier-131\/\",\"name\":\"Bijou de t\u00eate mari\u00e9e et autres jolis d\u00e9tails, l'atelier #131 - Melle Cereza blog mariage original\",\"isPartOf\":{\"@id\":\"https:\/\/www.mellecereza.fr\/blog\/#website\"},\"datePublished\":\"2015-06-14T06:00:44+00:00\",\"dateModified\":\"2015-10-24T11:29:15+00:00\",\"author\":{\"@id\":\"https:\/\/www.mellecereza.fr\/blog\/#\/schema\/person\/3ad20d39d7b07a33b39c2e111d852118\"},\"breadcrumb\":{\"@id\":\"https:\/\/www.mellecereza.fr\/blog\/bijou-de-tete-mariee-autres-jolis-details-latelier-131\/#breadcrumb\"},\"inLanguage\":\"fr-FR\",\"potentialAction\":[{\"@type\":\"ReadAction\",\"target\":[\"https:\/\/www.mellecereza.fr\/blog\/bijou-de-tete-mariee-autres-jolis-details-latelier-131\/\"]}]},{\"@type\":\"BreadcrumbList\",\"@id\":\"https:\/\/www.mellecereza.fr\/blog\/bijou-de-tete-mariee-autres-jolis-details-latelier-131\/#breadcrumb\",\"itemListElement\":[{\"@type\":\"ListItem\",\"position\":1,\"name\":\"Accueil\",\"item\":\"https:\/\/www.mellecereza.fr\/blog\/\"},{\"@type\":\"ListItem\",\"position\":2,\"name\":\"Bijou de t\u00eate mari\u00e9e et autres jolis d\u00e9tails, l&rsquo;atelier #131\"}]},{\"@type\":\"WebSite\",\"@id\":\"https:\/\/www.mellecereza.fr\/blog\/#website\",\"url\":\"https:\/\/www.mellecereza.fr\/blog\/\",\"name\":\"Melle Cereza blog mariage original\",\"description\":\"Id\u00e9es et inspirations pour un joli mariage original, id\u00e9es d\u00e9co, bouquet, bijoux &amp; accessoires\",\"potentialAction\":[{\"@type\":\"SearchAction\",\"target\":{\"@type\":\"EntryPoint\",\"urlTemplate\":\"https:\/\/www.mellecereza.fr\/blog\/?s={search_term_string}\"},\"query-input\":\"required name=search_term_string\"}],\"inLanguage\":\"fr-FR\"},{\"@type\":\"Person\",\"@id\":\"https:\/\/www.mellecereza.fr\/blog\/#\/schema\/person\/3ad20d39d7b07a33b39c2e111d852118\",\"name\":\"Cerise\",\"image\":{\"@type\":\"ImageObject\",\"inLanguage\":\"fr-FR\",\"@id\":\"https:\/\/www.mellecereza.fr\/blog\/#\/schema\/person\/image\/\",\"url\":\"https:\/\/secure.gravatar.com\/avatar\/f8aa59be965caf71440dfd118dcb3362?s=96&d=identicon&r=g\",\"contentUrl\":\"https:\/\/secure.gravatar.com\/avatar\/f8aa59be965caf71440dfd118dcb3362?s=96&d=identicon&r=g\",\"caption\":\"Cerise\"},\"url\":\"https:\/\/www.mellecereza.fr\/blog\/author\/cerise\/\"}]}<\/script>\n<!-- \/ Yoast SEO plugin. -->","yoast_head_json":{"title":"Bijou de t\u00eate mari\u00e9e et autres jolis d\u00e9tails, l'atelier #131 - Melle Cereza blog mariage original","robots":{"index":"index","follow":"follow","max-snippet":"max-snippet:-1","max-image-preview":"max-image-preview:large","max-video-preview":"max-video-preview:-1"},"canonical":"https:\/\/www.mellecereza.fr\/blog\/bijou-de-tete-mariee-autres-jolis-details-latelier-131\/","og_locale":"fr_FR","og_type":"article","og_title":"Bijou de t\u00eate mari\u00e9e et autres jolis d\u00e9tails, l'atelier #131 - Melle Cereza blog mariage original","og_description":"Bijou de t\u00eate mari\u00e9e et autres jolis d\u00e9tails Une semaine \u00e9coul\u00e9e dans l&rsquo;atelier entre vos demandes d&rsquo;accessoires de mari\u00e9e personnalis\u00e9s et petites pauses gourmandes ! \u00a0Un bijou de t\u00eate mari\u00e9e fleur et dentelle rebrod\u00e9e de perles \u00a0Une commande toute particuli\u00e8re...","og_url":"https:\/\/www.mellecereza.fr\/blog\/bijou-de-tete-mariee-autres-jolis-details-latelier-131\/","og_site_name":"Melle Cereza blog mariage original","article_published_time":"2015-06-14T06:00:44+00:00","article_modified_time":"2015-10-24T11:29:15+00:00","og_image":[{"width":800,"height":600,"url":"https:\/\/www.mellecereza.fr\/blog\/wp-content\/uploads\/2015\/06\/131-bijou-de-tete-mariee-sur-mesure-et-autres-jolis-d\u00e9tails-cereza-mademoiselle.jpg","type":"image\/jpeg"}],"author":"Cerise","twitter_misc":{"\u00c9crit par":"Cerise","Dur\u00e9e de lecture estim\u00e9e":"1 minute"},"schema":{"@context":"https:\/\/schema.org","@graph":[{"@type":"WebPage","@id":"https:\/\/www.mellecereza.fr\/blog\/bijou-de-tete-mariee-autres-jolis-details-latelier-131\/","url":"https:\/\/www.mellecereza.fr\/blog\/bijou-de-tete-mariee-autres-jolis-details-latelier-131\/","name":"Bijou de t\u00eate mari\u00e9e et autres jolis d\u00e9tails, l'atelier #131 - Melle Cereza blog mariage original","isPartOf":{"@id":"https:\/\/www.mellecereza.fr\/blog\/#website"},"datePublished":"2015-06-14T06:00:44+00:00","dateModified":"2015-10-24T11:29:15+00:00","author":{"@id":"https:\/\/www.mellecereza.fr\/blog\/#\/schema\/person\/3ad20d39d7b07a33b39c2e111d852118"},"breadcrumb":{"@id":"https:\/\/www.mellecereza.fr\/blog\/bijou-de-tete-mariee-autres-jolis-details-latelier-131\/#breadcrumb"},"inLanguage":"fr-FR","potentialAction":[{"@type":"ReadAction","target":["https:\/\/www.mellecereza.fr\/blog\/bijou-de-tete-mariee-autres-jolis-details-latelier-131\/"]}]},{"@type":"BreadcrumbList","@id":"https:\/\/www.mellecereza.fr\/blog\/bijou-de-tete-mariee-autres-jolis-details-latelier-131\/#breadcrumb","itemListElement":[{"@type":"ListItem","position":1,"name":"Accueil","item":"https:\/\/www.mellecereza.fr\/blog\/"},{"@type":"ListItem","position":2,"name":"Bijou de t\u00eate mari\u00e9e et autres jolis d\u00e9tails, l&rsquo;atelier #131"}]},{"@type":"WebSite","@id":"https:\/\/www.mellecereza.fr\/blog\/#website","url":"https:\/\/www.mellecereza.fr\/blog\/","name":"Melle Cereza blog mariage original","description":"Id\u00e9es et inspirations pour un joli mariage original, id\u00e9es d\u00e9co, bouquet, bijoux &amp; accessoires","potentialAction":[{"@type":"SearchAction","target":{"@type":"EntryPoint","urlTemplate":"https:\/\/www.mellecereza.fr\/blog\/?s={search_term_string}"},"query-input":"required name=search_term_string"}],"inLanguage":"fr-FR"},{"@type":"Person","@id":"https:\/\/www.mellecereza.fr\/blog\/#\/schema\/person\/3ad20d39d7b07a33b39c2e111d852118","name":"Cerise","image":{"@type":"ImageObject","inLanguage":"fr-FR","@id":"https:\/\/www.mellecereza.fr\/blog\/#\/schema\/person\/image\/","url":"https:\/\/secure.gravatar.com\/avatar\/f8aa59be965caf71440dfd118dcb3362?s=96&d=identicon&r=g","contentUrl":"https:\/\/secure.gravatar.com\/avatar\/f8aa59be965caf71440dfd118dcb3362?s=96&d=identicon&r=g","caption":"Cerise"},"url":"https:\/\/www.mellecereza.fr\/blog\/author\/cerise\/"}]}},"jetpack_featured_media_url":"https:\/\/www.mellecereza.fr\/blog\/wp-content\/uploads\/2015\/06\/131-bijou-de-tete-mariee-sur-mesure-et-autres-jolis-d\u00e9tails-cereza-mademoiselle.jpg","jetpack_shortlink":"https:\/\/wp.me\/p4ptN6-X1","jetpack_sharing_enabled":true,"jetpack-related-posts":[{"id":1109,"url":"https:\/\/www.mellecereza.fr\/blog\/bouquet-mariee-bijou-latelier-90\/","url_meta":{"origin":3659,"position":0},"title":"Bouquet de mari\u00e9e bijou : dans l&rsquo;atelier #90","date":"30 juin 2014","format":false,"excerpt":"Bouquet de mari\u00e9e bijou : le th\u00e8me est tout trouv\u00e9 pour vous parler de cette semaine dans l'atelier ;) Les journ\u00e9es filent sans que je ne m'en rende compte en cette jolie saison, vos commandes de bouquet personnalis\u00e9 affluent \u2665 Et cela me permet de vous d\u00e9voiler pour chaque jolie\u2026","rel":"","context":"Dans &quot;Dans l'atelier&quot;","img":{"alt_text":"","src":"https:\/\/i0.wp.com\/www.mellecereza.fr\/blog\/wp-content\/uploads\/2014\/06\/90r-bouquet-de-mari\u00e9e-bijou-personnalis\u00e9-sur-mesure-bouquet-\u00e9ternel-cereza-deco.jpg?resize=350%2C200&ssl=1","width":350,"height":200},"classes":[]},{"id":4915,"url":"https:\/\/www.mellecereza.fr\/blog\/mariage-dentelle-perles-romantique-100\/","url_meta":{"origin":3659,"position":1},"title":"Mariage dentelle perles romantique \u00e0 100%","date":"16 avril 2016","format":false,"excerpt":"Mariage dentelle perles romantique Cette semaine l'atelier a fourmill\u00e9 sous vos jolies demandes et je fonds pour tous les bijoux et accessoires de princesse que vous avez choisi \u2665 Bref une semaine toute en mariage dentelle perles romantique ! \u00a0S\u00e9lectionner la dentelle de Calais d'un bijou de t\u00eate et broder\u2026","rel":"","context":"Dans &quot;Dans l'atelier&quot;","img":{"alt_text":"mariage dentelle perles romantique bijoux mariage cereza mademoiselle","src":"https:\/\/i0.wp.com\/www.mellecereza.fr\/blog\/wp-content\/uploads\/2016\/04\/60r-mariage-dentelle-perles-romantique-cereza-mademoiselle.jpg?resize=350%2C200&ssl=1","width":350,"height":200},"classes":[]},{"id":4579,"url":"https:\/\/www.mellecereza.fr\/blog\/headband-coiffure-mariee-latelier-151\/","url_meta":{"origin":3659,"position":2},"title":"Headband coiffure mari\u00e9e, l&rsquo;atelier #151","date":"1 f\u00e9vrier 2016","format":false,"excerpt":"Headband coiffure mari\u00e9e Une semaine dans les coulisses de l'atelier de Mademoiselle Cereza c'est comme recevoir une grosse dose d'amour et s'en d\u00e9lecter chaque jour ! Cette semaine l'atelier a vu d\u00e9filer entre autres jolis accessoires, un headband coiffure de mari\u00e9e et surtout beaucoup de jolis messages re\u00e7us que ce\u2026","rel":"","context":"Dans &quot;Dans l'atelier&quot;","img":{"alt_text":"id\u00e9e headband coiffure de mari\u00e9e cereza mademoiselle blog mariage","src":"https:\/\/i0.wp.com\/www.mellecereza.fr\/blog\/wp-content\/uploads\/2016\/01\/51r-headband-coiffure-de-mari\u00e9e-cereza-mademoiselle.jpg?resize=350%2C200&ssl=1","width":350,"height":200},"classes":[]},{"id":3184,"url":"https:\/\/www.mellecereza.fr\/blog\/bijoux-mariage-latelier-118\/","url_meta":{"origin":3659,"position":3},"title":"Bijoux mariage dans l&rsquo;atelier #118","date":"8 mars 2015","format":false,"excerpt":"Des bijoux mariage en cours de confection et envoy\u00e9s \u00e0 leurs jolies mari\u00e9es . . . Cette semaine un c\u00f4t\u00e9 pr\u00e9cieux s'est d\u00e9gag\u00e9 des confections en cours dans l'atelier, des carnets d'inspiration, des bouquets de mari\u00e9e qui prennent forme ... \u00a0Confectionner des bijoux mariage, assembler les perles pour de d\u00e9licats\u2026","rel":"","context":"Dans &quot;Dans l'atelier&quot;","img":{"alt_text":"","src":"https:\/\/i0.wp.com\/www.mellecereza.fr\/blog\/wp-content\/uploads\/2015\/03\/118r-bijoux-mariage-perle-cristal-strass-accessoires-bijoux-sur-mesure-cereza-mademoiselle.jpg?resize=350%2C200&ssl=1","width":350,"height":200},"classes":[]},{"id":3568,"url":"https:\/\/www.mellecereza.fr\/blog\/nouveautes-mariage-romantique-jolis-accessoires\/","url_meta":{"origin":3659,"position":4},"title":"Nouveaut\u00e9s mariage romantique { jolis accessoires }","date":"19 mai 2015","format":false,"excerpt":"Nouveaut\u00e9s mariage romantique {jolis accessoires} De nouveaux adorables accessoires sont entr\u00e9s dans la boutique ! Frais, romantiques et po\u00e9tiques vous allez bien s\u00fbr retrouver les fleurs ch\u00e8res \u00e0 mon coeur, de la dentelle pour une touche de boh\u00e8me chic et des broderies de perles pour un fini bijou. Les nouveaux\u2026","rel":"","context":"Dans &quot;Dans l'atelier&quot;","img":{"alt_text":"nouveaut\u00e9s boutique mariage accessoires porte alliance romantique cereza","src":"https:\/\/i0.wp.com\/www.mellecereza.fr\/blog\/wp-content\/uploads\/2015\/05\/nouveaut\u00e9s-boutique-mariage-accessoires-porte-alliance-romantique-cereza.jpg?resize=350%2C200&ssl=1","width":350,"height":200},"classes":[]},{"id":3955,"url":"https:\/\/www.mellecereza.fr\/blog\/porte-alliances-duo-rentree-les-chapeaux-roue-latelier-136\/","url_meta":{"origin":3659,"position":5},"title":"Porte alliances duo, une rentr\u00e9e sur les chapeaux de roue dans l&rsquo;atelier #136","date":"4 ao\u00fbt 2015","format":false,"excerpt":"Porte alliances duo & une rentr\u00e9e sur les chapeaux de roue Quelques semaines avant nos t\u00eates blondes qui profitent encore des baignades, balades & grasses matin\u00e9es, j'ai repris le chemin de l'atelier. Je ne sais pas vous mais chaque fois que les vacances sont termin\u00e9es je vis un moment de\u2026","rel":"","context":"Dans &quot;Dans l'atelier&quot;","img":{"alt_text":"porte alliances duo cereza mademoiselle","src":"https:\/\/i0.wp.com\/www.mellecereza.fr\/blog\/wp-content\/uploads\/2015\/08\/136r-porte-alliances-duo-cereza-mademoiselle.jpg?resize=350%2C200&ssl=1","width":350,"height":200},"classes":[]}],"_links":{"self":[{"href":"https:\/\/www.mellecereza.fr\/blog\/wp-json\/wp\/v2\/posts\/3659"}],"collection":[{"href":"https:\/\/www.mellecereza.fr\/blog\/wp-json\/wp\/v2\/posts"}],"about":[{"href":"https:\/\/www.mellecereza.fr\/blog\/wp-json\/wp\/v2\/types\/post"}],"author":[{"embeddable":true,"href":"https:\/\/www.mellecereza.fr\/blog\/wp-json\/wp\/v2\/users\/1"}],"replies":[{"embeddable":true,"href":"https:\/\/www.mellecereza.fr\/blog\/wp-json\/wp\/v2\/comments?post=3659"}],"version-history":[{"count":7,"href":"https:\/\/www.mellecereza.fr\/blog\/wp-json\/wp\/v2\/posts\/3659\/revisions"}],"predecessor-version":[{"id":3694,"href":"https:\/\/www.mellecereza.fr\/blog\/wp-json\/wp\/v2\/posts\/3659\/revisions\/3694"}],"wp:featuredmedia":[{"embeddable":true,"href":"https:\/\/www.mellecereza.fr\/blog\/wp-json\/wp\/v2\/media\/3660"}],"wp:attachment":[{"href":"https:\/\/www.mellecereza.fr\/blog\/wp-json\/wp\/v2\/media?parent=3659"}],"wp:term":[{"taxonomy":"category","embeddable":true,"href":"https:\/\/www.mellecereza.fr\/blog\/wp-json\/wp\/v2\/categories?post=3659"},{"taxonomy":"post_tag","embeddable":true,"href":"https:\/\/www.mellecereza.fr\/blog\/wp-json\/wp\/v2\/tags?post=3659"}],"curies":[{"name":"wp","href":"https:\/\/api.w.org\/{rel}","templated":true}]}}