{"id":3890,"date":"2015-07-22T07:00:41","date_gmt":"2015-07-22T05:00:41","guid":{"rendered":"http:\/\/www.mellecereza.fr\/blog\/?p=3890"},"modified":"2016-07-14T19:11:07","modified_gmt":"2016-07-14T17:11:07","slug":"robe-de-mariee-courte-selection-stylee-2015-2016","status":"publish","type":"post","link":"https:\/\/www.mellecereza.fr\/blog\/robe-de-mariee-courte-selection-stylee-2015-2016\/","title":{"rendered":"Robe de mari\u00e9e courte, s\u00e9lection styl\u00e9e 2015-2016"},"content":{"rendered":"<h5>Robe de mari\u00e9e courte, s\u00e9lection styl\u00e9e 2015-2016<\/h5>\n<p><a href=\"http:\/\/www.mellecereza.fr\/blog\/wp-content\/uploads\/2015\/07\/robe-de-mari\u00e9e-courte-s\u00e9lection-styl\u00e9e-blog-mariage-cereza-mademoiselle-r.jpg\"><img data-attachment-id=\"3930\" data-permalink=\"https:\/\/www.mellecereza.fr\/blog\/robe-de-mariee-courte-selection-stylee-2015-2016\/robe-de-mariee-courte-selection-stylee-blog-mariage-cereza-mademoiselle-r\/#main\" data-orig-file=\"https:\/\/www.mellecereza.fr\/blog\/wp-content\/uploads\/2015\/07\/robe-de-mari\u00e9e-courte-s\u00e9lection-styl\u00e9e-blog-mariage-cereza-mademoiselle-r.jpg\" data-orig-size=\"800,800\" data-comments-opened=\"1\" data-image-meta=\"{&quot;aperture&quot;:&quot;0&quot;,&quot;credit&quot;:&quot;Picasa&quot;,&quot;camera&quot;:&quot;&quot;,&quot;caption&quot;:&quot;&quot;,&quot;created_timestamp&quot;:&quot;1437403705&quot;,&quot;copyright&quot;:&quot;&quot;,&quot;focal_length&quot;:&quot;0&quot;,&quot;iso&quot;:&quot;0&quot;,&quot;shutter_speed&quot;:&quot;0&quot;,&quot;title&quot;:&quot;&quot;}\" data-image-title=\"robe de mari\u00e9e courte s\u00e9lection styl\u00e9e blog mariage cereza mademoiselle r\" data-image-description=\"\" data-image-caption=\"\" data-medium-file=\"https:\/\/www.mellecereza.fr\/blog\/wp-content\/uploads\/2015\/07\/robe-de-mari\u00e9e-courte-s\u00e9lection-styl\u00e9e-blog-mariage-cereza-mademoiselle-r-600x600.jpg\" data-large-file=\"https:\/\/www.mellecereza.fr\/blog\/wp-content\/uploads\/2015\/07\/robe-de-mari\u00e9e-courte-s\u00e9lection-styl\u00e9e-blog-mariage-cereza-mademoiselle-r.jpg\" decoding=\"async\" loading=\"lazy\" class=\"aligncenter size-medium wp-image-3930\" alt=\"robe de mari\u00e9e courte s\u00e9lection styl\u00e9e blog mariage cereza mademoiselle r\" src=\"http:\/\/www.mellecereza.fr\/blog\/wp-content\/uploads\/2015\/07\/robe-de-mari\u00e9e-courte-s\u00e9lection-styl\u00e9e-blog-mariage-cereza-mademoiselle-r-600x600.jpg\" width=\"600\" height=\"600\" srcset=\"https:\/\/www.mellecereza.fr\/blog\/wp-content\/uploads\/2015\/07\/robe-de-mari\u00e9e-courte-s\u00e9lection-styl\u00e9e-blog-mariage-cereza-mademoiselle-r-600x600.jpg 600w, https:\/\/www.mellecereza.fr\/blog\/wp-content\/uploads\/2015\/07\/robe-de-mari\u00e9e-courte-s\u00e9lection-styl\u00e9e-blog-mariage-cereza-mademoiselle-r-450x450.jpg 450w, https:\/\/www.mellecereza.fr\/blog\/wp-content\/uploads\/2015\/07\/robe-de-mari\u00e9e-courte-s\u00e9lection-styl\u00e9e-blog-mariage-cereza-mademoiselle-r-210x210.jpg 210w, https:\/\/www.mellecereza.fr\/blog\/wp-content\/uploads\/2015\/07\/robe-de-mari\u00e9e-courte-s\u00e9lection-styl\u00e9e-blog-mariage-cereza-mademoiselle-r-60x60.jpg 60w, https:\/\/www.mellecereza.fr\/blog\/wp-content\/uploads\/2015\/07\/robe-de-mari\u00e9e-courte-s\u00e9lection-styl\u00e9e-blog-mariage-cereza-mademoiselle-r.jpg 800w\" sizes=\"(max-width: 600px) 100vw, 600px\" \/><\/a><\/p>\n<p style=\"text-align: justify;\">Opter pour une robe de mari\u00e9e courte pour son D Day c&rsquo;est choisir d&rsquo;\u00eatre une princesse des temps modernes !<\/p>\n<p style=\"text-align: justify;\">Et attention, robe de mari\u00e9e courte ne signifie pas &#8211; loin de l\u00e0 &#8211; une robe qui se porterait tous les jours, tristouille ou banale ! Les cr\u00e9atrices, et cr\u00e9ateurs, nous offrent des tenues styl\u00e9es et fraiches, confectionn\u00e9es avec ce souci du d\u00e9tail qui en font de petites merveilles pour une mari\u00e9e moderne, romantique, rock ou boh\u00e8me.<\/p>\n<p style=\"text-align: justify;\">Pour cette s\u00e9lection de robe de mari\u00e9e courte styl\u00e9e, j&rsquo;ai eu la chance et surtout le bonheur d&rsquo;\u00e9changer avec plusieurs cr\u00e9atrices fran\u00e7aises, je ne peux que vous conseiller de pousser la porte de leur atelier : vous recevrez des conseils avis\u00e9s, chaleureux et personnalis\u00e9s, dans un cadre intime et sans que le budget soit plus cons\u00e9quent que pour une marque diffus\u00e9e \u00e0 plus grande \u00e9chelle \ud83d\ude09<\/p>\n<p style=\"text-align: center;\">Chez <strong><a title=\"robes de mari\u00e9e Louise Valentine\" href=\"http:\/\/www.louisevalentine.com\/\" target=\"_blank\">Louise Valentine<\/a><\/strong>, un mod\u00e8le ultra frais, moderne et romantique : l&rsquo;ensemble Flora<\/p>\n<p style=\"text-align: center;\">Je ne vous ai pas choisi une robe chez Louise Valentine mais les d\u00e9tails de la jupe brod\u00e9e et parsem\u00e9e de d\u00e9coupes au laser m&rsquo;ont juste tap\u00e9 dans l&rsquo;oeil !<\/p>\n<p style=\"text-align: center;\">Comptez pour l&rsquo;ensemble Flora jupe + top d\u00e9bardeur 300 \u20ac en demie-mesure<\/p>\n<p style=\"text-align: center;\">Mariana la p\u00e9tillante cr\u00e9atrice de Louise Valentine vous recevra sur la Rochelle ou se d\u00e9placera chez vous sur Bordeaux &amp; Paris<\/p>\n<p><a href=\"http:\/\/www.mellecereza.fr\/blog\/wp-content\/uploads\/2015\/07\/robe-de-mari\u00e9e-courte-s\u00e9lection-styl\u00e9e-louise-valentine-flora-jupe-top-3r.jpg\"><img data-attachment-id=\"3891\" data-permalink=\"https:\/\/www.mellecereza.fr\/blog\/robe-de-mariee-courte-selection-stylee-2015-2016\/robe-de-mariee-courte-selection-stylee-louise-valentine-flora-jupe-top-3r\/#main\" data-orig-file=\"https:\/\/www.mellecereza.fr\/blog\/wp-content\/uploads\/2015\/07\/robe-de-mari\u00e9e-courte-s\u00e9lection-styl\u00e9e-louise-valentine-flora-jupe-top-3r.jpg\" data-orig-size=\"600,900\" data-comments-opened=\"1\" data-image-meta=\"{&quot;aperture&quot;:&quot;2.8&quot;,&quot;credit&quot;:&quot;&quot;,&quot;camera&quot;:&quot;Canon EOS 5D Mark III&quot;,&quot;caption&quot;:&quot;&quot;,&quot;created_timestamp&quot;:&quot;1429982292&quot;,&quot;copyright&quot;:&quot;&quot;,&quot;focal_length&quot;:&quot;120&quot;,&quot;iso&quot;:&quot;200&quot;,&quot;shutter_speed&quot;:&quot;0.00125&quot;,&quot;title&quot;:&quot;&quot;}\" data-image-title=\"robe de mari\u00e9e courte s\u00e9lection styl\u00e9e louise valentine flora jupe top (3r)\" data-image-description=\"\" data-image-caption=\"\" data-medium-file=\"https:\/\/www.mellecereza.fr\/blog\/wp-content\/uploads\/2015\/07\/robe-de-mari\u00e9e-courte-s\u00e9lection-styl\u00e9e-louise-valentine-flora-jupe-top-3r-400x600.jpg\" data-large-file=\"https:\/\/www.mellecereza.fr\/blog\/wp-content\/uploads\/2015\/07\/robe-de-mari\u00e9e-courte-s\u00e9lection-styl\u00e9e-louise-valentine-flora-jupe-top-3r.jpg\" decoding=\"async\" loading=\"lazy\" class=\"aligncenter size-full wp-image-3891\" alt=\"robe de mari\u00e9e courte s\u00e9lection styl\u00e9e louise valentine flora jupe top (3r)\" src=\"http:\/\/www.mellecereza.fr\/blog\/wp-content\/uploads\/2015\/07\/robe-de-mari\u00e9e-courte-s\u00e9lection-styl\u00e9e-louise-valentine-flora-jupe-top-3r.jpg\" width=\"600\" height=\"900\" srcset=\"https:\/\/www.mellecereza.fr\/blog\/wp-content\/uploads\/2015\/07\/robe-de-mari\u00e9e-courte-s\u00e9lection-styl\u00e9e-louise-valentine-flora-jupe-top-3r.jpg 600w, https:\/\/www.mellecereza.fr\/blog\/wp-content\/uploads\/2015\/07\/robe-de-mari\u00e9e-courte-s\u00e9lection-styl\u00e9e-louise-valentine-flora-jupe-top-3r-300x450.jpg 300w, https:\/\/www.mellecereza.fr\/blog\/wp-content\/uploads\/2015\/07\/robe-de-mari\u00e9e-courte-s\u00e9lection-styl\u00e9e-louise-valentine-flora-jupe-top-3r-400x600.jpg 400w\" sizes=\"(max-width: 600px) 100vw, 600px\" \/><\/a><\/p>\n<p style=\"text-align: center;\">\u00a0Du c\u00f4t\u00e9 de l&rsquo;<strong><a title=\"robes de mari\u00e9e Manon Pascual\" href=\"http:\/\/www.ateliermanonpascual.com\/\" target=\"_blank\">Atelier Manon Pascual<\/a><\/strong>, le mod\u00e8le Acoline revisite le court avec un dos nu \u00e9l\u00e9gant &#8211; et canon ! &#8211; \u00a0sur une coupe r\u00e9tro.<\/p>\n<p style=\"text-align: center;\">(tarif sur demande)<\/p>\n<p style=\"text-align: center;\">Manon vous accueille dans son atelier \u00e0 Quinsac \u00a0(pr\u00e8s de Bordeaux) et tr\u00e8s bonne nouvelle pour toutes les futures mari\u00e9es : d\u00e8s la rentr\u00e9e vous pourrez retrouver la robe courte Acoline chez les d\u00e9positaires <strong><a title=\"Rembo Styling France robes de mari\u00e9e\" href=\"http:\/\/www.rembo-styling.com\/storesDetail.php?country=france&amp;lang=en\" target=\"_blank\">Rembo Styling en France<\/a><\/strong><\/p>\n<p><a href=\"http:\/\/www.mellecereza.fr\/blog\/wp-content\/uploads\/2015\/07\/robe-de-mari\u00e9e-courte-s\u00e9lection-styl\u00e9e-Acoline-Manon-Pascual-1b.jpg\"><img data-attachment-id=\"3893\" data-permalink=\"https:\/\/www.mellecereza.fr\/blog\/robe-de-mariee-courte-selection-stylee-2015-2016\/robe-de-mariee-courte-selection-stylee-acoline-manon-pascual-1b\/#main\" data-orig-file=\"https:\/\/www.mellecereza.fr\/blog\/wp-content\/uploads\/2015\/07\/robe-de-mari\u00e9e-courte-s\u00e9lection-styl\u00e9e-Acoline-Manon-Pascual-1b.jpg\" data-orig-size=\"600,1018\" data-comments-opened=\"1\" data-image-meta=\"{&quot;aperture&quot;:&quot;0&quot;,&quot;credit&quot;:&quot;&quot;,&quot;camera&quot;:&quot;&quot;,&quot;caption&quot;:&quot;&quot;,&quot;created_timestamp&quot;:&quot;0&quot;,&quot;copyright&quot;:&quot;&quot;,&quot;focal_length&quot;:&quot;0&quot;,&quot;iso&quot;:&quot;0&quot;,&quot;shutter_speed&quot;:&quot;0&quot;,&quot;title&quot;:&quot;&quot;}\" data-image-title=\"robe de mari\u00e9e courte s\u00e9lection styl\u00e9e Acoline Manon Pascual (1b)\" data-image-description=\"\" data-image-caption=\"\" data-medium-file=\"https:\/\/www.mellecereza.fr\/blog\/wp-content\/uploads\/2015\/07\/robe-de-mari\u00e9e-courte-s\u00e9lection-styl\u00e9e-Acoline-Manon-Pascual-1b-353x600.jpg\" data-large-file=\"https:\/\/www.mellecereza.fr\/blog\/wp-content\/uploads\/2015\/07\/robe-de-mari\u00e9e-courte-s\u00e9lection-styl\u00e9e-Acoline-Manon-Pascual-1b.jpg\" decoding=\"async\" loading=\"lazy\" class=\"aligncenter size-full wp-image-3893\" alt=\"robe de mari\u00e9e courte s\u00e9lection styl\u00e9e Acoline Manon Pascual (1b)\" src=\"http:\/\/www.mellecereza.fr\/blog\/wp-content\/uploads\/2015\/07\/robe-de-mari\u00e9e-courte-s\u00e9lection-styl\u00e9e-Acoline-Manon-Pascual-1b.jpg\" width=\"600\" height=\"1018\" srcset=\"https:\/\/www.mellecereza.fr\/blog\/wp-content\/uploads\/2015\/07\/robe-de-mari\u00e9e-courte-s\u00e9lection-styl\u00e9e-Acoline-Manon-Pascual-1b.jpg 600w, https:\/\/www.mellecereza.fr\/blog\/wp-content\/uploads\/2015\/07\/robe-de-mari\u00e9e-courte-s\u00e9lection-styl\u00e9e-Acoline-Manon-Pascual-1b-265x450.jpg 265w, https:\/\/www.mellecereza.fr\/blog\/wp-content\/uploads\/2015\/07\/robe-de-mari\u00e9e-courte-s\u00e9lection-styl\u00e9e-Acoline-Manon-Pascual-1b-353x600.jpg 353w\" sizes=\"(max-width: 600px) 100vw, 600px\" \/><\/a><\/p>\n<p>&nbsp;<\/p>\n<p style=\"text-align: center;\"><span style=\"font-size: xx-small;\">(photo JPC)<\/span><\/p>\n<p style=\"text-align: center;\">\u00a0<strong><a title=\"robe de mari\u00e9e Lyon cr\u00e9atrice sur-mesure\" href=\"http:\/\/www.carolinequesnel.fr\/index.php\/la-collection\" target=\"_blank\">Une robe de mari\u00e9e sur-mesure \u00e0 Lyon<\/a><\/strong> ? Rendez-vous chez <strong><a href=\"http:\/\/www.carolinequesnel.fr\" target=\"_blank\">Caroline Quesnel<\/a><\/strong> !<\/p>\n<p style=\"text-align: center;\">Cette cr\u00e9atrice passionn\u00e9e puise son inspiration dans les coupes vintages et les belles mati\u00e8res d&rsquo;antan, et son mod\u00e8le de robe de mari\u00e9e courte Romane ne d\u00e9ment pas cette passion !<\/p>\n<p style=\"text-align: center;\">(prix \u00e0 partir de 700 \u20ac)<\/p>\n<p style=\"text-align: center;\"><a href=\"http:\/\/www.mellecereza.fr\/blog\/wp-content\/uploads\/2015\/07\/robe-de-mari\u00e9e-Lyon-cr\u00e9atrice-courte-dentelle-Caroline-Quesnel.png\"><img data-attachment-id=\"3927\" data-permalink=\"https:\/\/www.mellecereza.fr\/blog\/robe-de-mariee-courte-selection-stylee-2015-2016\/robe-de-mariee-lyon-creatrice-courte-dentelle-caroline-quesnel\/#main\" data-orig-file=\"https:\/\/www.mellecereza.fr\/blog\/wp-content\/uploads\/2015\/07\/robe-de-mari\u00e9e-Lyon-cr\u00e9atrice-courte-dentelle-Caroline-Quesnel.png\" data-orig-size=\"860,600\" data-comments-opened=\"1\" data-image-meta=\"{&quot;aperture&quot;:&quot;0&quot;,&quot;credit&quot;:&quot;&quot;,&quot;camera&quot;:&quot;&quot;,&quot;caption&quot;:&quot;&quot;,&quot;created_timestamp&quot;:&quot;0&quot;,&quot;copyright&quot;:&quot;&quot;,&quot;focal_length&quot;:&quot;0&quot;,&quot;iso&quot;:&quot;0&quot;,&quot;shutter_speed&quot;:&quot;0&quot;,&quot;title&quot;:&quot;&quot;}\" data-image-title=\"robe de mari\u00e9e Lyon cr\u00e9atrice courte dentelle Caroline Quesnel\" data-image-description=\"\" data-image-caption=\"\" data-medium-file=\"https:\/\/www.mellecereza.fr\/blog\/wp-content\/uploads\/2015\/07\/robe-de-mari\u00e9e-Lyon-cr\u00e9atrice-courte-dentelle-Caroline-Quesnel-600x418.png\" data-large-file=\"https:\/\/www.mellecereza.fr\/blog\/wp-content\/uploads\/2015\/07\/robe-de-mari\u00e9e-Lyon-cr\u00e9atrice-courte-dentelle-Caroline-Quesnel.png\" decoding=\"async\" loading=\"lazy\" class=\"aligncenter size-full wp-image-3927\" alt=\"robe de mari\u00e9e Lyon cr\u00e9atrice courte dentelle Caroline Quesnel\" src=\"http:\/\/www.mellecereza.fr\/blog\/wp-content\/uploads\/2015\/07\/robe-de-mari\u00e9e-Lyon-cr\u00e9atrice-courte-dentelle-Caroline-Quesnel.png\" width=\"860\" height=\"600\" srcset=\"https:\/\/www.mellecereza.fr\/blog\/wp-content\/uploads\/2015\/07\/robe-de-mari\u00e9e-Lyon-cr\u00e9atrice-courte-dentelle-Caroline-Quesnel.png 860w, https:\/\/www.mellecereza.fr\/blog\/wp-content\/uploads\/2015\/07\/robe-de-mari\u00e9e-Lyon-cr\u00e9atrice-courte-dentelle-Caroline-Quesnel-450x313.png 450w, https:\/\/www.mellecereza.fr\/blog\/wp-content\/uploads\/2015\/07\/robe-de-mari\u00e9e-Lyon-cr\u00e9atrice-courte-dentelle-Caroline-Quesnel-600x418.png 600w\" sizes=\"(max-width: 860px) 100vw, 860px\" \/><\/a><\/p>\n<p>&nbsp;<\/p>\n<p style=\"text-align: center;\">\u00a0La<a href=\"http:\/\/marie-laporte.fr\/robe\/margot\/\" target=\"_blank\"> <strong>cr\u00e9atrice Marie Laporte avec son mod\u00e8le Margot<\/strong><\/a>, a choisi une ligne \u00e9pur\u00e9e chic bord\u00e9e de dentelle.<\/p>\n<p><a href=\"http:\/\/www.mellecereza.fr\/blog\/wp-content\/uploads\/2015\/07\/robe-de-mari\u00e9e-courte-s\u00e9lection-styl\u00e9e-Margot-marie-laporte-r.jpg\"><img data-attachment-id=\"3897\" data-permalink=\"https:\/\/www.mellecereza.fr\/blog\/robe-de-mariee-courte-selection-stylee-2015-2016\/robe-de-mariee-courte-selection-stylee-margot-marie-laporte-r\/#main\" data-orig-file=\"https:\/\/www.mellecereza.fr\/blog\/wp-content\/uploads\/2015\/07\/robe-de-mari\u00e9e-courte-s\u00e9lection-styl\u00e9e-Margot-marie-laporte-r.jpg\" data-orig-size=\"600,900\" data-comments-opened=\"1\" data-image-meta=\"{&quot;aperture&quot;:&quot;0&quot;,&quot;credit&quot;:&quot;&quot;,&quot;camera&quot;:&quot;&quot;,&quot;caption&quot;:&quot;&quot;,&quot;created_timestamp&quot;:&quot;0&quot;,&quot;copyright&quot;:&quot;&quot;,&quot;focal_length&quot;:&quot;0&quot;,&quot;iso&quot;:&quot;0&quot;,&quot;shutter_speed&quot;:&quot;0&quot;,&quot;title&quot;:&quot;&quot;}\" data-image-title=\"robe de mari\u00e9e courte s\u00e9lection styl\u00e9e Margot marie laporte r\" data-image-description=\"\" data-image-caption=\"\" data-medium-file=\"https:\/\/www.mellecereza.fr\/blog\/wp-content\/uploads\/2015\/07\/robe-de-mari\u00e9e-courte-s\u00e9lection-styl\u00e9e-Margot-marie-laporte-r-400x600.jpg\" data-large-file=\"https:\/\/www.mellecereza.fr\/blog\/wp-content\/uploads\/2015\/07\/robe-de-mari\u00e9e-courte-s\u00e9lection-styl\u00e9e-Margot-marie-laporte-r.jpg\" decoding=\"async\" loading=\"lazy\" class=\"aligncenter size-full wp-image-3897\" alt=\"robe de mari\u00e9e courte s\u00e9lection styl\u00e9e Margot marie laporte r\" src=\"http:\/\/www.mellecereza.fr\/blog\/wp-content\/uploads\/2015\/07\/robe-de-mari\u00e9e-courte-s\u00e9lection-styl\u00e9e-Margot-marie-laporte-r.jpg\" width=\"600\" height=\"900\" srcset=\"https:\/\/www.mellecereza.fr\/blog\/wp-content\/uploads\/2015\/07\/robe-de-mari\u00e9e-courte-s\u00e9lection-styl\u00e9e-Margot-marie-laporte-r.jpg 600w, https:\/\/www.mellecereza.fr\/blog\/wp-content\/uploads\/2015\/07\/robe-de-mari\u00e9e-courte-s\u00e9lection-styl\u00e9e-Margot-marie-laporte-r-300x450.jpg 300w, https:\/\/www.mellecereza.fr\/blog\/wp-content\/uploads\/2015\/07\/robe-de-mari\u00e9e-courte-s\u00e9lection-styl\u00e9e-Margot-marie-laporte-r-400x600.jpg 400w\" sizes=\"(max-width: 600px) 100vw, 600px\" \/><\/a><\/p>\n<p style=\"text-align: center;\">\u00a0Une ampleur et une tenue hollywoodienne dans la <strong><a title=\"robe de mari\u00e9e courte ample sobre chic \u00e9l\u00e9gante\" href=\"http:\/\/www.delphinemanivet.com\/robe-de-mariee\/signature-collection\/alexis\" target=\"_blank\">robe de mari\u00e9e courte Alexis de Delphine Manivet<\/a><\/strong><\/p>\n<p><a href=\"http:\/\/www.mellecereza.fr\/blog\/wp-content\/uploads\/2015\/07\/robe-de-mari\u00e9e-courte-s\u00e9lection-styl\u00e9e-delphine-manivet-mariee-signature-2015-alexis-r.jpg\"><img data-attachment-id=\"3898\" data-permalink=\"https:\/\/www.mellecereza.fr\/blog\/robe-de-mariee-courte-selection-stylee-2015-2016\/robe-de-mariee-courte-selection-stylee-delphine-manivet-mariee-signature-2015-alexis-r\/#main\" data-orig-file=\"https:\/\/www.mellecereza.fr\/blog\/wp-content\/uploads\/2015\/07\/robe-de-mari\u00e9e-courte-s\u00e9lection-styl\u00e9e-delphine-manivet-mariee-signature-2015-alexis-r.jpg\" data-orig-size=\"600,885\" data-comments-opened=\"1\" data-image-meta=\"{&quot;aperture&quot;:&quot;0&quot;,&quot;credit&quot;:&quot;&quot;,&quot;camera&quot;:&quot;&quot;,&quot;caption&quot;:&quot;&quot;,&quot;created_timestamp&quot;:&quot;0&quot;,&quot;copyright&quot;:&quot;&quot;,&quot;focal_length&quot;:&quot;0&quot;,&quot;iso&quot;:&quot;0&quot;,&quot;shutter_speed&quot;:&quot;0&quot;,&quot;title&quot;:&quot;&quot;}\" data-image-title=\"robe de mari\u00e9e courte s\u00e9lection styl\u00e9e delphine-manivet-mariee-signature-2015-alexis r\" data-image-description=\"\" data-image-caption=\"\" data-medium-file=\"https:\/\/www.mellecereza.fr\/blog\/wp-content\/uploads\/2015\/07\/robe-de-mari\u00e9e-courte-s\u00e9lection-styl\u00e9e-delphine-manivet-mariee-signature-2015-alexis-r-406x600.jpg\" data-large-file=\"https:\/\/www.mellecereza.fr\/blog\/wp-content\/uploads\/2015\/07\/robe-de-mari\u00e9e-courte-s\u00e9lection-styl\u00e9e-delphine-manivet-mariee-signature-2015-alexis-r.jpg\" decoding=\"async\" loading=\"lazy\" class=\"aligncenter size-full wp-image-3898\" alt=\"robe de mari\u00e9e courte s\u00e9lection styl\u00e9e delphine-manivet-mariee-signature-2015-alexis r\" src=\"http:\/\/www.mellecereza.fr\/blog\/wp-content\/uploads\/2015\/07\/robe-de-mari\u00e9e-courte-s\u00e9lection-styl\u00e9e-delphine-manivet-mariee-signature-2015-alexis-r.jpg\" width=\"600\" height=\"885\" srcset=\"https:\/\/www.mellecereza.fr\/blog\/wp-content\/uploads\/2015\/07\/robe-de-mari\u00e9e-courte-s\u00e9lection-styl\u00e9e-delphine-manivet-mariee-signature-2015-alexis-r.jpg 600w, https:\/\/www.mellecereza.fr\/blog\/wp-content\/uploads\/2015\/07\/robe-de-mari\u00e9e-courte-s\u00e9lection-styl\u00e9e-delphine-manivet-mariee-signature-2015-alexis-r-305x450.jpg 305w, https:\/\/www.mellecereza.fr\/blog\/wp-content\/uploads\/2015\/07\/robe-de-mari\u00e9e-courte-s\u00e9lection-styl\u00e9e-delphine-manivet-mariee-signature-2015-alexis-r-406x600.jpg 406w\" sizes=\"(max-width: 600px) 100vw, 600px\" \/><\/a><\/p>\n<p>&nbsp;<\/p>\n<p style=\"text-align: center;\">\u00a0La marque n\u00e9o-z\u00e9landaise Rue de Seine est d\u00e9sormais disponible en France pour le plus grand bonheur d&rsquo;<strong><a title=\"robe de mari\u00e9e boh\u00e8me vintage courte rue de seine\" href=\"http:\/\/ruedeseine.com\/product\/crystal-mini\/#\" target=\"_blank\">une mari\u00e9e en robe courte boh\u00e8me et vintage<\/a><\/strong> &#8211; Mod\u00e8le Crystal mini (<a title=\"points de vente Rue de Seine robes de mari\u00e9e France\" href=\"http:\/\/ruedeseine.com\/europe\/\" target=\"_blank\">points de vente en France<\/a>)<\/p>\n<p><a href=\"http:\/\/www.mellecereza.fr\/blog\/wp-content\/uploads\/2015\/07\/robe-de-mari\u00e9e-courte-boh\u00e8me-vintage-s\u00e9lection-styl\u00e9e-Crystal-mini-rue-de-seine.jpg\"><img data-attachment-id=\"3899\" data-permalink=\"https:\/\/www.mellecereza.fr\/blog\/robe-de-mariee-courte-selection-stylee-2015-2016\/robe-de-mariee-courte-boheme-vintage-selection-stylee-crystal-mini-rue-de-seine\/#main\" data-orig-file=\"https:\/\/www.mellecereza.fr\/blog\/wp-content\/uploads\/2015\/07\/robe-de-mari\u00e9e-courte-boh\u00e8me-vintage-s\u00e9lection-styl\u00e9e-Crystal-mini-rue-de-seine.jpg\" data-orig-size=\"600,900\" data-comments-opened=\"1\" data-image-meta=\"{&quot;aperture&quot;:&quot;0&quot;,&quot;credit&quot;:&quot;&quot;,&quot;camera&quot;:&quot;&quot;,&quot;caption&quot;:&quot;&quot;,&quot;created_timestamp&quot;:&quot;0&quot;,&quot;copyright&quot;:&quot;&quot;,&quot;focal_length&quot;:&quot;0&quot;,&quot;iso&quot;:&quot;0&quot;,&quot;shutter_speed&quot;:&quot;0&quot;,&quot;title&quot;:&quot;&quot;}\" data-image-title=\"robe de mari\u00e9e courte boh\u00e8me vintage s\u00e9lection styl\u00e9e Crystal mini rue de seine\" data-image-description=\"\" data-image-caption=\"\" data-medium-file=\"https:\/\/www.mellecereza.fr\/blog\/wp-content\/uploads\/2015\/07\/robe-de-mari\u00e9e-courte-boh\u00e8me-vintage-s\u00e9lection-styl\u00e9e-Crystal-mini-rue-de-seine-400x600.jpg\" data-large-file=\"https:\/\/www.mellecereza.fr\/blog\/wp-content\/uploads\/2015\/07\/robe-de-mari\u00e9e-courte-boh\u00e8me-vintage-s\u00e9lection-styl\u00e9e-Crystal-mini-rue-de-seine.jpg\" decoding=\"async\" loading=\"lazy\" class=\"aligncenter size-full wp-image-3899\" alt=\"robe de mari\u00e9e courte boh\u00e8me vintage s\u00e9lection styl\u00e9e Crystal mini rue de seine\" src=\"http:\/\/www.mellecereza.fr\/blog\/wp-content\/uploads\/2015\/07\/robe-de-mari\u00e9e-courte-boh\u00e8me-vintage-s\u00e9lection-styl\u00e9e-Crystal-mini-rue-de-seine.jpg\" width=\"600\" height=\"900\" srcset=\"https:\/\/www.mellecereza.fr\/blog\/wp-content\/uploads\/2015\/07\/robe-de-mari\u00e9e-courte-boh\u00e8me-vintage-s\u00e9lection-styl\u00e9e-Crystal-mini-rue-de-seine.jpg 600w, https:\/\/www.mellecereza.fr\/blog\/wp-content\/uploads\/2015\/07\/robe-de-mari\u00e9e-courte-boh\u00e8me-vintage-s\u00e9lection-styl\u00e9e-Crystal-mini-rue-de-seine-300x450.jpg 300w, https:\/\/www.mellecereza.fr\/blog\/wp-content\/uploads\/2015\/07\/robe-de-mari\u00e9e-courte-boh\u00e8me-vintage-s\u00e9lection-styl\u00e9e-Crystal-mini-rue-de-seine-400x600.jpg 400w\" sizes=\"(max-width: 600px) 100vw, 600px\" \/><\/a><\/p>\n<p style=\"text-align: center;\">\u00a0Atelier Anonyme joue la carte d&rsquo;une <strong><a href=\"http:\/\/www.atelier-anonyme.fr\" target=\"_blank\">robe de mari\u00e9e courte, romantique et moderne en dentelle avec son mod\u00e8le Roma<\/a><\/strong><\/p>\n<p><a href=\"http:\/\/www.mellecereza.fr\/blog\/wp-content\/uploads\/2015\/07\/robe-de-mari\u00e9e-courte-moderne-styl\u00e9e-roma-atelier-anonyme-b.jpg\"><img data-attachment-id=\"3894\" data-permalink=\"https:\/\/www.mellecereza.fr\/blog\/robe-de-mariee-courte-selection-stylee-2015-2016\/robe-de-mariee-courte-moderne-stylee-roma-atelier-anonyme-b\/#main\" data-orig-file=\"https:\/\/www.mellecereza.fr\/blog\/wp-content\/uploads\/2015\/07\/robe-de-mari\u00e9e-courte-moderne-styl\u00e9e-roma-atelier-anonyme-b.jpg\" data-orig-size=\"570,800\" data-comments-opened=\"1\" data-image-meta=\"{&quot;aperture&quot;:&quot;0&quot;,&quot;credit&quot;:&quot;&quot;,&quot;camera&quot;:&quot;&quot;,&quot;caption&quot;:&quot;&quot;,&quot;created_timestamp&quot;:&quot;0&quot;,&quot;copyright&quot;:&quot;&quot;,&quot;focal_length&quot;:&quot;0&quot;,&quot;iso&quot;:&quot;0&quot;,&quot;shutter_speed&quot;:&quot;0&quot;,&quot;title&quot;:&quot;&quot;}\" data-image-title=\"robe de mari\u00e9e courte moderne styl\u00e9e roma atelier anonyme b\" data-image-description=\"\" data-image-caption=\"\" data-medium-file=\"https:\/\/www.mellecereza.fr\/blog\/wp-content\/uploads\/2015\/07\/robe-de-mari\u00e9e-courte-moderne-styl\u00e9e-roma-atelier-anonyme-b-427x600.jpg\" data-large-file=\"https:\/\/www.mellecereza.fr\/blog\/wp-content\/uploads\/2015\/07\/robe-de-mari\u00e9e-courte-moderne-styl\u00e9e-roma-atelier-anonyme-b.jpg\" decoding=\"async\" loading=\"lazy\" class=\"aligncenter size-full wp-image-3894\" alt=\"robe de mari\u00e9e courte moderne styl\u00e9e roma atelier anonyme b\" src=\"http:\/\/www.mellecereza.fr\/blog\/wp-content\/uploads\/2015\/07\/robe-de-mari\u00e9e-courte-moderne-styl\u00e9e-roma-atelier-anonyme-b.jpg\" width=\"570\" height=\"800\" srcset=\"https:\/\/www.mellecereza.fr\/blog\/wp-content\/uploads\/2015\/07\/robe-de-mari\u00e9e-courte-moderne-styl\u00e9e-roma-atelier-anonyme-b.jpg 570w, https:\/\/www.mellecereza.fr\/blog\/wp-content\/uploads\/2015\/07\/robe-de-mari\u00e9e-courte-moderne-styl\u00e9e-roma-atelier-anonyme-b-320x450.jpg 320w, https:\/\/www.mellecereza.fr\/blog\/wp-content\/uploads\/2015\/07\/robe-de-mari\u00e9e-courte-moderne-styl\u00e9e-roma-atelier-anonyme-b-427x600.jpg 427w\" sizes=\"(max-width: 570px) 100vw, 570px\" \/><\/a><\/p>\n<p>&nbsp;<\/p>\n<p style=\"text-align: center;\">La divine anglaise Jenny Packham et sa petite robe<\/p>\n<p style=\"text-align: center;\"><strong><a href=\"http:\/\/www.jennypackham.com\/pages\/ss15-cruise#carousel_holder\" target=\"_blank\">Jenny Packham mod\u00e8le WD136S<\/a><\/strong><\/p>\n<p><a href=\"http:\/\/www.mellecereza.fr\/blog\/wp-content\/uploads\/2015\/07\/jenny-packam-robe-de-mari\u00e9e-courte-s\u00e9lection-styl\u00e9e.jpg\"><img data-attachment-id=\"3901\" data-permalink=\"https:\/\/www.mellecereza.fr\/blog\/robe-de-mariee-courte-selection-stylee-2015-2016\/jenny-packam-robe-de-mariee-courte-selection-stylee\/#main\" data-orig-file=\"https:\/\/www.mellecereza.fr\/blog\/wp-content\/uploads\/2015\/07\/jenny-packam-robe-de-mari\u00e9e-courte-s\u00e9lection-styl\u00e9e.jpg\" data-orig-size=\"576,840\" data-comments-opened=\"1\" data-image-meta=\"{&quot;aperture&quot;:&quot;0&quot;,&quot;credit&quot;:&quot;&quot;,&quot;camera&quot;:&quot;&quot;,&quot;caption&quot;:&quot;&quot;,&quot;created_timestamp&quot;:&quot;0&quot;,&quot;copyright&quot;:&quot;&quot;,&quot;focal_length&quot;:&quot;0&quot;,&quot;iso&quot;:&quot;0&quot;,&quot;shutter_speed&quot;:&quot;0&quot;,&quot;title&quot;:&quot;&quot;}\" data-image-title=\"jenny packam robe de mari\u00e9e courte s\u00e9lection styl\u00e9e\" data-image-description=\"\" data-image-caption=\"\" data-medium-file=\"https:\/\/www.mellecereza.fr\/blog\/wp-content\/uploads\/2015\/07\/jenny-packam-robe-de-mari\u00e9e-courte-s\u00e9lection-styl\u00e9e-411x600.jpg\" data-large-file=\"https:\/\/www.mellecereza.fr\/blog\/wp-content\/uploads\/2015\/07\/jenny-packam-robe-de-mari\u00e9e-courte-s\u00e9lection-styl\u00e9e.jpg\" decoding=\"async\" loading=\"lazy\" class=\"aligncenter size-full wp-image-3901\" alt=\"jenny packam robe de mari\u00e9e courte s\u00e9lection styl\u00e9e\" src=\"http:\/\/www.mellecereza.fr\/blog\/wp-content\/uploads\/2015\/07\/jenny-packam-robe-de-mari\u00e9e-courte-s\u00e9lection-styl\u00e9e.jpg\" width=\"576\" height=\"840\" srcset=\"https:\/\/www.mellecereza.fr\/blog\/wp-content\/uploads\/2015\/07\/jenny-packam-robe-de-mari\u00e9e-courte-s\u00e9lection-styl\u00e9e.jpg 576w, https:\/\/www.mellecereza.fr\/blog\/wp-content\/uploads\/2015\/07\/jenny-packam-robe-de-mari\u00e9e-courte-s\u00e9lection-styl\u00e9e-308x450.jpg 308w, https:\/\/www.mellecereza.fr\/blog\/wp-content\/uploads\/2015\/07\/jenny-packam-robe-de-mari\u00e9e-courte-s\u00e9lection-styl\u00e9e-411x600.jpg 411w\" sizes=\"(max-width: 576px) 100vw, 576px\" \/><\/a><\/p>\n<p style=\"text-align: center;\">\u00a0Une <strong><a href=\"http:\/\/www.pronovias.fr\/robes-mariee\/capricornio-robe-courte-jeune-mariee-romantique\" target=\"_blank\">robe de mari\u00e9e courte et ultra glamour chez Pronovias<\/a><\/strong> &#8211; mod\u00e8le Capricornio<\/p>\n<p><a href=\"http:\/\/www.mellecereza.fr\/blog\/wp-content\/uploads\/2015\/07\/robe-de-mari\u00e9e-courte-dentelle-bustier-s\u00e9lection-styl\u00e9e-CAPRICORNIO_B-pronovias-r.jpg\"><img data-attachment-id=\"3900\" data-permalink=\"https:\/\/www.mellecereza.fr\/blog\/robe-de-mariee-courte-selection-stylee-2015-2016\/robe-de-mariee-courte-dentelle-bustier-selection-stylee-capricornio_b-pronovias-r\/#main\" data-orig-file=\"https:\/\/www.mellecereza.fr\/blog\/wp-content\/uploads\/2015\/07\/robe-de-mari\u00e9e-courte-dentelle-bustier-s\u00e9lection-styl\u00e9e-CAPRICORNIO_B-pronovias-r.jpg\" data-orig-size=\"600,712\" data-comments-opened=\"1\" data-image-meta=\"{&quot;aperture&quot;:&quot;0&quot;,&quot;credit&quot;:&quot;&quot;,&quot;camera&quot;:&quot;&quot;,&quot;caption&quot;:&quot;&quot;,&quot;created_timestamp&quot;:&quot;0&quot;,&quot;copyright&quot;:&quot;&quot;,&quot;focal_length&quot;:&quot;0&quot;,&quot;iso&quot;:&quot;0&quot;,&quot;shutter_speed&quot;:&quot;0&quot;,&quot;title&quot;:&quot;&quot;}\" data-image-title=\"robe de mari\u00e9e courte dentelle bustier s\u00e9lection styl\u00e9e CAPRICORNIO_B pronovias r\" data-image-description=\"\" data-image-caption=\"\" data-medium-file=\"https:\/\/www.mellecereza.fr\/blog\/wp-content\/uploads\/2015\/07\/robe-de-mari\u00e9e-courte-dentelle-bustier-s\u00e9lection-styl\u00e9e-CAPRICORNIO_B-pronovias-r-505x600.jpg\" data-large-file=\"https:\/\/www.mellecereza.fr\/blog\/wp-content\/uploads\/2015\/07\/robe-de-mari\u00e9e-courte-dentelle-bustier-s\u00e9lection-styl\u00e9e-CAPRICORNIO_B-pronovias-r.jpg\" decoding=\"async\" loading=\"lazy\" class=\"aligncenter size-full wp-image-3900\" alt=\"robe de mari\u00e9e courte dentelle bustier s\u00e9lection styl\u00e9e CAPRICORNIO_B pronovias r\" src=\"http:\/\/www.mellecereza.fr\/blog\/wp-content\/uploads\/2015\/07\/robe-de-mari\u00e9e-courte-dentelle-bustier-s\u00e9lection-styl\u00e9e-CAPRICORNIO_B-pronovias-r.jpg\" width=\"600\" height=\"712\" srcset=\"https:\/\/www.mellecereza.fr\/blog\/wp-content\/uploads\/2015\/07\/robe-de-mari\u00e9e-courte-dentelle-bustier-s\u00e9lection-styl\u00e9e-CAPRICORNIO_B-pronovias-r.jpg 600w, https:\/\/www.mellecereza.fr\/blog\/wp-content\/uploads\/2015\/07\/robe-de-mari\u00e9e-courte-dentelle-bustier-s\u00e9lection-styl\u00e9e-CAPRICORNIO_B-pronovias-r-379x450.jpg 379w, https:\/\/www.mellecereza.fr\/blog\/wp-content\/uploads\/2015\/07\/robe-de-mari\u00e9e-courte-dentelle-bustier-s\u00e9lection-styl\u00e9e-CAPRICORNIO_B-pronovias-r-505x600.jpg 505w\" sizes=\"(max-width: 600px) 100vw, 600px\" \/><\/a><\/p>\n<p>&nbsp;<\/p>\n<p style=\"text-align: center;\">Chez Sess\u00f9n la coupe droite et graphique est de mise pour vous laisser toute la libert\u00e9 dans le choix de vos accessoires !<\/p>\n<p style=\"text-align: center;\"><a href=\"http:\/\/sessun.com\/fr\/boutiques\" target=\"_blank\">Liste des boutiques Sess\u00f9n<\/a><\/p>\n<p>&nbsp;<\/p>\n<p><a href=\"http:\/\/www.mellecereza.fr\/blog\/wp-content\/uploads\/2015\/07\/robe-de-mari\u00e9e-courte-graphique-droite-sessun-oui-modele-grace.jpg\"><img data-attachment-id=\"3925\" data-permalink=\"https:\/\/www.mellecereza.fr\/blog\/robe-de-mariee-courte-selection-stylee-2015-2016\/robe-de-mariee-courte-graphique-droite-sessun-oui-modele-grace\/#main\" data-orig-file=\"https:\/\/www.mellecereza.fr\/blog\/wp-content\/uploads\/2015\/07\/robe-de-mari\u00e9e-courte-graphique-droite-sessun-oui-modele-grace.jpg\" data-orig-size=\"1184,1664\" data-comments-opened=\"1\" data-image-meta=\"{&quot;aperture&quot;:&quot;0&quot;,&quot;credit&quot;:&quot;&quot;,&quot;camera&quot;:&quot;&quot;,&quot;caption&quot;:&quot;&quot;,&quot;created_timestamp&quot;:&quot;0&quot;,&quot;copyright&quot;:&quot;&quot;,&quot;focal_length&quot;:&quot;0&quot;,&quot;iso&quot;:&quot;0&quot;,&quot;shutter_speed&quot;:&quot;0&quot;,&quot;title&quot;:&quot;&quot;}\" data-image-title=\"robe de mari\u00e9e courte graphique droite sessun-oui modele grace\" data-image-description=\"\" data-image-caption=\"\" data-medium-file=\"https:\/\/www.mellecereza.fr\/blog\/wp-content\/uploads\/2015\/07\/robe-de-mari\u00e9e-courte-graphique-droite-sessun-oui-modele-grace-426x600.jpg\" data-large-file=\"https:\/\/www.mellecereza.fr\/blog\/wp-content\/uploads\/2015\/07\/robe-de-mari\u00e9e-courte-graphique-droite-sessun-oui-modele-grace-728x1024.jpg\" decoding=\"async\" loading=\"lazy\" class=\"aligncenter size-large wp-image-3925\" alt=\"robe de mari\u00e9e courte graphique droite sessun-oui modele grace\" src=\"http:\/\/www.mellecereza.fr\/blog\/wp-content\/uploads\/2015\/07\/robe-de-mari\u00e9e-courte-graphique-droite-sessun-oui-modele-grace-728x1024.jpg\" width=\"600\" height=\"843\" srcset=\"https:\/\/www.mellecereza.fr\/blog\/wp-content\/uploads\/2015\/07\/robe-de-mari\u00e9e-courte-graphique-droite-sessun-oui-modele-grace-728x1024.jpg 728w, https:\/\/www.mellecereza.fr\/blog\/wp-content\/uploads\/2015\/07\/robe-de-mari\u00e9e-courte-graphique-droite-sessun-oui-modele-grace-320x450.jpg 320w, https:\/\/www.mellecereza.fr\/blog\/wp-content\/uploads\/2015\/07\/robe-de-mari\u00e9e-courte-graphique-droite-sessun-oui-modele-grace-426x600.jpg 426w, https:\/\/www.mellecereza.fr\/blog\/wp-content\/uploads\/2015\/07\/robe-de-mari\u00e9e-courte-graphique-droite-sessun-oui-modele-grace.jpg 1184w\" sizes=\"(max-width: 600px) 100vw, 600px\" \/><\/a><\/p>\n<hr \/>\n<p>&nbsp;<\/p>\n<blockquote>\n<p style=\"text-align: center;\"><span style=\"font-family: 'comic sans ms', sans-serif; font-size: large;\">Mademoiselle Cereza est un atelier fran\u00e7ais de confection de bijoux et accessoires de mariage.<\/span><\/p>\n<p style=\"text-align: center;\"><span style=\"font-family: 'comic sans ms', sans-serif;\"><span style=\"font-size: large;\">Les cr\u00e9ations sont vendues exclusivement sur l&rsquo;e-shop <span style=\"color: #d82775;\"><a href=\"http:\/\/www.mellecereza.fr\"><span style=\"color: #d82775;\">Mademoiselle Cereza<\/span><\/a><\/span>.<\/span><br \/>\n<\/span><\/p>\n<hr \/>\n<p>&nbsp;<\/p><\/blockquote>\n<div class=\"post_signature\"><img src=\"https:\/\/www.mellecereza.fr\/blog\/wp-content\/uploads\/2020\/02\/sign-200-FEV-15d1.png\" \/><\/div>","protected":false},"excerpt":{"rendered":"<p>Robe de mari\u00e9e courte, s\u00e9lection styl\u00e9e 2015-2016 Opter pour une robe de mari\u00e9e courte pour son D Day c&rsquo;est choisir d&rsquo;\u00eatre une princesse des temps modernes ! Et attention, robe de mari\u00e9e courte ne signifie pas &#8211; loin de l\u00e0&#8230;<\/p>\n","protected":false},"author":1,"featured_media":3963,"comment_status":"open","ping_status":"open","sticky":false,"template":"","format":"standard","meta":{"jetpack_post_was_ever_published":false,"jetpack_publicize_message":"","jetpack_is_tweetstorm":false,"jetpack_publicize_feature_enabled":true,"jetpack_social_post_already_shared":true,"jetpack_social_options":{"image_generator_settings":{"template":"highway","enabled":false}}},"categories":[356],"tags":[146,286,341,288,340,245,339],"jetpack_publicize_connections":[],"yoast_head":"<!-- This site is optimized with the Yoast SEO plugin v20.3 - https:\/\/yoast.com\/wordpress\/plugins\/seo\/ -->\n<title>Robe de mari\u00e9e courte, s\u00e9lection styl\u00e9e 2015-2016 - Melle Cereza blog mariage original<\/title>\n<meta name=\"robots\" content=\"index, follow, max-snippet:-1, max-image-preview:large, max-video-preview:-1\" \/>\n<link rel=\"canonical\" href=\"https:\/\/www.mellecereza.fr\/blog\/robe-de-mariee-courte-selection-stylee-2015-2016\/\" \/>\n<meta property=\"og:locale\" content=\"fr_FR\" \/>\n<meta property=\"og:type\" content=\"article\" \/>\n<meta property=\"og:title\" content=\"Robe de mari\u00e9e courte, s\u00e9lection styl\u00e9e 2015-2016 - Melle Cereza blog mariage original\" \/>\n<meta property=\"og:description\" content=\"Robe de mari\u00e9e courte, s\u00e9lection styl\u00e9e 2015-2016 Opter pour une robe de mari\u00e9e courte pour son D Day c&rsquo;est choisir d&rsquo;\u00eatre une princesse des temps modernes ! Et attention, robe de mari\u00e9e courte ne signifie pas &#8211; loin de l\u00e0...\" \/>\n<meta property=\"og:url\" content=\"https:\/\/www.mellecereza.fr\/blog\/robe-de-mariee-courte-selection-stylee-2015-2016\/\" \/>\n<meta property=\"og:site_name\" content=\"Melle Cereza blog mariage original\" \/>\n<meta property=\"article:published_time\" content=\"2015-07-22T05:00:41+00:00\" \/>\n<meta property=\"article:modified_time\" content=\"2016-07-14T17:11:07+00:00\" \/>\n<meta property=\"og:image\" content=\"https:\/\/www.mellecereza.fr\/blog\/wp-content\/uploads\/2015\/08\/robe-de-mari\u00e9e-courte-s\u00e9lection-styl\u00e9e-blog-mariage-cereza-mademoiselle-r2.jpg\" \/>\n\t<meta property=\"og:image:width\" content=\"800\" \/>\n\t<meta property=\"og:image:height\" content=\"800\" \/>\n\t<meta property=\"og:image:type\" content=\"image\/jpeg\" \/>\n<meta name=\"author\" content=\"Cerise\" \/>\n<meta name=\"twitter:label1\" content=\"\u00c9crit par\" \/>\n\t<meta name=\"twitter:data1\" content=\"Cerise\" \/>\n\t<meta name=\"twitter:label2\" content=\"Dur\u00e9e de lecture estim\u00e9e\" \/>\n\t<meta name=\"twitter:data2\" content=\"3 minutes\" \/>\n<script type=\"application\/ld+json\" class=\"yoast-schema-graph\">{\"@context\":\"https:\/\/schema.org\",\"@graph\":[{\"@type\":\"WebPage\",\"@id\":\"https:\/\/www.mellecereza.fr\/blog\/robe-de-mariee-courte-selection-stylee-2015-2016\/\",\"url\":\"https:\/\/www.mellecereza.fr\/blog\/robe-de-mariee-courte-selection-stylee-2015-2016\/\",\"name\":\"Robe de mari\u00e9e courte, s\u00e9lection styl\u00e9e 2015-2016 - Melle Cereza blog mariage original\",\"isPartOf\":{\"@id\":\"https:\/\/www.mellecereza.fr\/blog\/#website\"},\"datePublished\":\"2015-07-22T05:00:41+00:00\",\"dateModified\":\"2016-07-14T17:11:07+00:00\",\"author\":{\"@id\":\"https:\/\/www.mellecereza.fr\/blog\/#\/schema\/person\/3ad20d39d7b07a33b39c2e111d852118\"},\"breadcrumb\":{\"@id\":\"https:\/\/www.mellecereza.fr\/blog\/robe-de-mariee-courte-selection-stylee-2015-2016\/#breadcrumb\"},\"inLanguage\":\"fr-FR\",\"potentialAction\":[{\"@type\":\"ReadAction\",\"target\":[\"https:\/\/www.mellecereza.fr\/blog\/robe-de-mariee-courte-selection-stylee-2015-2016\/\"]}]},{\"@type\":\"BreadcrumbList\",\"@id\":\"https:\/\/www.mellecereza.fr\/blog\/robe-de-mariee-courte-selection-stylee-2015-2016\/#breadcrumb\",\"itemListElement\":[{\"@type\":\"ListItem\",\"position\":1,\"name\":\"Accueil\",\"item\":\"https:\/\/www.mellecereza.fr\/blog\/\"},{\"@type\":\"ListItem\",\"position\":2,\"name\":\"Robe de mari\u00e9e courte, s\u00e9lection styl\u00e9e 2015-2016\"}]},{\"@type\":\"WebSite\",\"@id\":\"https:\/\/www.mellecereza.fr\/blog\/#website\",\"url\":\"https:\/\/www.mellecereza.fr\/blog\/\",\"name\":\"Melle Cereza blog mariage original\",\"description\":\"Id\u00e9es et inspirations pour un joli mariage original, id\u00e9es d\u00e9co, bouquet, bijoux &amp; accessoires\",\"potentialAction\":[{\"@type\":\"SearchAction\",\"target\":{\"@type\":\"EntryPoint\",\"urlTemplate\":\"https:\/\/www.mellecereza.fr\/blog\/?s={search_term_string}\"},\"query-input\":\"required name=search_term_string\"}],\"inLanguage\":\"fr-FR\"},{\"@type\":\"Person\",\"@id\":\"https:\/\/www.mellecereza.fr\/blog\/#\/schema\/person\/3ad20d39d7b07a33b39c2e111d852118\",\"name\":\"Cerise\",\"image\":{\"@type\":\"ImageObject\",\"inLanguage\":\"fr-FR\",\"@id\":\"https:\/\/www.mellecereza.fr\/blog\/#\/schema\/person\/image\/\",\"url\":\"https:\/\/secure.gravatar.com\/avatar\/f8aa59be965caf71440dfd118dcb3362?s=96&d=identicon&r=g\",\"contentUrl\":\"https:\/\/secure.gravatar.com\/avatar\/f8aa59be965caf71440dfd118dcb3362?s=96&d=identicon&r=g\",\"caption\":\"Cerise\"},\"url\":\"https:\/\/www.mellecereza.fr\/blog\/author\/cerise\/\"}]}<\/script>\n<!-- \/ Yoast SEO plugin. -->","yoast_head_json":{"title":"Robe de mari\u00e9e courte, s\u00e9lection styl\u00e9e 2015-2016 - Melle Cereza blog mariage original","robots":{"index":"index","follow":"follow","max-snippet":"max-snippet:-1","max-image-preview":"max-image-preview:large","max-video-preview":"max-video-preview:-1"},"canonical":"https:\/\/www.mellecereza.fr\/blog\/robe-de-mariee-courte-selection-stylee-2015-2016\/","og_locale":"fr_FR","og_type":"article","og_title":"Robe de mari\u00e9e courte, s\u00e9lection styl\u00e9e 2015-2016 - Melle Cereza blog mariage original","og_description":"Robe de mari\u00e9e courte, s\u00e9lection styl\u00e9e 2015-2016 Opter pour une robe de mari\u00e9e courte pour son D Day c&rsquo;est choisir d&rsquo;\u00eatre une princesse des temps modernes ! Et attention, robe de mari\u00e9e courte ne signifie pas &#8211; loin de l\u00e0...","og_url":"https:\/\/www.mellecereza.fr\/blog\/robe-de-mariee-courte-selection-stylee-2015-2016\/","og_site_name":"Melle Cereza blog mariage original","article_published_time":"2015-07-22T05:00:41+00:00","article_modified_time":"2016-07-14T17:11:07+00:00","og_image":[{"width":800,"height":800,"url":"https:\/\/www.mellecereza.fr\/blog\/wp-content\/uploads\/2015\/08\/robe-de-mari\u00e9e-courte-s\u00e9lection-styl\u00e9e-blog-mariage-cereza-mademoiselle-r2.jpg","type":"image\/jpeg"}],"author":"Cerise","twitter_misc":{"\u00c9crit par":"Cerise","Dur\u00e9e de lecture estim\u00e9e":"3 minutes"},"schema":{"@context":"https:\/\/schema.org","@graph":[{"@type":"WebPage","@id":"https:\/\/www.mellecereza.fr\/blog\/robe-de-mariee-courte-selection-stylee-2015-2016\/","url":"https:\/\/www.mellecereza.fr\/blog\/robe-de-mariee-courte-selection-stylee-2015-2016\/","name":"Robe de mari\u00e9e courte, s\u00e9lection styl\u00e9e 2015-2016 - Melle Cereza blog mariage original","isPartOf":{"@id":"https:\/\/www.mellecereza.fr\/blog\/#website"},"datePublished":"2015-07-22T05:00:41+00:00","dateModified":"2016-07-14T17:11:07+00:00","author":{"@id":"https:\/\/www.mellecereza.fr\/blog\/#\/schema\/person\/3ad20d39d7b07a33b39c2e111d852118"},"breadcrumb":{"@id":"https:\/\/www.mellecereza.fr\/blog\/robe-de-mariee-courte-selection-stylee-2015-2016\/#breadcrumb"},"inLanguage":"fr-FR","potentialAction":[{"@type":"ReadAction","target":["https:\/\/www.mellecereza.fr\/blog\/robe-de-mariee-courte-selection-stylee-2015-2016\/"]}]},{"@type":"BreadcrumbList","@id":"https:\/\/www.mellecereza.fr\/blog\/robe-de-mariee-courte-selection-stylee-2015-2016\/#breadcrumb","itemListElement":[{"@type":"ListItem","position":1,"name":"Accueil","item":"https:\/\/www.mellecereza.fr\/blog\/"},{"@type":"ListItem","position":2,"name":"Robe de mari\u00e9e courte, s\u00e9lection styl\u00e9e 2015-2016"}]},{"@type":"WebSite","@id":"https:\/\/www.mellecereza.fr\/blog\/#website","url":"https:\/\/www.mellecereza.fr\/blog\/","name":"Melle Cereza blog mariage original","description":"Id\u00e9es et inspirations pour un joli mariage original, id\u00e9es d\u00e9co, bouquet, bijoux &amp; accessoires","potentialAction":[{"@type":"SearchAction","target":{"@type":"EntryPoint","urlTemplate":"https:\/\/www.mellecereza.fr\/blog\/?s={search_term_string}"},"query-input":"required name=search_term_string"}],"inLanguage":"fr-FR"},{"@type":"Person","@id":"https:\/\/www.mellecereza.fr\/blog\/#\/schema\/person\/3ad20d39d7b07a33b39c2e111d852118","name":"Cerise","image":{"@type":"ImageObject","inLanguage":"fr-FR","@id":"https:\/\/www.mellecereza.fr\/blog\/#\/schema\/person\/image\/","url":"https:\/\/secure.gravatar.com\/avatar\/f8aa59be965caf71440dfd118dcb3362?s=96&d=identicon&r=g","contentUrl":"https:\/\/secure.gravatar.com\/avatar\/f8aa59be965caf71440dfd118dcb3362?s=96&d=identicon&r=g","caption":"Cerise"},"url":"https:\/\/www.mellecereza.fr\/blog\/author\/cerise\/"}]}},"jetpack_featured_media_url":"https:\/\/www.mellecereza.fr\/blog\/wp-content\/uploads\/2015\/08\/robe-de-mari\u00e9e-courte-s\u00e9lection-styl\u00e9e-blog-mariage-cereza-mademoiselle-r2.jpg","jetpack_shortlink":"https:\/\/wp.me\/p4ptN6-10K","jetpack_sharing_enabled":true,"jetpack-related-posts":[{"id":4758,"url":"https:\/\/www.mellecereza.fr\/blog\/7-robes-mariee-moins-150e-chez-asos\/","url_meta":{"origin":3890,"position":0},"title":"7 robes de mari\u00e9e \u00e0 moins de 150\u20ac chez Asos","date":"26 f\u00e9vrier 2016","format":false,"excerpt":"7 robes de mari\u00e9e \u00e0 moins de 150 \u20ac chez Asos Parce que je papote souvent avec de futures mari\u00e9es qui cherchent des id\u00e9es de robes \u00e0 prix doux ou qui tout simplement se sont fix\u00e9 un petit budget pour leur robe : je me suis r\u00e9gal\u00e9 \u00e0 vous pr\u00e9parer\u2026","rel":"","context":"Dans &quot;La mari\u00e9e&quot;","img":{"alt_text":"","src":"https:\/\/i0.wp.com\/www.mellecereza.fr\/blog\/wp-content\/uploads\/2016\/02\/robes-de-mariee-a-moins-de-150-euros-Asos-Mademoiselle-Cereza-blog-mariage-2016-d.jpg?resize=350%2C200&ssl=1","width":350,"height":200},"classes":[]},{"id":3466,"url":"https:\/\/www.mellecereza.fr\/blog\/robes-de-mariee-dentelle-7-modeles-craquer\/","url_meta":{"origin":3890,"position":1},"title":"Robes de mari\u00e9e dentelle : 7 mod\u00e8les qui vous feront craquer !","date":"7 mai 2015","format":false,"excerpt":"7 robes de mari\u00e9e dentelle parmi lesquelles vous allez trouver LA v\u00f4tre \u00a0La dentelle se retrouve dans toutes les collections de robes de mari\u00e9e 2015 et je vous avoue que je craque pour ces jolis d\u00e9tails de mati\u00e8re qui ont un petit c\u00f4t\u00e9 r\u00e9tro, un charme po\u00e9tique et romantique et\u2026","rel":"","context":"Dans &quot;La mari\u00e9e&quot;","img":{"alt_text":"","src":"https:\/\/i0.wp.com\/www.mellecereza.fr\/blog\/wp-content\/uploads\/2015\/05\/robe-de-mariee-dentelle-divina-sposa-152-27.jpg?resize=350%2C200&ssl=1","width":350,"height":200},"classes":[]},{"id":4850,"url":"https:\/\/www.mellecereza.fr\/blog\/mariage-rock-romantique-chic-latelier-157\/","url_meta":{"origin":3890,"position":2},"title":"Mariage rock romantique chic, l&rsquo;atelier #157","date":"27 mars 2016","format":false,"excerpt":"Mariage rock romantique chic : that is the question, or not ! \u00a0 Parfois mes futures mari\u00e9es choisissent un th\u00e8me rock et parfois elles choisissent plut\u00f4t un th\u00e8me romantique Et puis il y a les futures mari\u00e9es qui sont carr\u00e9ment dans le trend mariage rock romantique chic : Bref, lorsque\u2026","rel":"","context":"Dans &quot;Dans l'atelier&quot;","img":{"alt_text":"mariage rock romantique chic cereza mademoiselle","src":"https:\/\/i0.wp.com\/www.mellecereza.fr\/blog\/wp-content\/uploads\/2016\/03\/57r-mariage-rock-romantique-chic-cereza-mademoiselle.jpg?resize=350%2C200&ssl=1","width":350,"height":200},"classes":[]},{"id":983,"url":"https:\/\/www.mellecereza.fr\/blog\/robe-de-mariee-boheme-choix-bouquet\/","url_meta":{"origin":3890,"position":3},"title":"Robe de mari\u00e9e boh\u00e8me &#038; choix de bouquet # help","date":"11 juin 2014","format":false,"excerpt":"Laissez-moi en adoration devant la robe de mari\u00e9e boh\u00e8me d'Armelle ! Enfin non, j'ai promis \u00e0 l'adorable Armelle de vous demander votre aide, alors je ne vais pas rester en adoration b\u00e9ate devant sa robe de mari\u00e9e boh\u00e8me ;) Cette adorable bride-to-be a besoin de vous pour l'aider \u00e0 choisir\u2026","rel":"","context":"Dans &quot;Bouquet de mari\u00e9e original&quot;","img":{"alt_text":"","src":"https:\/\/i0.wp.com\/www.mellecereza.fr\/blog\/wp-content\/uploads\/2014\/06\/mariage-dentelle-blanc-argent-robe-boh\u00e8me-cymbeline-bouquet-coordonn\u00e9-cereza-deco-3b.jpg?resize=350%2C200&ssl=1","width":350,"height":200},"classes":[]},{"id":524,"url":"https:\/\/www.mellecereza.fr\/blog\/robe-mariee-coloree-jolie-selection\/","url_meta":{"origin":3890,"position":4},"title":"Robe de mari\u00e9e color\u00e9e : jolie s\u00e9lection","date":"2 avril 2014","format":false,"excerpt":"Hello Ladies & Grooms Mon carnet d'inspiration option robe de mari\u00e9e color\u00e9e et originale ! Si vous vous dites qu'une robe de mari\u00e9e traditionnelle blanche ou ivoire n'est d\u00e9cid\u00e9ment pas votre cup of tea, cette s\u00e9lection est faite pour vous ;) Vous connaissez mon travail, mon univers de bouquet de\u2026","rel":"","context":"Dans &quot;La mari\u00e9e&quot;","img":{"alt_text":"","src":"https:\/\/i0.wp.com\/www.mellecereza.fr\/blog\/wp-content\/uploads\/2014\/03\/robe-de-mari\u00e9e-originale-color\u00e9e-fleurs-tons-rose-et-fuchsia-Atelier-aim\u00e9e.jpg?resize=350%2C200&ssl=1","width":350,"height":200},"classes":[]},{"id":2884,"url":"https:\/\/www.mellecereza.fr\/blog\/concours-mariage-gagnez-robe-mariee-parisien\/","url_meta":{"origin":3890,"position":5},"title":"{Concours mariage} gagnez votre robe de mari\u00e9e avec Le Parisien","date":"29 janvier 2015","format":false,"excerpt":"Un concours mariage qui fait appel \u00e0 votre plus belle plume pour d\u00e9clarer votre amouuuuur, c'est le Very Bon Plan du jour ;) Qui ? Organis\u00e9 par Le Parisien Quand ?\u00a0 Du 27 janvier au 28 f\u00e9vrier 2015 Comment ? R\u00e9digez votre d\u00e9claration d'amour et suivez le lien du concours\u2026","rel":"","context":"Dans &quot;Very Bon Plan&quot;","img":{"alt_text":"","src":"https:\/\/i0.wp.com\/www.mellecereza.fr\/blog\/wp-content\/uploads\/2015\/01\/robe-de-mari\u00e9e-dos-nu-francesca-herv\u00e9-mariage.jpg?resize=350%2C200&ssl=1","width":350,"height":200},"classes":[]}],"_links":{"self":[{"href":"https:\/\/www.mellecereza.fr\/blog\/wp-json\/wp\/v2\/posts\/3890"}],"collection":[{"href":"https:\/\/www.mellecereza.fr\/blog\/wp-json\/wp\/v2\/posts"}],"about":[{"href":"https:\/\/www.mellecereza.fr\/blog\/wp-json\/wp\/v2\/types\/post"}],"author":[{"embeddable":true,"href":"https:\/\/www.mellecereza.fr\/blog\/wp-json\/wp\/v2\/users\/1"}],"replies":[{"embeddable":true,"href":"https:\/\/www.mellecereza.fr\/blog\/wp-json\/wp\/v2\/comments?post=3890"}],"version-history":[{"count":15,"href":"https:\/\/www.mellecereza.fr\/blog\/wp-json\/wp\/v2\/posts\/3890\/revisions"}],"predecessor-version":[{"id":5334,"href":"https:\/\/www.mellecereza.fr\/blog\/wp-json\/wp\/v2\/posts\/3890\/revisions\/5334"}],"wp:featuredmedia":[{"embeddable":true,"href":"https:\/\/www.mellecereza.fr\/blog\/wp-json\/wp\/v2\/media\/3963"}],"wp:attachment":[{"href":"https:\/\/www.mellecereza.fr\/blog\/wp-json\/wp\/v2\/media?parent=3890"}],"wp:term":[{"taxonomy":"category","embeddable":true,"href":"https:\/\/www.mellecereza.fr\/blog\/wp-json\/wp\/v2\/categories?post=3890"},{"taxonomy":"post_tag","embeddable":true,"href":"https:\/\/www.mellecereza.fr\/blog\/wp-json\/wp\/v2\/tags?post=3890"}],"curies":[{"name":"wp","href":"https:\/\/api.w.org\/{rel}","templated":true}]}}