{"id":3955,"date":"2015-08-04T08:00:29","date_gmt":"2015-08-04T06:00:29","guid":{"rendered":"http:\/\/www.mellecereza.fr\/blog\/?p=3955"},"modified":"2015-10-24T11:39:28","modified_gmt":"2015-10-24T09:39:28","slug":"porte-alliances-duo-rentree-les-chapeaux-roue-latelier-136","status":"publish","type":"post","link":"https:\/\/www.mellecereza.fr\/blog\/porte-alliances-duo-rentree-les-chapeaux-roue-latelier-136\/","title":{"rendered":"Porte alliances duo, une rentr\u00e9e sur les chapeaux de roue dans l&rsquo;atelier #136"},"content":{"rendered":"<h5>Porte alliances duo &amp; une rentr\u00e9e sur les chapeaux de roue<\/h5>\n<p style=\"text-align: center;\">Quelques semaines avant nos t\u00eates blondes qui profitent encore des baignades, balades &amp; grasses matin\u00e9es, j&rsquo;ai repris le chemin de l&rsquo;atelier. Je ne sais pas vous mais chaque fois que les vacances sont termin\u00e9es je vis un moment de battement un peu m\u00e9lancolique &#8211; du style <span style=\"color: #3366ff;\"><em>on peut recommencer les vacances ? Non parce que l\u00e0 je n&rsquo;\u00e9tais pas pr\u00eate en fait ^^<\/em><\/span><\/p>\n<p style=\"text-align: center;\">Et cette ann\u00e9e : pas du tout ! :<\/p>\n<p style=\"text-align: center;\">1 J&rsquo;ai pass\u00e9 des vacances extra, reposantes, pass\u00e9 d&rsquo;excellents moments en famille et avec les amis et que je suis tomb\u00e9e amoureuse du <strong><a title=\"Escapade en Lub\u00e9ron\" href=\"http:\/\/www.mellecereza.fr\/blog\/escapade-en-luberon\/\">Lub\u00e9ron<\/a><\/strong><\/p>\n<p style=\"text-align: center;\">2 Le travail m&rsquo;a happ\u00e9e \u00e0 peine les bagages pos\u00e9s ! Bon en fait pour tout vous dire le travail m&rsquo;a un peu suivie quand m\u00eame pendant les vacances, mon pr\u00e9cieux t\u00e9l\u00e9phone \u00e0 port\u00e9e de main et mon planning de confection pas tr\u00e8s loin non plus. Pour tout vous dire, ma valise n&rsquo;est pas encore d\u00e9faite &#8230; \ud83d\ude00<\/p>\n<p><a href=\"http:\/\/www.mellecereza.fr\/blog\/wp-content\/uploads\/2015\/08\/136r-porte-alliances-duo-cereza-mademoiselle.jpg\"><img data-attachment-id=\"3956\" data-permalink=\"https:\/\/www.mellecereza.fr\/blog\/porte-alliances-duo-rentree-les-chapeaux-roue-latelier-136\/136r-porte-alliances-duo-cereza-mademoiselle\/#main\" data-orig-file=\"https:\/\/www.mellecereza.fr\/blog\/wp-content\/uploads\/2015\/08\/136r-porte-alliances-duo-cereza-mademoiselle.jpg\" data-orig-size=\"800,600\" data-comments-opened=\"1\" data-image-meta=\"{&quot;aperture&quot;:&quot;0&quot;,&quot;credit&quot;:&quot;Picasa&quot;,&quot;camera&quot;:&quot;&quot;,&quot;caption&quot;:&quot;&quot;,&quot;created_timestamp&quot;:&quot;1438598028&quot;,&quot;copyright&quot;:&quot;&quot;,&quot;focal_length&quot;:&quot;0&quot;,&quot;iso&quot;:&quot;0&quot;,&quot;shutter_speed&quot;:&quot;0&quot;,&quot;title&quot;:&quot;&quot;}\" data-image-title=\"porte alliances duo cereza mademoiselle\" data-image-description=\"\" data-image-caption=\"\" data-medium-file=\"https:\/\/www.mellecereza.fr\/blog\/wp-content\/uploads\/2015\/08\/136r-porte-alliances-duo-cereza-mademoiselle-600x450.jpg\" data-large-file=\"https:\/\/www.mellecereza.fr\/blog\/wp-content\/uploads\/2015\/08\/136r-porte-alliances-duo-cereza-mademoiselle.jpg\" decoding=\"async\" loading=\"lazy\" class=\"aligncenter size-medium wp-image-3956\" alt=\"porte alliances duo cereza mademoiselle\" src=\"http:\/\/www.mellecereza.fr\/blog\/wp-content\/uploads\/2015\/08\/136r-porte-alliances-duo-cereza-mademoiselle-600x450.jpg\" width=\"600\" height=\"450\" srcset=\"https:\/\/www.mellecereza.fr\/blog\/wp-content\/uploads\/2015\/08\/136r-porte-alliances-duo-cereza-mademoiselle-600x450.jpg 600w, https:\/\/www.mellecereza.fr\/blog\/wp-content\/uploads\/2015\/08\/136r-porte-alliances-duo-cereza-mademoiselle-450x337.jpg 450w, https:\/\/www.mellecereza.fr\/blog\/wp-content\/uploads\/2015\/08\/136r-porte-alliances-duo-cereza-mademoiselle.jpg 800w\" sizes=\"(max-width: 600px) 100vw, 600px\" \/><\/a><\/p>\n<p style=\"text-align: center;\">\u00a0Pas une minute \u00e0 perdre pour confectionner un <strong><a title=\"porte alliance duo mariage gris argent blanc\" href=\"http:\/\/www.mellecereza.fr\/porte-alliance-fleur-original\/11-porte-alliance-original-personnalisable-duo-.html\" target=\"_blank\">porte alliance duo blanc &amp; gris argent<\/a><\/strong><\/p>\n<p style=\"text-align: center;\"><a href=\"http:\/\/www.mellecereza.fr\/porte-alliance-fleur-original\/11-porte-alliance-original-personnalisable-duo-.html\"><img data-attachment-id=\"2769\" data-permalink=\"https:\/\/www.mellecereza.fr\/blog\/?attachment_id=2769#main\" data-orig-file=\"https:\/\/www.mellecereza.fr\/blog\/wp-content\/uploads\/2014\/03\/porte-alliance-duo-fleur-coussin-personnalis\u00e9-mariage-blanc-argent-cereza-deco.jpg\" data-orig-size=\"800,800\" data-comments-opened=\"1\" data-image-meta=\"{&quot;aperture&quot;:&quot;3.3&quot;,&quot;credit&quot;:&quot;&quot;,&quot;camera&quot;:&quot;DMC-TZ5&quot;,&quot;caption&quot;:&quot;&quot;,&quot;created_timestamp&quot;:&quot;1361882395&quot;,&quot;copyright&quot;:&quot;&quot;,&quot;focal_length&quot;:&quot;4.7&quot;,&quot;iso&quot;:&quot;100&quot;,&quot;shutter_speed&quot;:&quot;0.00625&quot;,&quot;title&quot;:&quot;&quot;}\" data-image-title=\"porte alliance duo fleur coussin personnalis\u00e9 mariage blanc argent cereza mademoiselle\" data-image-description=\"\" data-image-caption=\"\" data-medium-file=\"https:\/\/www.mellecereza.fr\/blog\/wp-content\/uploads\/2014\/03\/porte-alliance-duo-fleur-coussin-personnalis\u00e9-mariage-blanc-argent-cereza-deco-600x600.jpg\" data-large-file=\"https:\/\/www.mellecereza.fr\/blog\/wp-content\/uploads\/2014\/03\/porte-alliance-duo-fleur-coussin-personnalis\u00e9-mariage-blanc-argent-cereza-deco.jpg\" decoding=\"async\" loading=\"lazy\" class=\"aligncenter size-medium wp-image-2769\" alt=\"porte alliance duo fleur coussin personnalis\u00e9 mariage blanc argent cereza mademoiselle\" src=\"http:\/\/www.mellecereza.fr\/blog\/wp-content\/uploads\/2014\/03\/porte-alliance-duo-fleur-coussin-personnalis\u00e9-mariage-blanc-argent-cereza-deco-600x600.jpg\" width=\"600\" height=\"600\" srcset=\"https:\/\/www.mellecereza.fr\/blog\/wp-content\/uploads\/2014\/03\/porte-alliance-duo-fleur-coussin-personnalis\u00e9-mariage-blanc-argent-cereza-deco-600x600.jpg 600w, https:\/\/www.mellecereza.fr\/blog\/wp-content\/uploads\/2014\/03\/porte-alliance-duo-fleur-coussin-personnalis\u00e9-mariage-blanc-argent-cereza-deco-450x450.jpg 450w, https:\/\/www.mellecereza.fr\/blog\/wp-content\/uploads\/2014\/03\/porte-alliance-duo-fleur-coussin-personnalis\u00e9-mariage-blanc-argent-cereza-deco-210x210.jpg 210w, https:\/\/www.mellecereza.fr\/blog\/wp-content\/uploads\/2014\/03\/porte-alliance-duo-fleur-coussin-personnalis\u00e9-mariage-blanc-argent-cereza-deco-60x60.jpg 60w, https:\/\/www.mellecereza.fr\/blog\/wp-content\/uploads\/2014\/03\/porte-alliance-duo-fleur-coussin-personnalis\u00e9-mariage-blanc-argent-cereza-deco.jpg 800w\" sizes=\"(max-width: 600px) 100vw, 600px\" \/><\/a><\/p>\n<p style=\"text-align: center;\">\u00a0Confectionner dans la foul\u00e9e un porte alliance duo personnalis\u00e9 pour un mariage ivoire &amp; rose fuchsia<\/p>\n<p><a href=\"http:\/\/www.mellecereza.fr\/blog\/wp-content\/uploads\/2015\/08\/mariage-ivoire-rose-fuchsia-porte-alliances-duo-fleurs-cereza-mademoiselle.jpg\"><img data-attachment-id=\"3957\" data-permalink=\"https:\/\/www.mellecereza.fr\/blog\/porte-alliances-duo-rentree-les-chapeaux-roue-latelier-136\/mariage-ivoire-rose-fuchsia-porte-alliances-duo-fleurs-cereza-mademoiselle\/#main\" data-orig-file=\"https:\/\/www.mellecereza.fr\/blog\/wp-content\/uploads\/2015\/08\/mariage-ivoire-rose-fuchsia-porte-alliances-duo-fleurs-cereza-mademoiselle.jpg\" data-orig-size=\"600,450\" data-comments-opened=\"1\" data-image-meta=\"{&quot;aperture&quot;:&quot;3.3&quot;,&quot;credit&quot;:&quot;&quot;,&quot;camera&quot;:&quot;DMC-TZ5&quot;,&quot;caption&quot;:&quot;&quot;,&quot;created_timestamp&quot;:&quot;1436981362&quot;,&quot;copyright&quot;:&quot;&quot;,&quot;focal_length&quot;:&quot;4.7&quot;,&quot;iso&quot;:&quot;100&quot;,&quot;shutter_speed&quot;:&quot;0.02&quot;,&quot;title&quot;:&quot;&quot;}\" data-image-title=\"mariage ivoire rose fuchsia porte alliance duo fleurs cereza mademoiselle\" data-image-description=\"\" data-image-caption=\"\" data-medium-file=\"https:\/\/www.mellecereza.fr\/blog\/wp-content\/uploads\/2015\/08\/mariage-ivoire-rose-fuchsia-porte-alliances-duo-fleurs-cereza-mademoiselle.jpg\" data-large-file=\"https:\/\/www.mellecereza.fr\/blog\/wp-content\/uploads\/2015\/08\/mariage-ivoire-rose-fuchsia-porte-alliances-duo-fleurs-cereza-mademoiselle.jpg\" decoding=\"async\" loading=\"lazy\" class=\"aligncenter size-full wp-image-3957\" alt=\"mariage ivoire rose fuchsia porte alliance duo fleurs cereza mademoiselle\" src=\"http:\/\/www.mellecereza.fr\/blog\/wp-content\/uploads\/2015\/08\/mariage-ivoire-rose-fuchsia-porte-alliances-duo-fleurs-cereza-mademoiselle.jpg\" width=\"600\" height=\"450\" srcset=\"https:\/\/www.mellecereza.fr\/blog\/wp-content\/uploads\/2015\/08\/mariage-ivoire-rose-fuchsia-porte-alliances-duo-fleurs-cereza-mademoiselle.jpg 600w, https:\/\/www.mellecereza.fr\/blog\/wp-content\/uploads\/2015\/08\/mariage-ivoire-rose-fuchsia-porte-alliances-duo-fleurs-cereza-mademoiselle-450x337.jpg 450w\" sizes=\"(max-width: 600px) 100vw, 600px\" \/><\/a><\/p>\n<p style=\"text-align: center;\">\u00a0&#8230; et un <strong><a title=\"porte alliance duo mariage ivoire bleu marine\" href=\"http:\/\/www.mellecereza.fr\/porte-alliance-duo-simplicite\/162-mariage-bleu-marine-ivoire-porte-alliance-duo-floral-personnalisable.html\" target=\"_blank\">porte alliance duo ivoire &amp; bleu marine<\/a><\/strong><\/p>\n<p style=\"text-align: center;\"><a href=\"http:\/\/www.mellecereza.fr\/porte-alliance-duo-simplicite\/162-mariage-bleu-marine-ivoire-porte-alliance-duo-floral-personnalisable.html\"><img data-attachment-id=\"3958\" data-permalink=\"https:\/\/www.mellecereza.fr\/blog\/porte-alliances-duo-rentree-les-chapeaux-roue-latelier-136\/mariage-bleu-marine-nautique-navy-porte-alliance-floral-duo-cereza-mademoiselle-1\/#main\" data-orig-file=\"https:\/\/www.mellecereza.fr\/blog\/wp-content\/uploads\/2015\/08\/mariage-bleu-marine-nautique-navy-porte-alliance-floral-duo-cereza-mademoiselle-1.jpg\" data-orig-size=\"800,800\" data-comments-opened=\"1\" data-image-meta=\"{&quot;aperture&quot;:&quot;3.3&quot;,&quot;credit&quot;:&quot;&quot;,&quot;camera&quot;:&quot;DMC-TZ5&quot;,&quot;caption&quot;:&quot;&quot;,&quot;created_timestamp&quot;:&quot;1434889566&quot;,&quot;copyright&quot;:&quot;&quot;,&quot;focal_length&quot;:&quot;4.7&quot;,&quot;iso&quot;:&quot;100&quot;,&quot;shutter_speed&quot;:&quot;0.003125&quot;,&quot;title&quot;:&quot;&quot;}\" data-image-title=\"mariage bleu marine nautique navy porte alliance duo floral cereza mademoiselle\" data-image-description=\"\" data-image-caption=\"\" data-medium-file=\"https:\/\/www.mellecereza.fr\/blog\/wp-content\/uploads\/2015\/08\/mariage-bleu-marine-nautique-navy-porte-alliance-floral-duo-cereza-mademoiselle-1-600x600.jpg\" data-large-file=\"https:\/\/www.mellecereza.fr\/blog\/wp-content\/uploads\/2015\/08\/mariage-bleu-marine-nautique-navy-porte-alliance-floral-duo-cereza-mademoiselle-1.jpg\" decoding=\"async\" loading=\"lazy\" class=\"aligncenter size-medium wp-image-3958\" alt=\"mariage bleu marine nautique navy porte alliance duo floral cereza mademoiselle\" src=\"http:\/\/www.mellecereza.fr\/blog\/wp-content\/uploads\/2015\/08\/mariage-bleu-marine-nautique-navy-porte-alliance-floral-duo-cereza-mademoiselle-1-600x600.jpg\" width=\"600\" height=\"600\" srcset=\"https:\/\/www.mellecereza.fr\/blog\/wp-content\/uploads\/2015\/08\/mariage-bleu-marine-nautique-navy-porte-alliance-floral-duo-cereza-mademoiselle-1-600x600.jpg 600w, https:\/\/www.mellecereza.fr\/blog\/wp-content\/uploads\/2015\/08\/mariage-bleu-marine-nautique-navy-porte-alliance-floral-duo-cereza-mademoiselle-1-450x450.jpg 450w, https:\/\/www.mellecereza.fr\/blog\/wp-content\/uploads\/2015\/08\/mariage-bleu-marine-nautique-navy-porte-alliance-floral-duo-cereza-mademoiselle-1-210x210.jpg 210w, https:\/\/www.mellecereza.fr\/blog\/wp-content\/uploads\/2015\/08\/mariage-bleu-marine-nautique-navy-porte-alliance-floral-duo-cereza-mademoiselle-1-60x60.jpg 60w, https:\/\/www.mellecereza.fr\/blog\/wp-content\/uploads\/2015\/08\/mariage-bleu-marine-nautique-navy-porte-alliance-floral-duo-cereza-mademoiselle-1.jpg 800w\" sizes=\"(max-width: 600px) 100vw, 600px\" \/><\/a><\/p>\n<p style=\"text-align: center;\">\u00a0Personnaliser un porte alliance floral en rose poudr\u00e9 &amp; gris<\/p>\n<p><a href=\"http:\/\/www.mellecereza.fr\/blog\/wp-content\/uploads\/2015\/08\/mariage-rose-poudr\u00e9-gris-blanc-porte-alliances-personnalis\u00e9-cereza-mademoiselle.jpg\"><img data-attachment-id=\"3959\" data-permalink=\"https:\/\/www.mellecereza.fr\/blog\/porte-alliances-duo-rentree-les-chapeaux-roue-latelier-136\/mariage-rose-poudre-gris-blanc-porte-alliances-personnalise-cereza-mademoiselle\/#main\" data-orig-file=\"https:\/\/www.mellecereza.fr\/blog\/wp-content\/uploads\/2015\/08\/mariage-rose-poudr\u00e9-gris-blanc-porte-alliances-personnalis\u00e9-cereza-mademoiselle.jpg\" data-orig-size=\"800,800\" data-comments-opened=\"1\" data-image-meta=\"{&quot;aperture&quot;:&quot;3.3&quot;,&quot;credit&quot;:&quot;&quot;,&quot;camera&quot;:&quot;DMC-TZ5&quot;,&quot;caption&quot;:&quot;&quot;,&quot;created_timestamp&quot;:&quot;1437413007&quot;,&quot;copyright&quot;:&quot;&quot;,&quot;focal_length&quot;:&quot;4.7&quot;,&quot;iso&quot;:&quot;100&quot;,&quot;shutter_speed&quot;:&quot;0.05&quot;,&quot;title&quot;:&quot;&quot;}\" data-image-title=\"mariage rose poudr\u00e9 gris blanc porte alliances personnalis\u00e9 cereza mademoiselle\" data-image-description=\"\" data-image-caption=\"\" data-medium-file=\"https:\/\/www.mellecereza.fr\/blog\/wp-content\/uploads\/2015\/08\/mariage-rose-poudr\u00e9-gris-blanc-porte-alliances-personnalis\u00e9-cereza-mademoiselle-600x600.jpg\" data-large-file=\"https:\/\/www.mellecereza.fr\/blog\/wp-content\/uploads\/2015\/08\/mariage-rose-poudr\u00e9-gris-blanc-porte-alliances-personnalis\u00e9-cereza-mademoiselle.jpg\" decoding=\"async\" loading=\"lazy\" class=\"aligncenter size-medium wp-image-3959\" alt=\"mariage rose poudr\u00e9 gris blanc porte alliances personnalis\u00e9 cereza mademoiselle\" src=\"http:\/\/www.mellecereza.fr\/blog\/wp-content\/uploads\/2015\/08\/mariage-rose-poudr\u00e9-gris-blanc-porte-alliances-personnalis\u00e9-cereza-mademoiselle-600x600.jpg\" width=\"600\" height=\"600\" srcset=\"https:\/\/www.mellecereza.fr\/blog\/wp-content\/uploads\/2015\/08\/mariage-rose-poudr\u00e9-gris-blanc-porte-alliances-personnalis\u00e9-cereza-mademoiselle-600x600.jpg 600w, https:\/\/www.mellecereza.fr\/blog\/wp-content\/uploads\/2015\/08\/mariage-rose-poudr\u00e9-gris-blanc-porte-alliances-personnalis\u00e9-cereza-mademoiselle-450x450.jpg 450w, https:\/\/www.mellecereza.fr\/blog\/wp-content\/uploads\/2015\/08\/mariage-rose-poudr\u00e9-gris-blanc-porte-alliances-personnalis\u00e9-cereza-mademoiselle-210x210.jpg 210w, https:\/\/www.mellecereza.fr\/blog\/wp-content\/uploads\/2015\/08\/mariage-rose-poudr\u00e9-gris-blanc-porte-alliances-personnalis\u00e9-cereza-mademoiselle-60x60.jpg 60w, https:\/\/www.mellecereza.fr\/blog\/wp-content\/uploads\/2015\/08\/mariage-rose-poudr\u00e9-gris-blanc-porte-alliances-personnalis\u00e9-cereza-mademoiselle.jpg 800w\" sizes=\"(max-width: 600px) 100vw, 600px\" \/><\/a><\/p>\n<p style=\"text-align: center;\">\u00a0Echanger avec une future mari\u00e9e depuis la plage pour lui permettre de recevoir son bijou de t\u00eate floral \u00e0 temps, une future mari\u00e9e ravie de mon super d\u00e9lai &#8211; vous comprenez pourquoi la valise n&rsquo;est toujours pas d\u00e9faite ? \ud83d\ude09<\/p>\n<p style=\"text-align: center;\"><em><strong><a title=\"bijou de cheveux fleur de lin mariage nature\" href=\"http:\/\/www.mellecereza.fr\/bijoux-de-tete\/43-bijou-de-cheveux-mariage-champetre-chic-fleur-manon.html\" target=\"_blank\">Bijou de cheveux fleur de lin Manon<\/a><\/strong><\/em><\/p>\n<p style=\"text-align: center;\"><a href=\"http:\/\/www.mellecereza.fr\/bijoux-de-tete\/43-bijou-de-cheveux-mariage-champetre-chic-fleur-manon.html\"><img data-attachment-id=\"3960\" data-permalink=\"https:\/\/www.mellecereza.fr\/blog\/porte-alliances-duo-rentree-les-chapeaux-roue-latelier-136\/bijou-de-tete-mariage-floral-lin-blanc-beige-cereza-mariage-nature-2\/#main\" data-orig-file=\"https:\/\/www.mellecereza.fr\/blog\/wp-content\/uploads\/2015\/08\/bijou-de-tete-mariage-floral-lin-blanc-beige-cereza-mariage-nature.jpg\" data-orig-size=\"1024,1024\" data-comments-opened=\"1\" data-image-meta=\"{&quot;aperture&quot;:&quot;1.6&quot;,&quot;credit&quot;:&quot;&quot;,&quot;camera&quot;:&quot;NIKON D700&quot;,&quot;caption&quot;:&quot;&quot;,&quot;created_timestamp&quot;:&quot;1417106667&quot;,&quot;copyright&quot;:&quot;&quot;,&quot;focal_length&quot;:&quot;50&quot;,&quot;iso&quot;:&quot;200&quot;,&quot;shutter_speed&quot;:&quot;0.001&quot;,&quot;title&quot;:&quot;&quot;}\" data-image-title=\"bijou de tete mariage floral lin blanc beige cereza mariage nature\" data-image-description=\"\" data-image-caption=\"\" data-medium-file=\"https:\/\/www.mellecereza.fr\/blog\/wp-content\/uploads\/2015\/08\/bijou-de-tete-mariage-floral-lin-blanc-beige-cereza-mariage-nature-600x600.jpg\" data-large-file=\"https:\/\/www.mellecereza.fr\/blog\/wp-content\/uploads\/2015\/08\/bijou-de-tete-mariage-floral-lin-blanc-beige-cereza-mariage-nature.jpg\" decoding=\"async\" loading=\"lazy\" class=\"aligncenter size-medium wp-image-3960\" alt=\"bijou de tete mariage floral lin blanc beige cereza mariage nature\" src=\"http:\/\/www.mellecereza.fr\/blog\/wp-content\/uploads\/2015\/08\/bijou-de-tete-mariage-floral-lin-blanc-beige-cereza-mariage-nature-600x600.jpg\" width=\"600\" height=\"600\" srcset=\"https:\/\/www.mellecereza.fr\/blog\/wp-content\/uploads\/2015\/08\/bijou-de-tete-mariage-floral-lin-blanc-beige-cereza-mariage-nature-600x600.jpg 600w, https:\/\/www.mellecereza.fr\/blog\/wp-content\/uploads\/2015\/08\/bijou-de-tete-mariage-floral-lin-blanc-beige-cereza-mariage-nature-450x450.jpg 450w, https:\/\/www.mellecereza.fr\/blog\/wp-content\/uploads\/2015\/08\/bijou-de-tete-mariage-floral-lin-blanc-beige-cereza-mariage-nature-210x210.jpg 210w, https:\/\/www.mellecereza.fr\/blog\/wp-content\/uploads\/2015\/08\/bijou-de-tete-mariage-floral-lin-blanc-beige-cereza-mariage-nature-60x60.jpg 60w, https:\/\/www.mellecereza.fr\/blog\/wp-content\/uploads\/2015\/08\/bijou-de-tete-mariage-floral-lin-blanc-beige-cereza-mariage-nature.jpg 1024w\" sizes=\"(max-width: 600px) 100vw, 600px\" \/><\/a><\/p>\n<p style=\"text-align: center;\">\u00a0Les mari\u00e9es du mois d&rsquo;ao\u00fbt auront de jolies coiffures florales !<\/p>\n<p style=\"text-align: center;\"><strong><em><a title=\"bijou de t\u00eate mariage pivoine rose p\u00e2le personnalisable\" href=\"http:\/\/www.mellecereza.fr\/bijoux-de-tete\/41-bijou-de-tete-fleur-perle-mariee-pivoine.html\" target=\"_blank\">Bijou de t\u00eate Pivoine rose p\u00e2le<\/a><\/em><\/strong><\/p>\n<p><a title=\"bijou de tete mariage rose pale pivoine\" href=\"http:\/\/www.mellecereza.fr\/bijoux-de-tete\/41-bijou-de-tete-fleur-perle-mariee-pivoine.html\" target=\"_blank\"><img data-attachment-id=\"3961\" data-permalink=\"https:\/\/www.mellecereza.fr\/blog\/porte-alliances-duo-rentree-les-chapeaux-roue-latelier-136\/bijou-de-tete-mariage-fleur-pivoine-rose-pale-cereza-1-2\/#main\" data-orig-file=\"https:\/\/www.mellecereza.fr\/blog\/wp-content\/uploads\/2015\/08\/bijou-de-t\u00eate-mariage-fleur-pivoine-rose-p\u00e2le-cereza-1.jpg\" data-orig-size=\"1024,1024\" data-comments-opened=\"1\" data-image-meta=\"{&quot;aperture&quot;:&quot;3.3&quot;,&quot;credit&quot;:&quot;&quot;,&quot;camera&quot;:&quot;DMC-TZ5&quot;,&quot;caption&quot;:&quot;&quot;,&quot;created_timestamp&quot;:&quot;1415012065&quot;,&quot;copyright&quot;:&quot;&quot;,&quot;focal_length&quot;:&quot;4.7&quot;,&quot;iso&quot;:&quot;100&quot;,&quot;shutter_speed&quot;:&quot;0.025&quot;,&quot;title&quot;:&quot;&quot;}\" data-image-title=\"bijou de t\u00eate mariage fleur pivoine rose p\u00e2le cereza 1\" data-image-description=\"\" data-image-caption=\"\" data-medium-file=\"https:\/\/www.mellecereza.fr\/blog\/wp-content\/uploads\/2015\/08\/bijou-de-t\u00eate-mariage-fleur-pivoine-rose-p\u00e2le-cereza-1-600x600.jpg\" data-large-file=\"https:\/\/www.mellecereza.fr\/blog\/wp-content\/uploads\/2015\/08\/bijou-de-t\u00eate-mariage-fleur-pivoine-rose-p\u00e2le-cereza-1.jpg\" decoding=\"async\" loading=\"lazy\" class=\"aligncenter size-medium wp-image-3961\" alt=\"bijou de t\u00eate mariage fleur pivoine rose p\u00e2le cereza 1\" src=\"http:\/\/www.mellecereza.fr\/blog\/wp-content\/uploads\/2015\/08\/bijou-de-t\u00eate-mariage-fleur-pivoine-rose-p\u00e2le-cereza-1-600x600.jpg\" width=\"600\" height=\"600\" srcset=\"https:\/\/www.mellecereza.fr\/blog\/wp-content\/uploads\/2015\/08\/bijou-de-t\u00eate-mariage-fleur-pivoine-rose-p\u00e2le-cereza-1-600x600.jpg 600w, https:\/\/www.mellecereza.fr\/blog\/wp-content\/uploads\/2015\/08\/bijou-de-t\u00eate-mariage-fleur-pivoine-rose-p\u00e2le-cereza-1-450x450.jpg 450w, https:\/\/www.mellecereza.fr\/blog\/wp-content\/uploads\/2015\/08\/bijou-de-t\u00eate-mariage-fleur-pivoine-rose-p\u00e2le-cereza-1-210x210.jpg 210w, https:\/\/www.mellecereza.fr\/blog\/wp-content\/uploads\/2015\/08\/bijou-de-t\u00eate-mariage-fleur-pivoine-rose-p\u00e2le-cereza-1-60x60.jpg 60w, https:\/\/www.mellecereza.fr\/blog\/wp-content\/uploads\/2015\/08\/bijou-de-t\u00eate-mariage-fleur-pivoine-rose-p\u00e2le-cereza-1.jpg 1024w\" sizes=\"(max-width: 600px) 100vw, 600px\" \/><\/a><\/p>\n<p style=\"text-align: center;\">\u00a0La rentr\u00e9e dans l&rsquo;atelier c&rsquo;est \u00e9galement faire le point sur les accessoires de mari\u00e9e que vous avez pr\u00e9f\u00e9r\u00e9, v\u00e9rifier les stocks et r\u00e9approvisionner les dentelles, rubans, perles et tissus &#8230;<\/p>\n<p style=\"text-align: center;\">Votre accessoire de mari\u00e9e chouchou en juillet : le <strong><a title=\"porte alliance mariage dentelle fleur romantique\" href=\"http:\/\/www.mellecereza.fr\/porte-alliances-dentelle\/139-porte-alliances-original-dentelle-chic-appoline-.html\" target=\"_blank\">porte-alliances dentelle &amp; fleur Appoline \u2665<\/a><\/strong><\/p>\n<p style=\"text-align: center;\"><a href=\"http:\/\/www.mellecereza.fr\/porte-alliances-dentelle\/139-porte-alliances-original-dentelle-chic-appoline-.html\"><img data-attachment-id=\"3569\" data-permalink=\"https:\/\/www.mellecereza.fr\/blog\/nouveautes-mariage-romantique-jolis-accessoires\/nouveautes-mariage-romantique-jolis-accessoires-porte-alliances-original-dentelle-fleur-personnalisable-mademoiselle-cereza\/#main\" data-orig-file=\"https:\/\/www.mellecereza.fr\/blog\/wp-content\/uploads\/2015\/05\/nouveaut\u00e9s-mariage-romantique-jolis-accessoires-porte-alliances-original-dentelle-fleur-personnalisable-mademoiselle-cereza.jpg\" data-orig-size=\"800,800\" data-comments-opened=\"1\" data-image-meta=\"{&quot;aperture&quot;:&quot;3.3&quot;,&quot;credit&quot;:&quot;&quot;,&quot;camera&quot;:&quot;DMC-TZ5&quot;,&quot;caption&quot;:&quot;&quot;,&quot;created_timestamp&quot;:&quot;1430763743&quot;,&quot;copyright&quot;:&quot;&quot;,&quot;focal_length&quot;:&quot;4.7&quot;,&quot;iso&quot;:&quot;100&quot;,&quot;shutter_speed&quot;:&quot;0.0166666666667&quot;,&quot;title&quot;:&quot;&quot;}\" data-image-title=\"mariage dentelle romantique accessoire porte alliances original dentelle fleur personnalisable mademoiselle cereza\" data-image-description=\"\" data-image-caption=\"\" data-medium-file=\"https:\/\/www.mellecereza.fr\/blog\/wp-content\/uploads\/2015\/05\/nouveaut\u00e9s-mariage-romantique-jolis-accessoires-porte-alliances-original-dentelle-fleur-personnalisable-mademoiselle-cereza-600x600.jpg\" data-large-file=\"https:\/\/www.mellecereza.fr\/blog\/wp-content\/uploads\/2015\/05\/nouveaut\u00e9s-mariage-romantique-jolis-accessoires-porte-alliances-original-dentelle-fleur-personnalisable-mademoiselle-cereza.jpg\" decoding=\"async\" loading=\"lazy\" class=\"aligncenter size-medium wp-image-3569\" alt=\"mariage dentelle romantique accessoire porte alliances original dentelle fleur personnalisable mademoiselle cereza\" src=\"http:\/\/www.mellecereza.fr\/blog\/wp-content\/uploads\/2015\/05\/nouveaut\u00e9s-mariage-romantique-jolis-accessoires-porte-alliances-original-dentelle-fleur-personnalisable-mademoiselle-cereza-600x600.jpg\" width=\"600\" height=\"600\" srcset=\"https:\/\/www.mellecereza.fr\/blog\/wp-content\/uploads\/2015\/05\/nouveaut\u00e9s-mariage-romantique-jolis-accessoires-porte-alliances-original-dentelle-fleur-personnalisable-mademoiselle-cereza-600x600.jpg 600w, https:\/\/www.mellecereza.fr\/blog\/wp-content\/uploads\/2015\/05\/nouveaut\u00e9s-mariage-romantique-jolis-accessoires-porte-alliances-original-dentelle-fleur-personnalisable-mademoiselle-cereza-450x450.jpg 450w, https:\/\/www.mellecereza.fr\/blog\/wp-content\/uploads\/2015\/05\/nouveaut\u00e9s-mariage-romantique-jolis-accessoires-porte-alliances-original-dentelle-fleur-personnalisable-mademoiselle-cereza-210x210.jpg 210w, https:\/\/www.mellecereza.fr\/blog\/wp-content\/uploads\/2015\/05\/nouveaut\u00e9s-mariage-romantique-jolis-accessoires-porte-alliances-original-dentelle-fleur-personnalisable-mademoiselle-cereza-60x60.jpg 60w, https:\/\/www.mellecereza.fr\/blog\/wp-content\/uploads\/2015\/05\/nouveaut\u00e9s-mariage-romantique-jolis-accessoires-porte-alliances-original-dentelle-fleur-personnalisable-mademoiselle-cereza.jpg 800w\" sizes=\"(max-width: 600px) 100vw, 600px\" \/><\/a><\/p>\n<p style=\"text-align: center;\">\u00a0Apporter les touches finales \u00e0 un bouquet de mari\u00e9e original &amp; sa boutonni\u00e8re coordonn\u00e9e pour un mariage ivoire, gris &amp; rose<\/p>\n<p style=\"text-align: center;\"><em><strong><a title=\"bouquet de mariage d'hiver ivoire gris rose tissu satin\" href=\"http:\/\/www.mellecereza.fr\/bouquet-de-mariee-original\/51-bouquet-de-mariage-d-hiver-clemence-ivoire-gris-argent-ou-ivoire-bordeaux.html\" target=\"_blank\">Bouquet de mari\u00e9e Cl\u00e9mence personnalis\u00e9 avec une touche de rose<\/a><\/strong><\/em><\/p>\n<p style=\"text-align: center;\"><a href=\"http:\/\/www.mellecereza.fr\/bouquet-de-mariee-original\/51-bouquet-de-mariage-d-hiver-clemence-ivoire-gris-argent-ou-ivoire-bordeaux.html\"><img data-attachment-id=\"3962\" data-permalink=\"https:\/\/www.mellecereza.fr\/blog\/porte-alliances-duo-rentree-les-chapeaux-roue-latelier-136\/mariage-gris-ivoire-rose-bouquet-de-mariee-original-cereza-mademoiselle-3\/#main\" data-orig-file=\"https:\/\/www.mellecereza.fr\/blog\/wp-content\/uploads\/2015\/08\/mariage-gris-ivoire-rose-bouquet-de-mari\u00e9e-original-cereza-mademoiselle-3.jpg\" data-orig-size=\"600,800\" data-comments-opened=\"1\" data-image-meta=\"{&quot;aperture&quot;:&quot;3.3&quot;,&quot;credit&quot;:&quot;&quot;,&quot;camera&quot;:&quot;DMC-TZ5&quot;,&quot;caption&quot;:&quot;&quot;,&quot;created_timestamp&quot;:&quot;1437412952&quot;,&quot;copyright&quot;:&quot;&quot;,&quot;focal_length&quot;:&quot;4.7&quot;,&quot;iso&quot;:&quot;100&quot;,&quot;shutter_speed&quot;:&quot;0.0666666666667&quot;,&quot;title&quot;:&quot;&quot;}\" data-image-title=\"mariage gris ivoire rose bouquet de mari\u00e9e original cereza mademoiselle 3\" data-image-description=\"\" data-image-caption=\"\" data-medium-file=\"https:\/\/www.mellecereza.fr\/blog\/wp-content\/uploads\/2015\/08\/mariage-gris-ivoire-rose-bouquet-de-mari\u00e9e-original-cereza-mademoiselle-3-450x600.jpg\" data-large-file=\"https:\/\/www.mellecereza.fr\/blog\/wp-content\/uploads\/2015\/08\/mariage-gris-ivoire-rose-bouquet-de-mari\u00e9e-original-cereza-mademoiselle-3.jpg\" decoding=\"async\" loading=\"lazy\" class=\"aligncenter size-medium wp-image-3962\" alt=\"mariage gris ivoire rose bouquet de mari\u00e9e original cereza mademoiselle 3\" src=\"http:\/\/www.mellecereza.fr\/blog\/wp-content\/uploads\/2015\/08\/mariage-gris-ivoire-rose-bouquet-de-mari\u00e9e-original-cereza-mademoiselle-3-450x600.jpg\" width=\"450\" height=\"600\" srcset=\"https:\/\/www.mellecereza.fr\/blog\/wp-content\/uploads\/2015\/08\/mariage-gris-ivoire-rose-bouquet-de-mari\u00e9e-original-cereza-mademoiselle-3-450x600.jpg 450w, https:\/\/www.mellecereza.fr\/blog\/wp-content\/uploads\/2015\/08\/mariage-gris-ivoire-rose-bouquet-de-mari\u00e9e-original-cereza-mademoiselle-3-337x450.jpg 337w, https:\/\/www.mellecereza.fr\/blog\/wp-content\/uploads\/2015\/08\/mariage-gris-ivoire-rose-bouquet-de-mari\u00e9e-original-cereza-mademoiselle-3.jpg 600w\" sizes=\"(max-width: 450px) 100vw, 450px\" \/><\/a><\/p>\n<p style=\"text-align: center;\">Pendant mes vacances je vous avais pr\u00e9par\u00e9 un bel article sur mes petites <strong><a title=\"Robe de mari\u00e9e courte, s\u00e9lection styl\u00e9e 2015-2016\" href=\"http:\/\/www.mellecereza.fr\/blog\/robe-de-mariee-courte-selection-stylee-2015-2016\/\">robes de mari\u00e9es courtes<\/a><\/strong> coup de coeur pour des brides to be qui cherchent une robe originale ou plus simple pour leur mariage civil.<\/p>\n<p style=\"text-align: center;\">Si vous l&rsquo;avez manqu\u00e9, un clic sur la photo !<\/p>\n<p style=\"text-align: center;\"><a href=\"http:\/\/www.mellecereza.fr\/blog\/robe-de-mariee-courte-selection-stylee-2015-2016\/\"><img data-attachment-id=\"3963\" data-permalink=\"https:\/\/www.mellecereza.fr\/blog\/porte-alliances-duo-rentree-les-chapeaux-roue-latelier-136\/robe-de-mariee-courte-selection-stylee-blog-mariage-cereza-mademoiselle-r2\/#main\" data-orig-file=\"https:\/\/www.mellecereza.fr\/blog\/wp-content\/uploads\/2015\/08\/robe-de-mari\u00e9e-courte-s\u00e9lection-styl\u00e9e-blog-mariage-cereza-mademoiselle-r2.jpg\" data-orig-size=\"800,800\" data-comments-opened=\"1\" data-image-meta=\"{&quot;aperture&quot;:&quot;0&quot;,&quot;credit&quot;:&quot;Picasa&quot;,&quot;camera&quot;:&quot;&quot;,&quot;caption&quot;:&quot;&quot;,&quot;created_timestamp&quot;:&quot;1437403705&quot;,&quot;copyright&quot;:&quot;&quot;,&quot;focal_length&quot;:&quot;0&quot;,&quot;iso&quot;:&quot;0&quot;,&quot;shutter_speed&quot;:&quot;0&quot;,&quot;title&quot;:&quot;&quot;}\" data-image-title=\"robe de mari\u00e9e courte s\u00e9lection styl\u00e9e blog mariage cereza mademoiselle r2\" data-image-description=\"\" data-image-caption=\"\" data-medium-file=\"https:\/\/www.mellecereza.fr\/blog\/wp-content\/uploads\/2015\/08\/robe-de-mari\u00e9e-courte-s\u00e9lection-styl\u00e9e-blog-mariage-cereza-mademoiselle-r2-600x600.jpg\" data-large-file=\"https:\/\/www.mellecereza.fr\/blog\/wp-content\/uploads\/2015\/08\/robe-de-mari\u00e9e-courte-s\u00e9lection-styl\u00e9e-blog-mariage-cereza-mademoiselle-r2.jpg\" decoding=\"async\" loading=\"lazy\" class=\"aligncenter size-medium wp-image-3963\" alt=\"robe de mari\u00e9e courte s\u00e9lection styl\u00e9e blog mariage cereza mademoiselle r2\" src=\"http:\/\/www.mellecereza.fr\/blog\/wp-content\/uploads\/2015\/08\/robe-de-mari\u00e9e-courte-s\u00e9lection-styl\u00e9e-blog-mariage-cereza-mademoiselle-r2-600x600.jpg\" width=\"600\" height=\"600\" srcset=\"https:\/\/www.mellecereza.fr\/blog\/wp-content\/uploads\/2015\/08\/robe-de-mari\u00e9e-courte-s\u00e9lection-styl\u00e9e-blog-mariage-cereza-mademoiselle-r2-600x600.jpg 600w, https:\/\/www.mellecereza.fr\/blog\/wp-content\/uploads\/2015\/08\/robe-de-mari\u00e9e-courte-s\u00e9lection-styl\u00e9e-blog-mariage-cereza-mademoiselle-r2-450x450.jpg 450w, https:\/\/www.mellecereza.fr\/blog\/wp-content\/uploads\/2015\/08\/robe-de-mari\u00e9e-courte-s\u00e9lection-styl\u00e9e-blog-mariage-cereza-mademoiselle-r2-210x210.jpg 210w, https:\/\/www.mellecereza.fr\/blog\/wp-content\/uploads\/2015\/08\/robe-de-mari\u00e9e-courte-s\u00e9lection-styl\u00e9e-blog-mariage-cereza-mademoiselle-r2-60x60.jpg 60w, https:\/\/www.mellecereza.fr\/blog\/wp-content\/uploads\/2015\/08\/robe-de-mari\u00e9e-courte-s\u00e9lection-styl\u00e9e-blog-mariage-cereza-mademoiselle-r2.jpg 800w\" sizes=\"(max-width: 600px) 100vw, 600px\" \/><\/a><\/p>\n<p style=\"text-align: center;\"><span style=\"font-size: medium;\">Voil\u00e0 pour cette reprise \u00e0 l&rsquo;atelier \u00e0 100 \u00e0 l&rsquo;heure \ud83d\ude09<\/span><\/p>\n<p style=\"text-align: center;\"><span style=\"font-size: medium;\">Et chez vous les retours de vacances sont difficiles en g\u00e9n\u00e9ral ?<\/span><\/p>\n<p style=\"text-align: center;\"><span style=\"font-size: medium;\">A tr\u00e8s vite !<\/span><\/p>\n<div class=\"post_signature\"><img src=\"https:\/\/www.mellecereza.fr\/blog\/wp-content\/uploads\/2020\/02\/sign-200-FEV-15d1.png\" \/><\/div>","protected":false},"excerpt":{"rendered":"<p>Porte alliances duo &amp; une rentr\u00e9e sur les chapeaux de roue Quelques semaines avant nos t\u00eates blondes qui profitent encore des baignades, balades &amp; grasses matin\u00e9es, j&rsquo;ai repris le chemin de l&rsquo;atelier. Je ne sais pas vous mais chaque fois&#8230;<\/p>\n","protected":false},"author":1,"featured_media":3956,"comment_status":"open","ping_status":"open","sticky":false,"template":"","format":"standard","meta":{"jetpack_post_was_ever_published":false,"jetpack_publicize_message":"","jetpack_is_tweetstorm":false,"jetpack_publicize_feature_enabled":true,"jetpack_social_post_already_shared":true,"jetpack_social_options":{"image_generator_settings":{"template":"highway","enabled":false}}},"categories":[19],"tags":[270,145,146,7,329,241,15,348,63],"jetpack_publicize_connections":[],"yoast_head":"<!-- This site is optimized with the Yoast SEO plugin v20.3 - https:\/\/yoast.com\/wordpress\/plugins\/seo\/ -->\n<title>Porte alliances duo, une rentr\u00e9e sur les chapeaux de roue dans l&#039;atelier #136 - Melle Cereza blog mariage original<\/title>\n<meta name=\"robots\" content=\"index, follow, max-snippet:-1, max-image-preview:large, max-video-preview:-1\" \/>\n<link rel=\"canonical\" href=\"https:\/\/www.mellecereza.fr\/blog\/porte-alliances-duo-rentree-les-chapeaux-roue-latelier-136\/\" \/>\n<meta property=\"og:locale\" content=\"fr_FR\" \/>\n<meta property=\"og:type\" content=\"article\" \/>\n<meta property=\"og:title\" content=\"Porte alliances duo, une rentr\u00e9e sur les chapeaux de roue dans l&#039;atelier #136 - Melle Cereza blog mariage original\" \/>\n<meta property=\"og:description\" content=\"Porte alliances duo &amp; une rentr\u00e9e sur les chapeaux de roue Quelques semaines avant nos t\u00eates blondes qui profitent encore des baignades, balades &amp; grasses matin\u00e9es, j&rsquo;ai repris le chemin de l&rsquo;atelier. Je ne sais pas vous mais chaque fois...\" \/>\n<meta property=\"og:url\" content=\"https:\/\/www.mellecereza.fr\/blog\/porte-alliances-duo-rentree-les-chapeaux-roue-latelier-136\/\" \/>\n<meta property=\"og:site_name\" content=\"Melle Cereza blog mariage original\" \/>\n<meta property=\"article:published_time\" content=\"2015-08-04T06:00:29+00:00\" \/>\n<meta property=\"article:modified_time\" content=\"2015-10-24T09:39:28+00:00\" \/>\n<meta property=\"og:image\" content=\"https:\/\/www.mellecereza.fr\/blog\/wp-content\/uploads\/2015\/08\/136r-porte-alliances-duo-cereza-mademoiselle.jpg\" \/>\n\t<meta property=\"og:image:width\" content=\"800\" \/>\n\t<meta property=\"og:image:height\" content=\"600\" \/>\n\t<meta property=\"og:image:type\" content=\"image\/jpeg\" \/>\n<meta name=\"author\" content=\"Cerise\" \/>\n<meta name=\"twitter:label1\" content=\"\u00c9crit par\" \/>\n\t<meta name=\"twitter:data1\" content=\"Cerise\" \/>\n\t<meta name=\"twitter:label2\" content=\"Dur\u00e9e de lecture estim\u00e9e\" \/>\n\t<meta name=\"twitter:data2\" content=\"2 minutes\" \/>\n<script type=\"application\/ld+json\" class=\"yoast-schema-graph\">{\"@context\":\"https:\/\/schema.org\",\"@graph\":[{\"@type\":\"WebPage\",\"@id\":\"https:\/\/www.mellecereza.fr\/blog\/porte-alliances-duo-rentree-les-chapeaux-roue-latelier-136\/\",\"url\":\"https:\/\/www.mellecereza.fr\/blog\/porte-alliances-duo-rentree-les-chapeaux-roue-latelier-136\/\",\"name\":\"Porte alliances duo, une rentr\u00e9e sur les chapeaux de roue dans l'atelier #136 - Melle Cereza blog mariage original\",\"isPartOf\":{\"@id\":\"https:\/\/www.mellecereza.fr\/blog\/#website\"},\"datePublished\":\"2015-08-04T06:00:29+00:00\",\"dateModified\":\"2015-10-24T09:39:28+00:00\",\"author\":{\"@id\":\"https:\/\/www.mellecereza.fr\/blog\/#\/schema\/person\/3ad20d39d7b07a33b39c2e111d852118\"},\"breadcrumb\":{\"@id\":\"https:\/\/www.mellecereza.fr\/blog\/porte-alliances-duo-rentree-les-chapeaux-roue-latelier-136\/#breadcrumb\"},\"inLanguage\":\"fr-FR\",\"potentialAction\":[{\"@type\":\"ReadAction\",\"target\":[\"https:\/\/www.mellecereza.fr\/blog\/porte-alliances-duo-rentree-les-chapeaux-roue-latelier-136\/\"]}]},{\"@type\":\"BreadcrumbList\",\"@id\":\"https:\/\/www.mellecereza.fr\/blog\/porte-alliances-duo-rentree-les-chapeaux-roue-latelier-136\/#breadcrumb\",\"itemListElement\":[{\"@type\":\"ListItem\",\"position\":1,\"name\":\"Accueil\",\"item\":\"https:\/\/www.mellecereza.fr\/blog\/\"},{\"@type\":\"ListItem\",\"position\":2,\"name\":\"Porte alliances duo, une rentr\u00e9e sur les chapeaux de roue dans l&rsquo;atelier #136\"}]},{\"@type\":\"WebSite\",\"@id\":\"https:\/\/www.mellecereza.fr\/blog\/#website\",\"url\":\"https:\/\/www.mellecereza.fr\/blog\/\",\"name\":\"Melle Cereza blog mariage original\",\"description\":\"Id\u00e9es et inspirations pour un joli mariage original, id\u00e9es d\u00e9co, bouquet, bijoux &amp; accessoires\",\"potentialAction\":[{\"@type\":\"SearchAction\",\"target\":{\"@type\":\"EntryPoint\",\"urlTemplate\":\"https:\/\/www.mellecereza.fr\/blog\/?s={search_term_string}\"},\"query-input\":\"required name=search_term_string\"}],\"inLanguage\":\"fr-FR\"},{\"@type\":\"Person\",\"@id\":\"https:\/\/www.mellecereza.fr\/blog\/#\/schema\/person\/3ad20d39d7b07a33b39c2e111d852118\",\"name\":\"Cerise\",\"image\":{\"@type\":\"ImageObject\",\"inLanguage\":\"fr-FR\",\"@id\":\"https:\/\/www.mellecereza.fr\/blog\/#\/schema\/person\/image\/\",\"url\":\"https:\/\/secure.gravatar.com\/avatar\/f8aa59be965caf71440dfd118dcb3362?s=96&d=identicon&r=g\",\"contentUrl\":\"https:\/\/secure.gravatar.com\/avatar\/f8aa59be965caf71440dfd118dcb3362?s=96&d=identicon&r=g\",\"caption\":\"Cerise\"},\"url\":\"https:\/\/www.mellecereza.fr\/blog\/author\/cerise\/\"}]}<\/script>\n<!-- \/ Yoast SEO plugin. -->","yoast_head_json":{"title":"Porte alliances duo, une rentr\u00e9e sur les chapeaux de roue dans l'atelier #136 - Melle Cereza blog mariage original","robots":{"index":"index","follow":"follow","max-snippet":"max-snippet:-1","max-image-preview":"max-image-preview:large","max-video-preview":"max-video-preview:-1"},"canonical":"https:\/\/www.mellecereza.fr\/blog\/porte-alliances-duo-rentree-les-chapeaux-roue-latelier-136\/","og_locale":"fr_FR","og_type":"article","og_title":"Porte alliances duo, une rentr\u00e9e sur les chapeaux de roue dans l'atelier #136 - Melle Cereza blog mariage original","og_description":"Porte alliances duo &amp; une rentr\u00e9e sur les chapeaux de roue Quelques semaines avant nos t\u00eates blondes qui profitent encore des baignades, balades &amp; grasses matin\u00e9es, j&rsquo;ai repris le chemin de l&rsquo;atelier. Je ne sais pas vous mais chaque fois...","og_url":"https:\/\/www.mellecereza.fr\/blog\/porte-alliances-duo-rentree-les-chapeaux-roue-latelier-136\/","og_site_name":"Melle Cereza blog mariage original","article_published_time":"2015-08-04T06:00:29+00:00","article_modified_time":"2015-10-24T09:39:28+00:00","og_image":[{"width":800,"height":600,"url":"https:\/\/www.mellecereza.fr\/blog\/wp-content\/uploads\/2015\/08\/136r-porte-alliances-duo-cereza-mademoiselle.jpg","type":"image\/jpeg"}],"author":"Cerise","twitter_misc":{"\u00c9crit par":"Cerise","Dur\u00e9e de lecture estim\u00e9e":"2 minutes"},"schema":{"@context":"https:\/\/schema.org","@graph":[{"@type":"WebPage","@id":"https:\/\/www.mellecereza.fr\/blog\/porte-alliances-duo-rentree-les-chapeaux-roue-latelier-136\/","url":"https:\/\/www.mellecereza.fr\/blog\/porte-alliances-duo-rentree-les-chapeaux-roue-latelier-136\/","name":"Porte alliances duo, une rentr\u00e9e sur les chapeaux de roue dans l'atelier #136 - Melle Cereza blog mariage original","isPartOf":{"@id":"https:\/\/www.mellecereza.fr\/blog\/#website"},"datePublished":"2015-08-04T06:00:29+00:00","dateModified":"2015-10-24T09:39:28+00:00","author":{"@id":"https:\/\/www.mellecereza.fr\/blog\/#\/schema\/person\/3ad20d39d7b07a33b39c2e111d852118"},"breadcrumb":{"@id":"https:\/\/www.mellecereza.fr\/blog\/porte-alliances-duo-rentree-les-chapeaux-roue-latelier-136\/#breadcrumb"},"inLanguage":"fr-FR","potentialAction":[{"@type":"ReadAction","target":["https:\/\/www.mellecereza.fr\/blog\/porte-alliances-duo-rentree-les-chapeaux-roue-latelier-136\/"]}]},{"@type":"BreadcrumbList","@id":"https:\/\/www.mellecereza.fr\/blog\/porte-alliances-duo-rentree-les-chapeaux-roue-latelier-136\/#breadcrumb","itemListElement":[{"@type":"ListItem","position":1,"name":"Accueil","item":"https:\/\/www.mellecereza.fr\/blog\/"},{"@type":"ListItem","position":2,"name":"Porte alliances duo, une rentr\u00e9e sur les chapeaux de roue dans l&rsquo;atelier #136"}]},{"@type":"WebSite","@id":"https:\/\/www.mellecereza.fr\/blog\/#website","url":"https:\/\/www.mellecereza.fr\/blog\/","name":"Melle Cereza blog mariage original","description":"Id\u00e9es et inspirations pour un joli mariage original, id\u00e9es d\u00e9co, bouquet, bijoux &amp; accessoires","potentialAction":[{"@type":"SearchAction","target":{"@type":"EntryPoint","urlTemplate":"https:\/\/www.mellecereza.fr\/blog\/?s={search_term_string}"},"query-input":"required name=search_term_string"}],"inLanguage":"fr-FR"},{"@type":"Person","@id":"https:\/\/www.mellecereza.fr\/blog\/#\/schema\/person\/3ad20d39d7b07a33b39c2e111d852118","name":"Cerise","image":{"@type":"ImageObject","inLanguage":"fr-FR","@id":"https:\/\/www.mellecereza.fr\/blog\/#\/schema\/person\/image\/","url":"https:\/\/secure.gravatar.com\/avatar\/f8aa59be965caf71440dfd118dcb3362?s=96&d=identicon&r=g","contentUrl":"https:\/\/secure.gravatar.com\/avatar\/f8aa59be965caf71440dfd118dcb3362?s=96&d=identicon&r=g","caption":"Cerise"},"url":"https:\/\/www.mellecereza.fr\/blog\/author\/cerise\/"}]}},"jetpack_featured_media_url":"https:\/\/www.mellecereza.fr\/blog\/wp-content\/uploads\/2015\/08\/136r-porte-alliances-duo-cereza-mademoiselle.jpg","jetpack_shortlink":"https:\/\/wp.me\/p4ptN6-11N","jetpack_sharing_enabled":true,"jetpack-related-posts":[{"id":4957,"url":"https:\/\/www.mellecereza.fr\/blog\/porte-alliances-original-personnalisable-latelier-162\/","url_meta":{"origin":3955,"position":0},"title":"Porte-alliances original personnalisable, l&rsquo;atelier #162","date":"1 mai 2016","format":false,"excerpt":"Porte-alliances original personnalisable Lorsque j'ai cr\u00e9\u00e9 Mademoiselle Cereza en 2010 (qui s'appelait encore Cereza D\u00e9co) une des caract\u00e9ristiques les plus importantes que je souhaitais apporter aux accessoires de la marque \u00e9tait que chaque mari\u00e9e devait trouver SON accessoire : c'est donc tout naturellement que l'e-shop propose un porte-alliances original personnalisable.\u2026","rel":"","context":"Dans &quot;Dans l'atelier&quot;","img":{"alt_text":"porte-alliances original personnalisable mariage cereza mademoiselle","src":"https:\/\/i0.wp.com\/www.mellecereza.fr\/blog\/wp-content\/uploads\/2016\/04\/62r-porte-alliances-original-personnalisable-mariage-cereza-mademoiselle.jpg?resize=350%2C200&ssl=1","width":350,"height":200},"classes":[]},{"id":4976,"url":"https:\/\/www.mellecereza.fr\/blog\/bouquet-de-mariage-original-atypique-latelier-163\/","url_meta":{"origin":3955,"position":1},"title":"Bouquet de mariage original atypique, l&rsquo;atelier #163","date":"8 mai 2016","format":false,"excerpt":"Bouquet de mariage original atypique Ce que j'aime le plus dans mon m\u00e9tier ? Voir l'atelier rev\u00eatir toutes les couleurs de vos jolis th\u00e8mes de mariage ! Et cette semaine j'ai eu la chance de naviguer entre douceur d'un mariage ivoire, gris et rose et le pep's du violet et\u2026","rel":"","context":"Dans &quot;Dans l'atelier&quot;","img":{"alt_text":"bouquet de mariage original atypique d\u00e9cal\u00e9 tissu papier cereza","src":"https:\/\/i0.wp.com\/www.mellecereza.fr\/blog\/wp-content\/uploads\/2016\/05\/63-mariage-cereza-mademoiselle.jpg?resize=350%2C200&ssl=1","width":350,"height":200},"classes":[]},{"id":5294,"url":"https:\/\/www.mellecereza.fr\/blog\/semaine-latelier-mademoiselle-cereza-172\/","url_meta":{"origin":3955,"position":2},"title":"Une semaine dans l&rsquo;atelier Mademoiselle Cereza #172","date":"11 juillet 2016","format":false,"excerpt":"Une semaine dans l'atelier #172 Le rythme s'acc\u00e9l\u00e8re dans l'atelier pour confectionner vos bijoux de mariage, apporter la derni\u00e8re touche aux bouquet porte-alliances, parfaire les derniers d\u00e9tails des bouquets de mari\u00e9e, tout en continuant d'\u00e9changer des messages avec les futures mari\u00e9es qui souhaitent un bijou sur-mesure ou quelques renseignements ...\u2026","rel":"","context":"Dans &quot;Dans l'atelier&quot;","img":{"alt_text":"bouquet mariage original decale atypique papier tissu cereza mademoiselle","src":"https:\/\/i0.wp.com\/www.mellecereza.fr\/blog\/wp-content\/uploads\/2016\/07\/72R-bijoux-mariage-personnalises-sur-mesure-bouquet-mariee-original-cereza-mademoiselle.jpg?resize=350%2C200&ssl=1","width":350,"height":200},"classes":[]},{"id":4622,"url":"https:\/\/www.mellecereza.fr\/blog\/boite-alliances-fleur-boutonniere-latelier-152\/","url_meta":{"origin":3955,"position":3},"title":"Boite alliances fleur et boutonni\u00e8re, l&rsquo;atelier #152","date":"9 f\u00e9vrier 2016","format":false,"excerpt":"Boite alliances fleur et boutonni\u00e8re : une semaine dans l'atelier de Mademoiselle Cereza #152 Une semaine dans l'atelier de Mademoiselle Cereza ne ressemble jamais \u00e0 aucune autre semaine. Une semaine est jalonn\u00e9e de jolies rencontres qu'elles soient virtuelles par e-mail, via les r\u00e9seaux sociaux ou en direct, il y a\u2026","rel":"","context":"Dans &quot;Dans l'atelier&quot;","img":{"alt_text":"boite a alliances mariage original boutonniere personnalisable","src":"https:\/\/i0.wp.com\/www.mellecereza.fr\/blog\/wp-content\/uploads\/2016\/02\/52r-boite-alliances-fleur-et-boutonni\u00e8re-cereza-mademoiselle.jpg?resize=350%2C200&ssl=1","width":350,"height":200},"classes":[]},{"id":5850,"url":"https:\/\/www.mellecereza.fr\/blog\/fleurs-personnalisees-1-semaine-latelier\/","url_meta":{"origin":3955,"position":4},"title":"Fleurs personnalis\u00e9es : 1 semaine dans l&rsquo;atelier","date":"11 f\u00e9vrier 2017","format":false,"excerpt":"Fleurs personnalis\u00e9es mariage et ... Les fleurs personnalis\u00e9es sont mon coeur de m\u00e9tier, dans tous les jolis sens du terme. Des fleurs personnalis\u00e9es pour vos mariages mais pas uniquement, vous allez voir qu'\u00e0 travers un partenariat avec une douce marque de layette fabriqu\u00e9e en France les fleurs Mademoiselle Cereza accompagnent\u2026","rel":"","context":"Dans &quot;Dans l'atelier&quot;","img":{"alt_text":"fleurs mariage rose gris noir blanc accessoires mariage","src":"https:\/\/i0.wp.com\/www.mellecereza.fr\/blog\/wp-content\/uploads\/2017\/02\/82r-fleurs-personnalisees-mariage-mademoiselle-cereza-deco.jpg?resize=350%2C200&ssl=1","width":350,"height":200},"classes":[]},{"id":4126,"url":"https:\/\/www.mellecereza.fr\/blog\/mariage-colore-plumes-paon-latelier-139\/","url_meta":{"origin":3955,"position":5},"title":"Mariage color\u00e9, plumes de paon &#8230; l&rsquo;atelier #139","date":"30 ao\u00fbt 2015","format":false,"excerpt":"Mariage color\u00e9, plumes de paon ... L'automne & l'hiver sont en vue dans le carnet de vos jolies commandes, je confectionne des accessoires chatoyants qui vont si bien animer les tonalit\u00e9s des mariages color\u00e9s des bride to be de ces deux saisons. Bref, le th\u00e8me de cette semaine dans l'atelier\u2026","rel":"","context":"Dans &quot;Dans l'atelier&quot;","img":{"alt_text":"mariage color\u00e9 plumes de paon cereza mademoiselle","src":"https:\/\/i0.wp.com\/www.mellecereza.fr\/blog\/wp-content\/uploads\/2015\/08\/139r-mariage-color\u00e9-plumes-de-paon-cereza-mademoiselle.jpg?resize=350%2C200&ssl=1","width":350,"height":200},"classes":[]}],"_links":{"self":[{"href":"https:\/\/www.mellecereza.fr\/blog\/wp-json\/wp\/v2\/posts\/3955"}],"collection":[{"href":"https:\/\/www.mellecereza.fr\/blog\/wp-json\/wp\/v2\/posts"}],"about":[{"href":"https:\/\/www.mellecereza.fr\/blog\/wp-json\/wp\/v2\/types\/post"}],"author":[{"embeddable":true,"href":"https:\/\/www.mellecereza.fr\/blog\/wp-json\/wp\/v2\/users\/1"}],"replies":[{"embeddable":true,"href":"https:\/\/www.mellecereza.fr\/blog\/wp-json\/wp\/v2\/comments?post=3955"}],"version-history":[{"count":5,"href":"https:\/\/www.mellecereza.fr\/blog\/wp-json\/wp\/v2\/posts\/3955\/revisions"}],"predecessor-version":[{"id":3968,"href":"https:\/\/www.mellecereza.fr\/blog\/wp-json\/wp\/v2\/posts\/3955\/revisions\/3968"}],"wp:featuredmedia":[{"embeddable":true,"href":"https:\/\/www.mellecereza.fr\/blog\/wp-json\/wp\/v2\/media\/3956"}],"wp:attachment":[{"href":"https:\/\/www.mellecereza.fr\/blog\/wp-json\/wp\/v2\/media?parent=3955"}],"wp:term":[{"taxonomy":"category","embeddable":true,"href":"https:\/\/www.mellecereza.fr\/blog\/wp-json\/wp\/v2\/categories?post=3955"},{"taxonomy":"post_tag","embeddable":true,"href":"https:\/\/www.mellecereza.fr\/blog\/wp-json\/wp\/v2\/tags?post=3955"}],"curies":[{"name":"wp","href":"https:\/\/api.w.org\/{rel}","templated":true}]}}