{"id":4541,"date":"2016-01-24T09:00:50","date_gmt":"2016-01-24T07:00:50","guid":{"rendered":"http:\/\/www.mellecereza.fr\/blog\/?p=4541"},"modified":"2016-02-17T12:35:58","modified_gmt":"2016-02-17T10:35:58","slug":"mariage-a-theme-st-valentin-latelier-150","status":"publish","type":"post","link":"https:\/\/www.mellecereza.fr\/blog\/mariage-a-theme-st-valentin-latelier-150\/","title":{"rendered":"Mariage \u00e0 th\u00e8me &#038; St Valentin, dans l&rsquo;atelier #150"},"content":{"rendered":"<h5>Mariage \u00e0 th\u00e8me &amp; une surprise pour la Saint Valentin !<\/h5>\n<p style=\"text-align: center;\">Le mariage \u00e0 th\u00e8me \u00e9tait \u00e0 l&rsquo;honneur cette semaine dans l&rsquo;atelier : mariage \u00e0 th\u00e8me mer, mariage \u00e0 th\u00e8me dentelle, mariage \u00e0 th\u00e8me musique &#8230; Bref nous avons g\u00e2t\u00e9 beaucoup de futures mari\u00e9es \u2665<\/p>\n<p style=\"text-align: center;\">Mais pas uniquement, cette semaine nous avons planch\u00e9 sur une surprise pour la Saint Valentin &amp; lutt\u00e9 contre les microbes de fa\u00e7on naturelle &#8230;<\/p>\n<p><a href=\"http:\/\/www.mellecereza.fr\/blog\/wp-content\/uploads\/2016\/01\/50r-mariage-\u00e0-th\u00e8me-mer-dentelle-plume-musique-cereza-mademoiselle.jpg\"><img data-attachment-id=\"4542\" data-permalink=\"https:\/\/www.mellecereza.fr\/blog\/mariage-a-theme-st-valentin-latelier-150\/50r-mariage-a-theme-mer-dentelle-plume-musique-cereza-mademoiselle\/#main\" data-orig-file=\"https:\/\/www.mellecereza.fr\/blog\/wp-content\/uploads\/2016\/01\/50r-mariage-\u00e0-th\u00e8me-mer-dentelle-plume-musique-cereza-mademoiselle.jpg\" data-orig-size=\"800,600\" data-comments-opened=\"1\" data-image-meta=\"{&quot;aperture&quot;:&quot;0&quot;,&quot;credit&quot;:&quot;Picasa&quot;,&quot;camera&quot;:&quot;&quot;,&quot;caption&quot;:&quot;&quot;,&quot;created_timestamp&quot;:&quot;1453535179&quot;,&quot;copyright&quot;:&quot;&quot;,&quot;focal_length&quot;:&quot;0&quot;,&quot;iso&quot;:&quot;0&quot;,&quot;shutter_speed&quot;:&quot;0&quot;,&quot;title&quot;:&quot;&quot;}\" data-image-title=\"mariage \u00e0 th\u00e8me mer dentelle plume musique cereza mademoiselle\" data-image-description=\"\" data-image-caption=\"\" data-medium-file=\"https:\/\/www.mellecereza.fr\/blog\/wp-content\/uploads\/2016\/01\/50r-mariage-\u00e0-th\u00e8me-mer-dentelle-plume-musique-cereza-mademoiselle-600x450.jpg\" data-large-file=\"https:\/\/www.mellecereza.fr\/blog\/wp-content\/uploads\/2016\/01\/50r-mariage-\u00e0-th\u00e8me-mer-dentelle-plume-musique-cereza-mademoiselle.jpg\" decoding=\"async\" loading=\"lazy\" class=\"aligncenter size-medium wp-image-4542\" alt=\"mariage th\u00e8me marin personnalis\u00e9 sur mesure bijou accessoire\" src=\"http:\/\/www.mellecereza.fr\/blog\/wp-content\/uploads\/2016\/01\/50r-mariage-\u00e0-th\u00e8me-mer-dentelle-plume-musique-cereza-mademoiselle-600x450.jpg\" width=\"600\" height=\"450\" srcset=\"https:\/\/www.mellecereza.fr\/blog\/wp-content\/uploads\/2016\/01\/50r-mariage-\u00e0-th\u00e8me-mer-dentelle-plume-musique-cereza-mademoiselle-600x450.jpg 600w, https:\/\/www.mellecereza.fr\/blog\/wp-content\/uploads\/2016\/01\/50r-mariage-\u00e0-th\u00e8me-mer-dentelle-plume-musique-cereza-mademoiselle-450x337.jpg 450w, https:\/\/www.mellecereza.fr\/blog\/wp-content\/uploads\/2016\/01\/50r-mariage-\u00e0-th\u00e8me-mer-dentelle-plume-musique-cereza-mademoiselle.jpg 800w\" sizes=\"(max-width: 600px) 100vw, 600px\" \/><\/a><\/p>\n<p style=\"text-align: center;\">\u00a0Un mariage \u00e0 th\u00e8me mer et la cr\u00e9ation de boutonni\u00e8res personnalis\u00e9es pour les t\u00e9moins du mari\u00e9, dans l&rsquo;atelier j&rsquo;ai pris la mer cette semaine !<\/p>\n<p><a href=\"http:\/\/www.mellecereza.fr\/blog\/wp-content\/uploads\/2016\/01\/mariage-\u00e0-th\u00e8me-boutonni\u00e8re-mer-ancre-marine-cereza-mademoiselle-2.jpg\"><img data-attachment-id=\"4543\" data-permalink=\"https:\/\/www.mellecereza.fr\/blog\/mariage-a-theme-st-valentin-latelier-150\/mariage-a-theme-boutonniere-mer-ancre-marine-cereza-mademoiselle-2\/#main\" data-orig-file=\"https:\/\/www.mellecereza.fr\/blog\/wp-content\/uploads\/2016\/01\/mariage-\u00e0-th\u00e8me-boutonni\u00e8re-mer-ancre-marine-cereza-mademoiselle-2.jpg\" data-orig-size=\"800,800\" data-comments-opened=\"1\" data-image-meta=\"{&quot;aperture&quot;:&quot;3.3&quot;,&quot;credit&quot;:&quot;&quot;,&quot;camera&quot;:&quot;DMC-TZ5&quot;,&quot;caption&quot;:&quot;&quot;,&quot;created_timestamp&quot;:&quot;1453387664&quot;,&quot;copyright&quot;:&quot;&quot;,&quot;focal_length&quot;:&quot;4.7&quot;,&quot;iso&quot;:&quot;100&quot;,&quot;shutter_speed&quot;:&quot;0.0333333333333&quot;,&quot;title&quot;:&quot;&quot;}\" data-image-title=\"mariage \u00e0 th\u00e8me boutonni\u00e8re mer ancre marine cereza mademoiselle 2\" data-image-description=\"\" data-image-caption=\"\" data-medium-file=\"https:\/\/www.mellecereza.fr\/blog\/wp-content\/uploads\/2016\/01\/mariage-\u00e0-th\u00e8me-boutonni\u00e8re-mer-ancre-marine-cereza-mademoiselle-2-600x600.jpg\" data-large-file=\"https:\/\/www.mellecereza.fr\/blog\/wp-content\/uploads\/2016\/01\/mariage-\u00e0-th\u00e8me-boutonni\u00e8re-mer-ancre-marine-cereza-mademoiselle-2.jpg\" decoding=\"async\" loading=\"lazy\" class=\"aligncenter size-medium wp-image-4543\" alt=\"mariage th\u00e8me mer marin boutonniere mari\u00e9 t\u00e9moin personnalisable\" src=\"http:\/\/www.mellecereza.fr\/blog\/wp-content\/uploads\/2016\/01\/mariage-\u00e0-th\u00e8me-boutonni\u00e8re-mer-ancre-marine-cereza-mademoiselle-2-600x600.jpg\" width=\"600\" height=\"600\" srcset=\"https:\/\/www.mellecereza.fr\/blog\/wp-content\/uploads\/2016\/01\/mariage-\u00e0-th\u00e8me-boutonni\u00e8re-mer-ancre-marine-cereza-mademoiselle-2-600x600.jpg 600w, https:\/\/www.mellecereza.fr\/blog\/wp-content\/uploads\/2016\/01\/mariage-\u00e0-th\u00e8me-boutonni\u00e8re-mer-ancre-marine-cereza-mademoiselle-2-450x450.jpg 450w, https:\/\/www.mellecereza.fr\/blog\/wp-content\/uploads\/2016\/01\/mariage-\u00e0-th\u00e8me-boutonni\u00e8re-mer-ancre-marine-cereza-mademoiselle-2-210x210.jpg 210w, https:\/\/www.mellecereza.fr\/blog\/wp-content\/uploads\/2016\/01\/mariage-\u00e0-th\u00e8me-boutonni\u00e8re-mer-ancre-marine-cereza-mademoiselle-2-60x60.jpg 60w, https:\/\/www.mellecereza.fr\/blog\/wp-content\/uploads\/2016\/01\/mariage-\u00e0-th\u00e8me-boutonni\u00e8re-mer-ancre-marine-cereza-mademoiselle-2.jpg 800w\" sizes=\"(max-width: 600px) 100vw, 600px\" \/><\/a><\/p>\n<p style=\"text-align: center;\">\u00a0Une robe de mari\u00e9e courte sign\u00e9e Asos, des chaussures de mari\u00e9e vieux rose sign\u00e9es Neosens, et une future mari\u00e9e qui nous confie la cr\u00e9ation d&rsquo;un bouquet bijou Pivoine personnalis\u00e9 : les accessoires parfaits pour un joli mariage !<\/p>\n<p style=\"text-align: center;\">A suivre pour la cr\u00e9ation du bouquet de la mari\u00e9e, stay tuned \ud83d\ude09<\/p>\n<p><a href=\"http:\/\/www.mellecereza.fr\/blog\/wp-content\/uploads\/2016\/01\/mariage-vieux-rose-ivoire-bouquet-mariee-bijou-plumes-cereza-mademoiselle-3.jpg\"><img data-attachment-id=\"4546\" data-permalink=\"https:\/\/www.mellecereza.fr\/blog\/mariage-a-theme-st-valentin-latelier-150\/mariage-vieux-rose-ivoire-bouquet-mariee-bijou-plumes-cereza-mademoiselle-3\/#main\" data-orig-file=\"https:\/\/www.mellecereza.fr\/blog\/wp-content\/uploads\/2016\/01\/mariage-vieux-rose-ivoire-bouquet-mariee-bijou-plumes-cereza-mademoiselle-3.jpg\" data-orig-size=\"800,800\" data-comments-opened=\"1\" data-image-meta=\"{&quot;aperture&quot;:&quot;0&quot;,&quot;credit&quot;:&quot;Picasa&quot;,&quot;camera&quot;:&quot;&quot;,&quot;caption&quot;:&quot;&quot;,&quot;created_timestamp&quot;:&quot;1453137579&quot;,&quot;copyright&quot;:&quot;&quot;,&quot;focal_length&quot;:&quot;0&quot;,&quot;iso&quot;:&quot;0&quot;,&quot;shutter_speed&quot;:&quot;0&quot;,&quot;title&quot;:&quot;&quot;}\" data-image-title=\"mariage vieux rose ivoire bouquet mariee bijou plumes cereza mademoiselle 3\" data-image-description=\"\" data-image-caption=\"\" data-medium-file=\"https:\/\/www.mellecereza.fr\/blog\/wp-content\/uploads\/2016\/01\/mariage-vieux-rose-ivoire-bouquet-mariee-bijou-plumes-cereza-mademoiselle-3-600x600.jpg\" data-large-file=\"https:\/\/www.mellecereza.fr\/blog\/wp-content\/uploads\/2016\/01\/mariage-vieux-rose-ivoire-bouquet-mariee-bijou-plumes-cereza-mademoiselle-3.jpg\" decoding=\"async\" loading=\"lazy\" class=\"aligncenter size-medium wp-image-4546\" alt=\"mariage \u00e0 th\u00e8me vieux rose ivoire plumes id\u00e9e robe chaussure\" src=\"http:\/\/www.mellecereza.fr\/blog\/wp-content\/uploads\/2016\/01\/mariage-vieux-rose-ivoire-bouquet-mariee-bijou-plumes-cereza-mademoiselle-3-600x600.jpg\" width=\"600\" height=\"600\" srcset=\"https:\/\/www.mellecereza.fr\/blog\/wp-content\/uploads\/2016\/01\/mariage-vieux-rose-ivoire-bouquet-mariee-bijou-plumes-cereza-mademoiselle-3-600x600.jpg 600w, https:\/\/www.mellecereza.fr\/blog\/wp-content\/uploads\/2016\/01\/mariage-vieux-rose-ivoire-bouquet-mariee-bijou-plumes-cereza-mademoiselle-3-450x450.jpg 450w, https:\/\/www.mellecereza.fr\/blog\/wp-content\/uploads\/2016\/01\/mariage-vieux-rose-ivoire-bouquet-mariee-bijou-plumes-cereza-mademoiselle-3-210x210.jpg 210w, https:\/\/www.mellecereza.fr\/blog\/wp-content\/uploads\/2016\/01\/mariage-vieux-rose-ivoire-bouquet-mariee-bijou-plumes-cereza-mademoiselle-3-60x60.jpg 60w, https:\/\/www.mellecereza.fr\/blog\/wp-content\/uploads\/2016\/01\/mariage-vieux-rose-ivoire-bouquet-mariee-bijou-plumes-cereza-mademoiselle-3.jpg 800w\" sizes=\"(max-width: 600px) 100vw, 600px\" \/><\/a><\/p>\n<p>&nbsp;<\/p>\n<p style=\"text-align: center;\">Un mariage \u00e0 th\u00e8me musique et la cr\u00e9ation d&rsquo;un <strong><a title=\"bouquet mariage partition musique personnalisable\" href=\"http:\/\/www.mellecereza.fr\/bouquet-de-mariee-original\/249-bouquet-de-mariee-partition-de-musique-original-atypique-valse-de-vienne-.html\">bouquet de mari\u00e9e en partitions de musique<\/a><\/strong>, un vent de r\u00e9tro vintage flotte par ici !<\/p>\n<p><a href=\"http:\/\/www.mellecereza.fr\/blog\/wp-content\/uploads\/2016\/01\/mariage-th\u00e8me-musique-bouquet-partition-papier-vintage-r\u00e9tro-cereza-mademoiselle-cr\u00e9ation-fran\u00e7aise.jpg\"><img data-attachment-id=\"4545\" data-permalink=\"https:\/\/www.mellecereza.fr\/blog\/mariage-a-theme-st-valentin-latelier-150\/mariage-theme-musique-bouquet-partition-papier-vintage-retro-cereza-mademoiselle-creation-francaise\/#main\" data-orig-file=\"https:\/\/www.mellecereza.fr\/blog\/wp-content\/uploads\/2016\/01\/mariage-th\u00e8me-musique-bouquet-partition-papier-vintage-r\u00e9tro-cereza-mademoiselle-cr\u00e9ation-fran\u00e7aise.jpg\" data-orig-size=\"800,800\" data-comments-opened=\"1\" data-image-meta=\"{&quot;aperture&quot;:&quot;3.3&quot;,&quot;credit&quot;:&quot;&quot;,&quot;camera&quot;:&quot;DMC-TZ5&quot;,&quot;caption&quot;:&quot;&quot;,&quot;created_timestamp&quot;:&quot;1453466143&quot;,&quot;copyright&quot;:&quot;&quot;,&quot;focal_length&quot;:&quot;4.7&quot;,&quot;iso&quot;:&quot;100&quot;,&quot;shutter_speed&quot;:&quot;0.025&quot;,&quot;title&quot;:&quot;&quot;}\" data-image-title=\"mariage th\u00e8me musique bouquet partition papier vintage r\u00e9tro cereza mademoiselle cr\u00e9ation fran\u00e7aise\" data-image-description=\"\" data-image-caption=\"\" data-medium-file=\"https:\/\/www.mellecereza.fr\/blog\/wp-content\/uploads\/2016\/01\/mariage-th\u00e8me-musique-bouquet-partition-papier-vintage-r\u00e9tro-cereza-mademoiselle-cr\u00e9ation-fran\u00e7aise-600x600.jpg\" data-large-file=\"https:\/\/www.mellecereza.fr\/blog\/wp-content\/uploads\/2016\/01\/mariage-th\u00e8me-musique-bouquet-partition-papier-vintage-r\u00e9tro-cereza-mademoiselle-cr\u00e9ation-fran\u00e7aise.jpg\" decoding=\"async\" loading=\"lazy\" class=\"aligncenter size-medium wp-image-4545\" alt=\"mariage \u00e0 th\u00e8me musique bouquet mari\u00e9e partitions vintage r\u00e9tro\" src=\"http:\/\/www.mellecereza.fr\/blog\/wp-content\/uploads\/2016\/01\/mariage-th\u00e8me-musique-bouquet-partition-papier-vintage-r\u00e9tro-cereza-mademoiselle-cr\u00e9ation-fran\u00e7aise-600x600.jpg\" width=\"600\" height=\"600\" srcset=\"https:\/\/www.mellecereza.fr\/blog\/wp-content\/uploads\/2016\/01\/mariage-th\u00e8me-musique-bouquet-partition-papier-vintage-r\u00e9tro-cereza-mademoiselle-cr\u00e9ation-fran\u00e7aise-600x600.jpg 600w, https:\/\/www.mellecereza.fr\/blog\/wp-content\/uploads\/2016\/01\/mariage-th\u00e8me-musique-bouquet-partition-papier-vintage-r\u00e9tro-cereza-mademoiselle-cr\u00e9ation-fran\u00e7aise-450x450.jpg 450w, https:\/\/www.mellecereza.fr\/blog\/wp-content\/uploads\/2016\/01\/mariage-th\u00e8me-musique-bouquet-partition-papier-vintage-r\u00e9tro-cereza-mademoiselle-cr\u00e9ation-fran\u00e7aise-210x210.jpg 210w, https:\/\/www.mellecereza.fr\/blog\/wp-content\/uploads\/2016\/01\/mariage-th\u00e8me-musique-bouquet-partition-papier-vintage-r\u00e9tro-cereza-mademoiselle-cr\u00e9ation-fran\u00e7aise-60x60.jpg 60w, https:\/\/www.mellecereza.fr\/blog\/wp-content\/uploads\/2016\/01\/mariage-th\u00e8me-musique-bouquet-partition-papier-vintage-r\u00e9tro-cereza-mademoiselle-cr\u00e9ation-fran\u00e7aise.jpg 800w\" sizes=\"(max-width: 600px) 100vw, 600px\" \/><\/a><\/p>\n<p>&nbsp;<\/p>\n<p style=\"text-align: center;\">\u2605 une des HAPPY NEWS du moment c&rsquo;est le prix doux du <strong><a title=\"bracelet mariee bijou mariage romantique\" href=\"http:\/\/www.mellecereza.fr\/bracelets\/68-bracelet-mariee-perle-et-organza-maddie-personnalisable.html\">bracelet Maddie dans l&rsquo;e-shop !<\/a>\u00a0\u2605<\/strong><\/p>\n<p style=\"text-align: center;\"><a href=\"http:\/\/www.mellecereza.fr\/bracelets\/68-bracelet-mariee-perle-et-organza-maddie-personnalisable.html\"><img data-attachment-id=\"4547\" data-permalink=\"https:\/\/www.mellecereza.fr\/blog\/mariage-a-theme-st-valentin-latelier-150\/bracelet-mariee-romantique-perles-organza-personnalisable-bijou-mariage-cereza-mademoiselle\/#main\" data-orig-file=\"https:\/\/www.mellecereza.fr\/blog\/wp-content\/uploads\/2016\/01\/bracelet-mari\u00e9e-romantique-perles-organza-personnalisable-bijou-mariage-cereza-mademoiselle.jpg\" data-orig-size=\"700,700\" data-comments-opened=\"1\" data-image-meta=\"{&quot;aperture&quot;:&quot;0&quot;,&quot;credit&quot;:&quot;&quot;,&quot;camera&quot;:&quot;&quot;,&quot;caption&quot;:&quot;&quot;,&quot;created_timestamp&quot;:&quot;0&quot;,&quot;copyright&quot;:&quot;&quot;,&quot;focal_length&quot;:&quot;0&quot;,&quot;iso&quot;:&quot;0&quot;,&quot;shutter_speed&quot;:&quot;0&quot;,&quot;title&quot;:&quot;&quot;}\" data-image-title=\"bracelet mari\u00e9e romantique perles organza personnalisable bijou mariage cereza mademoiselle\" data-image-description=\"\" data-image-caption=\"\" data-medium-file=\"https:\/\/www.mellecereza.fr\/blog\/wp-content\/uploads\/2016\/01\/bracelet-mari\u00e9e-romantique-perles-organza-personnalisable-bijou-mariage-cereza-mademoiselle-600x600.jpg\" data-large-file=\"https:\/\/www.mellecereza.fr\/blog\/wp-content\/uploads\/2016\/01\/bracelet-mari\u00e9e-romantique-perles-organza-personnalisable-bijou-mariage-cereza-mademoiselle.jpg\" decoding=\"async\" loading=\"lazy\" class=\"aligncenter size-medium wp-image-4547\" alt=\"mariage \u00e0 th\u00e8me romantique\" src=\"http:\/\/www.mellecereza.fr\/blog\/wp-content\/uploads\/2016\/01\/bracelet-mari\u00e9e-romantique-perles-organza-personnalisable-bijou-mariage-cereza-mademoiselle-600x600.jpg\" width=\"600\" height=\"600\" srcset=\"https:\/\/www.mellecereza.fr\/blog\/wp-content\/uploads\/2016\/01\/bracelet-mari\u00e9e-romantique-perles-organza-personnalisable-bijou-mariage-cereza-mademoiselle-600x600.jpg 600w, https:\/\/www.mellecereza.fr\/blog\/wp-content\/uploads\/2016\/01\/bracelet-mari\u00e9e-romantique-perles-organza-personnalisable-bijou-mariage-cereza-mademoiselle-450x450.jpg 450w, https:\/\/www.mellecereza.fr\/blog\/wp-content\/uploads\/2016\/01\/bracelet-mari\u00e9e-romantique-perles-organza-personnalisable-bijou-mariage-cereza-mademoiselle-210x210.jpg 210w, https:\/\/www.mellecereza.fr\/blog\/wp-content\/uploads\/2016\/01\/bracelet-mari\u00e9e-romantique-perles-organza-personnalisable-bijou-mariage-cereza-mademoiselle-60x60.jpg 60w, https:\/\/www.mellecereza.fr\/blog\/wp-content\/uploads\/2016\/01\/bracelet-mari\u00e9e-romantique-perles-organza-personnalisable-bijou-mariage-cereza-mademoiselle.jpg 700w\" sizes=\"(max-width: 600px) 100vw, 600px\" \/><\/a><\/p>\n<p style=\"text-align: center;\"><strong><span style=\"font-size: medium;\">\u2665 LOVE INSIDE \u2665<\/span><\/strong><\/p>\n<p style=\"text-align: center;\"><span style=\"font-size: medium;\">Une surprise de Saint Valentin est en pr\u00e9paration : surveillez le blog ces prochains jours !<\/span><\/p>\n<p><a href=\"http:\/\/www.mellecereza.fr\/blog\/wp-content\/uploads\/2016\/01\/kit-saint-valentin-diy-cadeau-homme-cereza-mademoiselle-10.jpg\"><img data-attachment-id=\"4549\" data-permalink=\"https:\/\/www.mellecereza.fr\/blog\/mariage-a-theme-st-valentin-latelier-150\/kit-saint-valentin-diy-cadeau-homme-cereza-mademoiselle-10\/#main\" data-orig-file=\"https:\/\/www.mellecereza.fr\/blog\/wp-content\/uploads\/2016\/01\/kit-saint-valentin-diy-cadeau-homme-cereza-mademoiselle-10.jpg\" data-orig-size=\"800,800\" data-comments-opened=\"1\" data-image-meta=\"{&quot;aperture&quot;:&quot;3.3&quot;,&quot;credit&quot;:&quot;&quot;,&quot;camera&quot;:&quot;DMC-TZ5&quot;,&quot;caption&quot;:&quot;&quot;,&quot;created_timestamp&quot;:&quot;1453465639&quot;,&quot;copyright&quot;:&quot;&quot;,&quot;focal_length&quot;:&quot;4.7&quot;,&quot;iso&quot;:&quot;100&quot;,&quot;shutter_speed&quot;:&quot;0.0166666666667&quot;,&quot;title&quot;:&quot;&quot;}\" data-image-title=\"kit saint valentin diy cadeau homme cereza mademoiselle (10)\" data-image-description=\"\" data-image-caption=\"\" data-medium-file=\"https:\/\/www.mellecereza.fr\/blog\/wp-content\/uploads\/2016\/01\/kit-saint-valentin-diy-cadeau-homme-cereza-mademoiselle-10-600x600.jpg\" data-large-file=\"https:\/\/www.mellecereza.fr\/blog\/wp-content\/uploads\/2016\/01\/kit-saint-valentin-diy-cadeau-homme-cereza-mademoiselle-10.jpg\" decoding=\"async\" loading=\"lazy\" class=\"aligncenter size-medium wp-image-4549\" alt=\"kit saint valentin diy cadeau homme cereza mademoiselle (10)\" src=\"http:\/\/www.mellecereza.fr\/blog\/wp-content\/uploads\/2016\/01\/kit-saint-valentin-diy-cadeau-homme-cereza-mademoiselle-10-600x600.jpg\" width=\"600\" height=\"600\" srcset=\"https:\/\/www.mellecereza.fr\/blog\/wp-content\/uploads\/2016\/01\/kit-saint-valentin-diy-cadeau-homme-cereza-mademoiselle-10-600x600.jpg 600w, https:\/\/www.mellecereza.fr\/blog\/wp-content\/uploads\/2016\/01\/kit-saint-valentin-diy-cadeau-homme-cereza-mademoiselle-10-450x450.jpg 450w, https:\/\/www.mellecereza.fr\/blog\/wp-content\/uploads\/2016\/01\/kit-saint-valentin-diy-cadeau-homme-cereza-mademoiselle-10-210x210.jpg 210w, https:\/\/www.mellecereza.fr\/blog\/wp-content\/uploads\/2016\/01\/kit-saint-valentin-diy-cadeau-homme-cereza-mademoiselle-10-60x60.jpg 60w, https:\/\/www.mellecereza.fr\/blog\/wp-content\/uploads\/2016\/01\/kit-saint-valentin-diy-cadeau-homme-cereza-mademoiselle-10.jpg 800w\" sizes=\"(max-width: 600px) 100vw, 600px\" \/><\/a><\/p>\n<p style=\"text-align: center;\">\u00a0Beaucoup de douceur dans ces pics \u00e0 chignon fleurs de cerisier rose quartz, tout juste sortis de l&rsquo;atelier<\/p>\n<p><a href=\"http:\/\/www.mellecereza.fr\/blog\/wp-content\/uploads\/2016\/01\/pics-chignon-mariage-rose-nude-quartz-fleurs-personnalisable-cr\u00e9ation-fran\u00e7aise-cereza-mademoiselle-3.jpg\"><img data-attachment-id=\"4544\" data-permalink=\"https:\/\/www.mellecereza.fr\/blog\/mariage-a-theme-st-valentin-latelier-150\/pics-chignon-mariage-rose-nude-quartz-fleurs-personnalisable-creation-francaise-cereza-mademoiselle-3\/#main\" data-orig-file=\"https:\/\/www.mellecereza.fr\/blog\/wp-content\/uploads\/2016\/01\/pics-chignon-mariage-rose-nude-quartz-fleurs-personnalisable-cr\u00e9ation-fran\u00e7aise-cereza-mademoiselle-3.jpg\" data-orig-size=\"800,800\" data-comments-opened=\"1\" data-image-meta=\"{&quot;aperture&quot;:&quot;3.3&quot;,&quot;credit&quot;:&quot;&quot;,&quot;camera&quot;:&quot;DMC-TZ5&quot;,&quot;caption&quot;:&quot;&quot;,&quot;created_timestamp&quot;:&quot;1453210535&quot;,&quot;copyright&quot;:&quot;&quot;,&quot;focal_length&quot;:&quot;4.7&quot;,&quot;iso&quot;:&quot;100&quot;,&quot;shutter_speed&quot;:&quot;0.05&quot;,&quot;title&quot;:&quot;&quot;}\" data-image-title=\"pics chignon mariage rose nude quartz fleurs personnalisable cr\u00e9ation fran\u00e7aise cereza mademoiselle (3)\" data-image-description=\"\" data-image-caption=\"\" data-medium-file=\"https:\/\/www.mellecereza.fr\/blog\/wp-content\/uploads\/2016\/01\/pics-chignon-mariage-rose-nude-quartz-fleurs-personnalisable-cr\u00e9ation-fran\u00e7aise-cereza-mademoiselle-3-600x600.jpg\" data-large-file=\"https:\/\/www.mellecereza.fr\/blog\/wp-content\/uploads\/2016\/01\/pics-chignon-mariage-rose-nude-quartz-fleurs-personnalisable-cr\u00e9ation-fran\u00e7aise-cereza-mademoiselle-3.jpg\" decoding=\"async\" loading=\"lazy\" class=\"aligncenter size-medium wp-image-4544\" alt=\"mariage \u00e0 th\u00e8me rose quartz\" src=\"http:\/\/www.mellecereza.fr\/blog\/wp-content\/uploads\/2016\/01\/pics-chignon-mariage-rose-nude-quartz-fleurs-personnalisable-cr\u00e9ation-fran\u00e7aise-cereza-mademoiselle-3-600x600.jpg\" width=\"600\" height=\"600\" srcset=\"https:\/\/www.mellecereza.fr\/blog\/wp-content\/uploads\/2016\/01\/pics-chignon-mariage-rose-nude-quartz-fleurs-personnalisable-cr\u00e9ation-fran\u00e7aise-cereza-mademoiselle-3-600x600.jpg 600w, https:\/\/www.mellecereza.fr\/blog\/wp-content\/uploads\/2016\/01\/pics-chignon-mariage-rose-nude-quartz-fleurs-personnalisable-cr\u00e9ation-fran\u00e7aise-cereza-mademoiselle-3-450x450.jpg 450w, https:\/\/www.mellecereza.fr\/blog\/wp-content\/uploads\/2016\/01\/pics-chignon-mariage-rose-nude-quartz-fleurs-personnalisable-cr\u00e9ation-fran\u00e7aise-cereza-mademoiselle-3-210x210.jpg 210w, https:\/\/www.mellecereza.fr\/blog\/wp-content\/uploads\/2016\/01\/pics-chignon-mariage-rose-nude-quartz-fleurs-personnalisable-cr\u00e9ation-fran\u00e7aise-cereza-mademoiselle-3-60x60.jpg 60w, https:\/\/www.mellecereza.fr\/blog\/wp-content\/uploads\/2016\/01\/pics-chignon-mariage-rose-nude-quartz-fleurs-personnalisable-cr\u00e9ation-fran\u00e7aise-cereza-mademoiselle-3.jpg 800w\" sizes=\"(max-width: 600px) 100vw, 600px\" \/><\/a><\/p>\n<p>&nbsp;<\/p>\n<p style=\"text-align: center;\"><strong><a title=\"porte alliances coussin alliance dentelle fleur po\u00e9tique romantique\" href=\"http:\/\/www.mellecereza.fr\/porte-alliances-dentelle\/139-porte-alliances-original-dentelle-chic-appoline-.html\">L&rsquo;esprit po\u00e9tique et romantique du porte-alliances dentelle<\/a><\/strong> vous fait craquer en ce mois de janvier<\/p>\n<p style=\"text-align: center;\"><a href=\"http:\/\/www.mellecereza.fr\/porte-alliances-dentelle\/139-porte-alliances-original-dentelle-chic-appoline-.html\"><img data-attachment-id=\"3569\" data-permalink=\"https:\/\/www.mellecereza.fr\/blog\/nouveautes-mariage-romantique-jolis-accessoires\/nouveautes-mariage-romantique-jolis-accessoires-porte-alliances-original-dentelle-fleur-personnalisable-mademoiselle-cereza\/#main\" data-orig-file=\"https:\/\/www.mellecereza.fr\/blog\/wp-content\/uploads\/2015\/05\/nouveaut\u00e9s-mariage-romantique-jolis-accessoires-porte-alliances-original-dentelle-fleur-personnalisable-mademoiselle-cereza.jpg\" data-orig-size=\"800,800\" data-comments-opened=\"1\" data-image-meta=\"{&quot;aperture&quot;:&quot;3.3&quot;,&quot;credit&quot;:&quot;&quot;,&quot;camera&quot;:&quot;DMC-TZ5&quot;,&quot;caption&quot;:&quot;&quot;,&quot;created_timestamp&quot;:&quot;1430763743&quot;,&quot;copyright&quot;:&quot;&quot;,&quot;focal_length&quot;:&quot;4.7&quot;,&quot;iso&quot;:&quot;100&quot;,&quot;shutter_speed&quot;:&quot;0.0166666666667&quot;,&quot;title&quot;:&quot;&quot;}\" data-image-title=\"mariage dentelle romantique accessoire porte alliances original dentelle fleur personnalisable mademoiselle cereza\" data-image-description=\"\" data-image-caption=\"\" data-medium-file=\"https:\/\/www.mellecereza.fr\/blog\/wp-content\/uploads\/2015\/05\/nouveaut\u00e9s-mariage-romantique-jolis-accessoires-porte-alliances-original-dentelle-fleur-personnalisable-mademoiselle-cereza-600x600.jpg\" data-large-file=\"https:\/\/www.mellecereza.fr\/blog\/wp-content\/uploads\/2015\/05\/nouveaut\u00e9s-mariage-romantique-jolis-accessoires-porte-alliances-original-dentelle-fleur-personnalisable-mademoiselle-cereza.jpg\" decoding=\"async\" loading=\"lazy\" class=\"aligncenter size-medium wp-image-3569\" alt=\"mariage dentelle romantique accessoire porte alliances original dentelle fleur personnalisable mademoiselle cereza\" src=\"http:\/\/www.mellecereza.fr\/blog\/wp-content\/uploads\/2015\/05\/nouveaut\u00e9s-mariage-romantique-jolis-accessoires-porte-alliances-original-dentelle-fleur-personnalisable-mademoiselle-cereza-600x600.jpg\" width=\"600\" height=\"600\" srcset=\"https:\/\/www.mellecereza.fr\/blog\/wp-content\/uploads\/2015\/05\/nouveaut\u00e9s-mariage-romantique-jolis-accessoires-porte-alliances-original-dentelle-fleur-personnalisable-mademoiselle-cereza-600x600.jpg 600w, https:\/\/www.mellecereza.fr\/blog\/wp-content\/uploads\/2015\/05\/nouveaut\u00e9s-mariage-romantique-jolis-accessoires-porte-alliances-original-dentelle-fleur-personnalisable-mademoiselle-cereza-450x450.jpg 450w, https:\/\/www.mellecereza.fr\/blog\/wp-content\/uploads\/2015\/05\/nouveaut\u00e9s-mariage-romantique-jolis-accessoires-porte-alliances-original-dentelle-fleur-personnalisable-mademoiselle-cereza-210x210.jpg 210w, https:\/\/www.mellecereza.fr\/blog\/wp-content\/uploads\/2015\/05\/nouveaut\u00e9s-mariage-romantique-jolis-accessoires-porte-alliances-original-dentelle-fleur-personnalisable-mademoiselle-cereza-60x60.jpg 60w, https:\/\/www.mellecereza.fr\/blog\/wp-content\/uploads\/2015\/05\/nouveaut\u00e9s-mariage-romantique-jolis-accessoires-porte-alliances-original-dentelle-fleur-personnalisable-mademoiselle-cereza.jpg 800w\" sizes=\"(max-width: 600px) 100vw, 600px\" \/><\/a><\/p>\n<p style=\"text-align: center;\">Je ne sais pas chez vous, mais ici le retour du froid a \u00e9t\u00e9 synonyme de rhume &amp; toux ^^<\/p>\n<p style=\"text-align: center;\">Ma meilleure recette anti coup de froid : le citron chaud &amp; miel<\/p>\n<p style=\"text-align: center;\">Pressez 1\/2 citron (bio de pr\u00e9f\u00e9rence), versez dans votre tasse, ajouter 1 rondelle de citron, versez votre eau chaude, sucrez au miel<\/p>\n<p><a href=\"http:\/\/www.mellecereza.fr\/blog\/wp-content\/uploads\/2016\/01\/meilleure-recette-anti-coup-de-froid.jpg\"><img data-attachment-id=\"4548\" data-permalink=\"https:\/\/www.mellecereza.fr\/blog\/mariage-a-theme-st-valentin-latelier-150\/meilleure-recette-anti-coup-de-froid\/#main\" data-orig-file=\"https:\/\/www.mellecereza.fr\/blog\/wp-content\/uploads\/2016\/01\/meilleure-recette-anti-coup-de-froid.jpg\" data-orig-size=\"620,330\" data-comments-opened=\"1\" data-image-meta=\"{&quot;aperture&quot;:&quot;0&quot;,&quot;credit&quot;:&quot;&quot;,&quot;camera&quot;:&quot;&quot;,&quot;caption&quot;:&quot;&quot;,&quot;created_timestamp&quot;:&quot;0&quot;,&quot;copyright&quot;:&quot;&quot;,&quot;focal_length&quot;:&quot;0&quot;,&quot;iso&quot;:&quot;0&quot;,&quot;shutter_speed&quot;:&quot;0&quot;,&quot;title&quot;:&quot;&quot;}\" data-image-title=\"meilleure recette anti coup de froid\" data-image-description=\"\" data-image-caption=\"\" data-medium-file=\"https:\/\/www.mellecereza.fr\/blog\/wp-content\/uploads\/2016\/01\/meilleure-recette-anti-coup-de-froid-600x319.jpg\" data-large-file=\"https:\/\/www.mellecereza.fr\/blog\/wp-content\/uploads\/2016\/01\/meilleure-recette-anti-coup-de-froid.jpg\" decoding=\"async\" loading=\"lazy\" class=\"aligncenter size-medium wp-image-4548\" alt=\"meilleure recette anti coup de froid\" src=\"http:\/\/www.mellecereza.fr\/blog\/wp-content\/uploads\/2016\/01\/meilleure-recette-anti-coup-de-froid-600x319.jpg\" width=\"600\" height=\"319\" srcset=\"https:\/\/www.mellecereza.fr\/blog\/wp-content\/uploads\/2016\/01\/meilleure-recette-anti-coup-de-froid-600x319.jpg 600w, https:\/\/www.mellecereza.fr\/blog\/wp-content\/uploads\/2016\/01\/meilleure-recette-anti-coup-de-froid-450x239.jpg 450w, https:\/\/www.mellecereza.fr\/blog\/wp-content\/uploads\/2016\/01\/meilleure-recette-anti-coup-de-froid.jpg 620w\" sizes=\"(max-width: 600px) 100vw, 600px\" \/><\/a><\/p>\n<div class=\"post_signature\"><img src=\"https:\/\/www.mellecereza.fr\/blog\/wp-content\/uploads\/2020\/02\/sign-200-FEV-15d1.png\" \/><\/div>","protected":false},"excerpt":{"rendered":"<p>Mariage \u00e0 th\u00e8me &amp; une surprise pour la Saint Valentin ! Le mariage \u00e0 th\u00e8me \u00e9tait \u00e0 l&rsquo;honneur cette semaine dans l&rsquo;atelier : mariage \u00e0 th\u00e8me mer, mariage \u00e0 th\u00e8me dentelle, mariage \u00e0 th\u00e8me musique &#8230; Bref nous avons g\u00e2t\u00e9&#8230;<\/p>\n","protected":false},"author":1,"featured_media":4542,"comment_status":"open","ping_status":"open","sticky":false,"template":"","format":"standard","meta":{"jetpack_post_was_ever_published":false,"jetpack_publicize_message":"","jetpack_is_tweetstorm":false,"jetpack_publicize_feature_enabled":true,"jetpack_social_post_already_shared":true,"jetpack_social_options":{"image_generator_settings":{"template":"highway","enabled":false}}},"categories":[19],"tags":[439,440,438,258],"jetpack_publicize_connections":[],"yoast_head":"<!-- This site is optimized with the Yoast SEO plugin v20.3 - https:\/\/yoast.com\/wordpress\/plugins\/seo\/ -->\n<title>Mariage \u00e0 th\u00e8me &amp; St Valentin, dans l&#039;atelier #150 - Melle Cereza blog mariage original<\/title>\n<meta name=\"robots\" content=\"index, follow, max-snippet:-1, max-image-preview:large, max-video-preview:-1\" \/>\n<link rel=\"canonical\" href=\"https:\/\/www.mellecereza.fr\/blog\/mariage-a-theme-st-valentin-latelier-150\/\" \/>\n<meta property=\"og:locale\" content=\"fr_FR\" \/>\n<meta property=\"og:type\" content=\"article\" \/>\n<meta property=\"og:title\" content=\"Mariage \u00e0 th\u00e8me &amp; St Valentin, dans l&#039;atelier #150 - Melle Cereza blog mariage original\" \/>\n<meta property=\"og:description\" content=\"Mariage \u00e0 th\u00e8me &amp; une surprise pour la Saint Valentin ! Le mariage \u00e0 th\u00e8me \u00e9tait \u00e0 l&rsquo;honneur cette semaine dans l&rsquo;atelier : mariage \u00e0 th\u00e8me mer, mariage \u00e0 th\u00e8me dentelle, mariage \u00e0 th\u00e8me musique &#8230; Bref nous avons g\u00e2t\u00e9...\" \/>\n<meta property=\"og:url\" content=\"https:\/\/www.mellecereza.fr\/blog\/mariage-a-theme-st-valentin-latelier-150\/\" \/>\n<meta property=\"og:site_name\" content=\"Melle Cereza blog mariage original\" \/>\n<meta property=\"article:published_time\" content=\"2016-01-24T07:00:50+00:00\" \/>\n<meta property=\"article:modified_time\" content=\"2016-02-17T10:35:58+00:00\" \/>\n<meta property=\"og:image\" content=\"https:\/\/www.mellecereza.fr\/blog\/wp-content\/uploads\/2016\/01\/50r-mariage-\u00e0-th\u00e8me-mer-dentelle-plume-musique-cereza-mademoiselle.jpg\" \/>\n\t<meta property=\"og:image:width\" content=\"800\" \/>\n\t<meta property=\"og:image:height\" content=\"600\" \/>\n\t<meta property=\"og:image:type\" content=\"image\/jpeg\" \/>\n<meta name=\"author\" content=\"Cerise\" \/>\n<meta name=\"twitter:label1\" content=\"\u00c9crit par\" \/>\n\t<meta name=\"twitter:data1\" content=\"Cerise\" \/>\n\t<meta name=\"twitter:label2\" content=\"Dur\u00e9e de lecture estim\u00e9e\" \/>\n\t<meta name=\"twitter:data2\" content=\"1 minute\" \/>\n<script type=\"application\/ld+json\" class=\"yoast-schema-graph\">{\"@context\":\"https:\/\/schema.org\",\"@graph\":[{\"@type\":\"WebPage\",\"@id\":\"https:\/\/www.mellecereza.fr\/blog\/mariage-a-theme-st-valentin-latelier-150\/\",\"url\":\"https:\/\/www.mellecereza.fr\/blog\/mariage-a-theme-st-valentin-latelier-150\/\",\"name\":\"Mariage \u00e0 th\u00e8me & St Valentin, dans l'atelier #150 - Melle Cereza blog mariage original\",\"isPartOf\":{\"@id\":\"https:\/\/www.mellecereza.fr\/blog\/#website\"},\"datePublished\":\"2016-01-24T07:00:50+00:00\",\"dateModified\":\"2016-02-17T10:35:58+00:00\",\"author\":{\"@id\":\"https:\/\/www.mellecereza.fr\/blog\/#\/schema\/person\/3ad20d39d7b07a33b39c2e111d852118\"},\"breadcrumb\":{\"@id\":\"https:\/\/www.mellecereza.fr\/blog\/mariage-a-theme-st-valentin-latelier-150\/#breadcrumb\"},\"inLanguage\":\"fr-FR\",\"potentialAction\":[{\"@type\":\"ReadAction\",\"target\":[\"https:\/\/www.mellecereza.fr\/blog\/mariage-a-theme-st-valentin-latelier-150\/\"]}]},{\"@type\":\"BreadcrumbList\",\"@id\":\"https:\/\/www.mellecereza.fr\/blog\/mariage-a-theme-st-valentin-latelier-150\/#breadcrumb\",\"itemListElement\":[{\"@type\":\"ListItem\",\"position\":1,\"name\":\"Accueil\",\"item\":\"https:\/\/www.mellecereza.fr\/blog\/\"},{\"@type\":\"ListItem\",\"position\":2,\"name\":\"Mariage \u00e0 th\u00e8me &#038; St Valentin, dans l&rsquo;atelier #150\"}]},{\"@type\":\"WebSite\",\"@id\":\"https:\/\/www.mellecereza.fr\/blog\/#website\",\"url\":\"https:\/\/www.mellecereza.fr\/blog\/\",\"name\":\"Melle Cereza blog mariage original\",\"description\":\"Id\u00e9es et inspirations pour un joli mariage original, id\u00e9es d\u00e9co, bouquet, bijoux &amp; accessoires\",\"potentialAction\":[{\"@type\":\"SearchAction\",\"target\":{\"@type\":\"EntryPoint\",\"urlTemplate\":\"https:\/\/www.mellecereza.fr\/blog\/?s={search_term_string}\"},\"query-input\":\"required name=search_term_string\"}],\"inLanguage\":\"fr-FR\"},{\"@type\":\"Person\",\"@id\":\"https:\/\/www.mellecereza.fr\/blog\/#\/schema\/person\/3ad20d39d7b07a33b39c2e111d852118\",\"name\":\"Cerise\",\"image\":{\"@type\":\"ImageObject\",\"inLanguage\":\"fr-FR\",\"@id\":\"https:\/\/www.mellecereza.fr\/blog\/#\/schema\/person\/image\/\",\"url\":\"https:\/\/secure.gravatar.com\/avatar\/f8aa59be965caf71440dfd118dcb3362?s=96&d=identicon&r=g\",\"contentUrl\":\"https:\/\/secure.gravatar.com\/avatar\/f8aa59be965caf71440dfd118dcb3362?s=96&d=identicon&r=g\",\"caption\":\"Cerise\"},\"url\":\"https:\/\/www.mellecereza.fr\/blog\/author\/cerise\/\"}]}<\/script>\n<!-- \/ Yoast SEO plugin. -->","yoast_head_json":{"title":"Mariage \u00e0 th\u00e8me & St Valentin, dans l'atelier #150 - Melle Cereza blog mariage original","robots":{"index":"index","follow":"follow","max-snippet":"max-snippet:-1","max-image-preview":"max-image-preview:large","max-video-preview":"max-video-preview:-1"},"canonical":"https:\/\/www.mellecereza.fr\/blog\/mariage-a-theme-st-valentin-latelier-150\/","og_locale":"fr_FR","og_type":"article","og_title":"Mariage \u00e0 th\u00e8me & St Valentin, dans l'atelier #150 - Melle Cereza blog mariage original","og_description":"Mariage \u00e0 th\u00e8me &amp; une surprise pour la Saint Valentin ! Le mariage \u00e0 th\u00e8me \u00e9tait \u00e0 l&rsquo;honneur cette semaine dans l&rsquo;atelier : mariage \u00e0 th\u00e8me mer, mariage \u00e0 th\u00e8me dentelle, mariage \u00e0 th\u00e8me musique &#8230; Bref nous avons g\u00e2t\u00e9...","og_url":"https:\/\/www.mellecereza.fr\/blog\/mariage-a-theme-st-valentin-latelier-150\/","og_site_name":"Melle Cereza blog mariage original","article_published_time":"2016-01-24T07:00:50+00:00","article_modified_time":"2016-02-17T10:35:58+00:00","og_image":[{"width":800,"height":600,"url":"https:\/\/www.mellecereza.fr\/blog\/wp-content\/uploads\/2016\/01\/50r-mariage-\u00e0-th\u00e8me-mer-dentelle-plume-musique-cereza-mademoiselle.jpg","type":"image\/jpeg"}],"author":"Cerise","twitter_misc":{"\u00c9crit par":"Cerise","Dur\u00e9e de lecture estim\u00e9e":"1 minute"},"schema":{"@context":"https:\/\/schema.org","@graph":[{"@type":"WebPage","@id":"https:\/\/www.mellecereza.fr\/blog\/mariage-a-theme-st-valentin-latelier-150\/","url":"https:\/\/www.mellecereza.fr\/blog\/mariage-a-theme-st-valentin-latelier-150\/","name":"Mariage \u00e0 th\u00e8me & St Valentin, dans l'atelier #150 - Melle Cereza blog mariage original","isPartOf":{"@id":"https:\/\/www.mellecereza.fr\/blog\/#website"},"datePublished":"2016-01-24T07:00:50+00:00","dateModified":"2016-02-17T10:35:58+00:00","author":{"@id":"https:\/\/www.mellecereza.fr\/blog\/#\/schema\/person\/3ad20d39d7b07a33b39c2e111d852118"},"breadcrumb":{"@id":"https:\/\/www.mellecereza.fr\/blog\/mariage-a-theme-st-valentin-latelier-150\/#breadcrumb"},"inLanguage":"fr-FR","potentialAction":[{"@type":"ReadAction","target":["https:\/\/www.mellecereza.fr\/blog\/mariage-a-theme-st-valentin-latelier-150\/"]}]},{"@type":"BreadcrumbList","@id":"https:\/\/www.mellecereza.fr\/blog\/mariage-a-theme-st-valentin-latelier-150\/#breadcrumb","itemListElement":[{"@type":"ListItem","position":1,"name":"Accueil","item":"https:\/\/www.mellecereza.fr\/blog\/"},{"@type":"ListItem","position":2,"name":"Mariage \u00e0 th\u00e8me &#038; St Valentin, dans l&rsquo;atelier #150"}]},{"@type":"WebSite","@id":"https:\/\/www.mellecereza.fr\/blog\/#website","url":"https:\/\/www.mellecereza.fr\/blog\/","name":"Melle Cereza blog mariage original","description":"Id\u00e9es et inspirations pour un joli mariage original, id\u00e9es d\u00e9co, bouquet, bijoux &amp; accessoires","potentialAction":[{"@type":"SearchAction","target":{"@type":"EntryPoint","urlTemplate":"https:\/\/www.mellecereza.fr\/blog\/?s={search_term_string}"},"query-input":"required name=search_term_string"}],"inLanguage":"fr-FR"},{"@type":"Person","@id":"https:\/\/www.mellecereza.fr\/blog\/#\/schema\/person\/3ad20d39d7b07a33b39c2e111d852118","name":"Cerise","image":{"@type":"ImageObject","inLanguage":"fr-FR","@id":"https:\/\/www.mellecereza.fr\/blog\/#\/schema\/person\/image\/","url":"https:\/\/secure.gravatar.com\/avatar\/f8aa59be965caf71440dfd118dcb3362?s=96&d=identicon&r=g","contentUrl":"https:\/\/secure.gravatar.com\/avatar\/f8aa59be965caf71440dfd118dcb3362?s=96&d=identicon&r=g","caption":"Cerise"},"url":"https:\/\/www.mellecereza.fr\/blog\/author\/cerise\/"}]}},"jetpack_featured_media_url":"https:\/\/www.mellecereza.fr\/blog\/wp-content\/uploads\/2016\/01\/50r-mariage-\u00e0-th\u00e8me-mer-dentelle-plume-musique-cereza-mademoiselle.jpg","jetpack_shortlink":"https:\/\/wp.me\/p4ptN6-1bf","jetpack_sharing_enabled":true,"jetpack-related-posts":[{"id":4622,"url":"https:\/\/www.mellecereza.fr\/blog\/boite-alliances-fleur-boutonniere-latelier-152\/","url_meta":{"origin":4541,"position":0},"title":"Boite alliances fleur et boutonni\u00e8re, l&rsquo;atelier #152","date":"9 f\u00e9vrier 2016","format":false,"excerpt":"Boite alliances fleur et boutonni\u00e8re : une semaine dans l'atelier de Mademoiselle Cereza #152 Une semaine dans l'atelier de Mademoiselle Cereza ne ressemble jamais \u00e0 aucune autre semaine. Une semaine est jalonn\u00e9e de jolies rencontres qu'elles soient virtuelles par e-mail, via les r\u00e9seaux sociaux ou en direct, il y a\u2026","rel":"","context":"Dans &quot;Dans l'atelier&quot;","img":{"alt_text":"boite a alliances mariage original boutonniere personnalisable","src":"https:\/\/i0.wp.com\/www.mellecereza.fr\/blog\/wp-content\/uploads\/2016\/02\/52r-boite-alliances-fleur-et-boutonni\u00e8re-cereza-mademoiselle.jpg?resize=350%2C200&ssl=1","width":350,"height":200},"classes":[]},{"id":2997,"url":"https:\/\/www.mellecereza.fr\/blog\/porte-alliance-floral-original-latelier-115\/","url_meta":{"origin":4541,"position":1},"title":"Porte-alliance floral original, dans l&rsquo;atelier #115","date":"8 f\u00e9vrier 2015","format":false,"excerpt":"Porte-alliance floral original c'est le menu de la semaine dans l'atelier ;) \u00a0 \u00a0 \u00a0Personnaliser un porte-alliance floral original aux couleurs des futurs mari\u00e9s : rose, gris & ivoire. Imaginer les deux petits bouts qui vont porter chacun la pr\u00e9cieuse fleur et son alliance ... \u00a0Dans un th\u00e8me totalement mariage\u2026","rel":"","context":"Dans &quot;Dans l'atelier&quot;","img":{"alt_text":"","src":"https:\/\/i0.wp.com\/www.mellecereza.fr\/blog\/wp-content\/uploads\/2015\/02\/115r-porte-alliance-floral-original-personnalise-accessoires-mariage-sur-mesure-cereza-mademoiselle.jpg?resize=350%2C200&ssl=1","width":350,"height":200},"classes":[]},{"id":5861,"url":"https:\/\/www.mellecereza.fr\/blog\/bijoux-perles-rose-1-semaine-latelier\/","url_meta":{"origin":4541,"position":2},"title":"Des bijoux perles rose et &#8230; 1 semaine dans l&rsquo;atelier","date":"19 f\u00e9vrier 2017","format":false,"excerpt":"Des bijoux perles rose pour 1 semaine tr\u00e8s chic dans l'atelier Une semaine dans l'atelier o\u00f9 les bijoux perles ont tenu le 1er r\u00f4le, de quoi faire p\u00e2lir d'envie toute future mari\u00e9e romantique \u2665 \u00a0Des bijoux perles rose et blanc \u2665 Un nouveau mod\u00e8le de pics pr\u00e9cieux pour vos jolies\u2026","rel":"","context":"Dans &quot;Dans l'atelier&quot;","img":{"alt_text":"bijoux perles rose coiffure mariage chic","src":"https:\/\/i0.wp.com\/www.mellecereza.fr\/blog\/wp-content\/uploads\/2017\/02\/83r-bijoux-perles-rose-mariage-mademoiselle-cereza-deco.jpg?resize=350%2C200&ssl=1","width":350,"height":200},"classes":[]},{"id":5908,"url":"https:\/\/www.mellecereza.fr\/blog\/fleur-rose-coiffure-mariage-1-semaine-latelier\/","url_meta":{"origin":4541,"position":3},"title":"Fleur rose pour coiffure de mariage, 1 semaine dans l&rsquo;atelier","date":"11 mars 2017","format":false,"excerpt":"Fleur rose pour coiffure de mariage, 1 semaine dans les coulisses de l'atelier Mademoiselle Cereza Une fleur rose pour coiffure de mariage mais attention : chacune sa fleur rose personnalis\u00e9e, adapt\u00e9e \u00e0 son th\u00e8me. Pour la mari\u00e9e comme pour les petites filles d'honneur de son cort\u00e8ge, les fleurs de coiffure\u2026","rel":"","context":"Dans &quot;Dans l'atelier&quot;","img":{"alt_text":"fleur rose pour coiffure de mariage","src":"https:\/\/i0.wp.com\/www.mellecereza.fr\/blog\/wp-content\/uploads\/2017\/03\/85r-fleur-rose-pour-coiffure-de-mariage-mademoiselle-cereza-deco.jpg?resize=350%2C200&ssl=1","width":350,"height":200},"classes":[]},{"id":3227,"url":"https:\/\/www.mellecereza.fr\/blog\/mariage-nature-a-lyon-latelier-120\/","url_meta":{"origin":4541,"position":4},"title":"Mariage nature, \u00e0 Lyon, dans l&rsquo;atelier #120","date":"22 mars 2015","format":false,"excerpt":"Mariage nature, \u00e0 Lyon et . . . Une jolie & intense semaine s'est \u00e9coul\u00e9e dans l'atelier entre propositions pour un mariage nature champ\u00eatre, \u00e9changer avec une future mari\u00e9e musicienne et enfiler mes talons hauts pour filer parler mariage \u00e0 Lyon je n'ai pas vu le temps passer ! Petit\u2026","rel":"","context":"Dans &quot;Dans l'atelier&quot;","img":{"alt_text":"","src":"https:\/\/i0.wp.com\/www.mellecereza.fr\/blog\/wp-content\/uploads\/2015\/03\/120r-mariage-nature-\u00e0-Lyon-cereza-mademoiselle.jpg?resize=350%2C200&ssl=1","width":350,"height":200},"classes":[]},{"id":583,"url":"https:\/\/www.mellecereza.fr\/blog\/mariage-douceur-pastel\/","url_meta":{"origin":4541,"position":5},"title":"Mariage douceur pastel Une semaine dans l&rsquo;atelier #78","date":"6 avril 2014","format":false,"excerpt":"Hello Ladies & Grooms L'atelier s'est mis en mode mariage\u00a0douceur pastel cette semaine. Les futures mari\u00e9es ont eu envie de dentelle aux reflets argent, de rose et gris, de plumes ... Je vous montre en d\u00e9tail ? Les fleurs d'un futur bouquet de mari\u00e9e personnalis\u00e9 en blanc cass\u00e9 et dentelle\u2026","rel":"","context":"Dans &quot;Dans l'atelier&quot;","img":{"alt_text":"","src":"https:\/\/i0.wp.com\/www.mellecereza.fr\/blog\/wp-content\/uploads\/2014\/04\/78r-6-AVRIL-mariage-rose-gris-champ\u00eatre-lin-dentelle-argent-parme-porte-alliance-personnalis\u00e9-violet-cereza-deco.jpg?resize=350%2C200&ssl=1","width":350,"height":200},"classes":[]}],"_links":{"self":[{"href":"https:\/\/www.mellecereza.fr\/blog\/wp-json\/wp\/v2\/posts\/4541"}],"collection":[{"href":"https:\/\/www.mellecereza.fr\/blog\/wp-json\/wp\/v2\/posts"}],"about":[{"href":"https:\/\/www.mellecereza.fr\/blog\/wp-json\/wp\/v2\/types\/post"}],"author":[{"embeddable":true,"href":"https:\/\/www.mellecereza.fr\/blog\/wp-json\/wp\/v2\/users\/1"}],"replies":[{"embeddable":true,"href":"https:\/\/www.mellecereza.fr\/blog\/wp-json\/wp\/v2\/comments?post=4541"}],"version-history":[{"count":7,"href":"https:\/\/www.mellecereza.fr\/blog\/wp-json\/wp\/v2\/posts\/4541\/revisions"}],"predecessor-version":[{"id":4721,"href":"https:\/\/www.mellecereza.fr\/blog\/wp-json\/wp\/v2\/posts\/4541\/revisions\/4721"}],"wp:featuredmedia":[{"embeddable":true,"href":"https:\/\/www.mellecereza.fr\/blog\/wp-json\/wp\/v2\/media\/4542"}],"wp:attachment":[{"href":"https:\/\/www.mellecereza.fr\/blog\/wp-json\/wp\/v2\/media?parent=4541"}],"wp:term":[{"taxonomy":"category","embeddable":true,"href":"https:\/\/www.mellecereza.fr\/blog\/wp-json\/wp\/v2\/categories?post=4541"},{"taxonomy":"post_tag","embeddable":true,"href":"https:\/\/www.mellecereza.fr\/blog\/wp-json\/wp\/v2\/tags?post=4541"}],"curies":[{"name":"wp","href":"https:\/\/api.w.org\/{rel}","templated":true}]}}