{"id":5751,"date":"2016-12-29T12:58:52","date_gmt":"2016-12-29T10:58:52","guid":{"rendered":"http:\/\/www.mellecereza.fr\/blog\/?p=5751"},"modified":"2016-12-29T12:59:54","modified_gmt":"2016-12-29T10:59:54","slug":"headband-mariage-chic-1-semaine-latelier","status":"publish","type":"post","link":"https:\/\/www.mellecereza.fr\/blog\/headband-mariage-chic-1-semaine-latelier\/","title":{"rendered":"Headband mariage chic et &#8230; 1 semaine dans l&rsquo;atelier"},"content":{"rendered":"<h4><span style=\"color: #d82775;\">Headband mariage chic et d\u00e9but de la saison mariage dans l&rsquo;atelier Mademoiselle Cereza<\/span><\/h4>\n<p><a href=\"http:\/\/www.mellecereza.fr\/blog\/wp-content\/uploads\/2016\/12\/79-headband-bijoux-mariage-accessoires-mademoiselle-cereza-deco.jpg\"><img data-attachment-id=\"5752\" data-permalink=\"https:\/\/www.mellecereza.fr\/blog\/headband-mariage-chic-1-semaine-latelier\/79-headband-bijoux-mariage-accessoires-mademoiselle-cereza-deco\/#main\" data-orig-file=\"https:\/\/www.mellecereza.fr\/blog\/wp-content\/uploads\/2016\/12\/79-headband-bijoux-mariage-accessoires-mademoiselle-cereza-deco.jpg\" data-orig-size=\"800,600\" data-comments-opened=\"1\" data-image-meta=\"{&quot;aperture&quot;:&quot;0&quot;,&quot;credit&quot;:&quot;Picasa&quot;,&quot;camera&quot;:&quot;&quot;,&quot;caption&quot;:&quot;&quot;,&quot;created_timestamp&quot;:&quot;1483001622&quot;,&quot;copyright&quot;:&quot;&quot;,&quot;focal_length&quot;:&quot;0&quot;,&quot;iso&quot;:&quot;0&quot;,&quot;shutter_speed&quot;:&quot;0&quot;,&quot;title&quot;:&quot;&quot;}\" data-image-title=\"headband-bijoux-mariage-accessoires-mademoiselle-cereza-deco\" data-image-description=\"\" data-image-caption=\"\" data-medium-file=\"https:\/\/www.mellecereza.fr\/blog\/wp-content\/uploads\/2016\/12\/79-headband-bijoux-mariage-accessoires-mademoiselle-cereza-deco-600x450.jpg\" data-large-file=\"https:\/\/www.mellecereza.fr\/blog\/wp-content\/uploads\/2016\/12\/79-headband-bijoux-mariage-accessoires-mademoiselle-cereza-deco.jpg\" decoding=\"async\" loading=\"lazy\" class=\"aligncenter size-medium wp-image-5752\" alt=\"headband mariage chic bijoux\" src=\"http:\/\/www.mellecereza.fr\/blog\/wp-content\/uploads\/2016\/12\/79-headband-bijoux-mariage-accessoires-mademoiselle-cereza-deco-600x450.jpg\" width=\"600\" height=\"450\" srcset=\"https:\/\/www.mellecereza.fr\/blog\/wp-content\/uploads\/2016\/12\/79-headband-bijoux-mariage-accessoires-mademoiselle-cereza-deco-600x450.jpg 600w, https:\/\/www.mellecereza.fr\/blog\/wp-content\/uploads\/2016\/12\/79-headband-bijoux-mariage-accessoires-mademoiselle-cereza-deco-450x337.jpg 450w, https:\/\/www.mellecereza.fr\/blog\/wp-content\/uploads\/2016\/12\/79-headband-bijoux-mariage-accessoires-mademoiselle-cereza-deco.jpg 800w\" sizes=\"(max-width: 600px) 100vw, 600px\" \/><\/a><\/p>\n<p>&nbsp;<\/p>\n<p>&nbsp;<\/p>\n<p style=\"text-align: center;\">\u00a0Recevoir la photo du headband mariage chic Alyssa port\u00e9 par la p\u00e9tillante Tiffany de mari\u00e9s au 1er regard \u2665 \u2665<\/p>\n<p style=\"text-align: center;\">Photo Ana\u00efs Roguiez<\/p>\n<p style=\"text-align: center;\"><em><a title=\"headband mariage chic id\u00e9e coiffure mari\u00e9e simple\" href=\"http:\/\/www.mellecereza.fr\/bijoux-de-tete\/344-headband-mariage-chic-perles-cristal-feuillage-nature-alyssa.html\">Headband mariage chic mod\u00e8le Alyssa<\/a><\/em><\/p>\n<p><a href=\"http:\/\/www.mellecereza.fr\/bijoux-de-tete\/344-headband-mariage-chic-perles-cristal-feuillage-nature-alyssa.html\"><img data-attachment-id=\"5728\" data-permalink=\"https:\/\/www.mellecereza.fr\/blog\/bijou-de-tete-mariage-ornement-coiffure\/coiffure-tiffany-maries-regard-headband-mariage-chic-couronne-feuilles-cristal-perles-mademoiselle-cereza-alyssa\/#main\" data-orig-file=\"https:\/\/www.mellecereza.fr\/blog\/wp-content\/uploads\/2016\/12\/coiffure-tiffany-maries-regard-headband-mariage-chic-couronne-feuilles-cristal-perles-mademoiselle-cereza-Alyssa.jpg\" data-orig-size=\"1000,999\" data-comments-opened=\"1\" data-image-meta=\"{&quot;aperture&quot;:&quot;1.8&quot;,&quot;credit&quot;:&quot;AroguiezPhotographie&quot;,&quot;camera&quot;:&quot;Canon EOS 7D Mark II&quot;,&quot;caption&quot;:&quot;&quot;,&quot;created_timestamp&quot;:&quot;1478010404&quot;,&quot;copyright&quot;:&quot;&quot;,&quot;focal_length&quot;:&quot;50&quot;,&quot;iso&quot;:&quot;160&quot;,&quot;shutter_speed&quot;:&quot;0.00125&quot;,&quot;title&quot;:&quot;&quot;}\" data-image-title=\"coiffure-tiffany-maries-regard-headband-mariage-chic-couronne-feuilles-cristal-perles-mademoiselle-cereza-alyssa\" data-image-description=\"\" data-image-caption=\"\" data-medium-file=\"https:\/\/www.mellecereza.fr\/blog\/wp-content\/uploads\/2016\/12\/coiffure-tiffany-maries-regard-headband-mariage-chic-couronne-feuilles-cristal-perles-mademoiselle-cereza-Alyssa-600x600.jpg\" data-large-file=\"https:\/\/www.mellecereza.fr\/blog\/wp-content\/uploads\/2016\/12\/coiffure-tiffany-maries-regard-headband-mariage-chic-couronne-feuilles-cristal-perles-mademoiselle-cereza-Alyssa.jpg\" decoding=\"async\" loading=\"lazy\" class=\"aligncenter size-medium wp-image-5728\" alt=\"headband mariage chic perles cristal feuilles nature\" src=\"http:\/\/www.mellecereza.fr\/blog\/wp-content\/uploads\/2016\/12\/coiffure-tiffany-maries-regard-headband-mariage-chic-couronne-feuilles-cristal-perles-mademoiselle-cereza-Alyssa-600x600.jpg\" width=\"600\" height=\"600\" srcset=\"https:\/\/www.mellecereza.fr\/blog\/wp-content\/uploads\/2016\/12\/coiffure-tiffany-maries-regard-headband-mariage-chic-couronne-feuilles-cristal-perles-mademoiselle-cereza-Alyssa-600x600.jpg 600w, https:\/\/www.mellecereza.fr\/blog\/wp-content\/uploads\/2016\/12\/coiffure-tiffany-maries-regard-headband-mariage-chic-couronne-feuilles-cristal-perles-mademoiselle-cereza-Alyssa-450x450.jpg 450w, https:\/\/www.mellecereza.fr\/blog\/wp-content\/uploads\/2016\/12\/coiffure-tiffany-maries-regard-headband-mariage-chic-couronne-feuilles-cristal-perles-mademoiselle-cereza-Alyssa-210x210.jpg 210w, https:\/\/www.mellecereza.fr\/blog\/wp-content\/uploads\/2016\/12\/coiffure-tiffany-maries-regard-headband-mariage-chic-couronne-feuilles-cristal-perles-mademoiselle-cereza-Alyssa-60x60.jpg 60w, https:\/\/www.mellecereza.fr\/blog\/wp-content\/uploads\/2016\/12\/coiffure-tiffany-maries-regard-headband-mariage-chic-couronne-feuilles-cristal-perles-mademoiselle-cereza-Alyssa.jpg 1000w\" sizes=\"(max-width: 600px) 100vw, 600px\" \/><\/a><\/p>\n<p>&nbsp;<\/p>\n<p style=\"text-align: center;\">\u2606\u00a0\u2606\u00a0Nouveaut\u00e9\u00a0\u2606\u00a0\u2606<\/p>\n<p style=\"text-align: center;\">Pour porter votre Quelque chose de bleu en toute simplicit\u00e9 et le chic de cristaux Swarovski<\/p>\n<p style=\"text-align: center;\"><a title=\"bijou mariage bleu bracelet perle cristal Swarovski\" href=\"http:\/\/www.mellecereza.fr\/bracelets\/346-quelque-chose-de-bleu-bracelet-mariee-cristal-swarovski-bijou-mariage.html\"><em>Bracelet quelque chose de bleu mod\u00e8le C\u00e9leste<\/em><\/a><\/p>\n<p><a href=\"http:\/\/www.mellecereza.fr\/bracelets\/346-quelque-chose-de-bleu-bracelet-mariee-cristal-swarovski-bijou-mariage.html\"><img data-attachment-id=\"5753\" data-permalink=\"https:\/\/www.mellecereza.fr\/blog\/headband-mariage-chic-1-semaine-latelier\/quelque-chose-de-bleu-bracelet-mariage-swarovski-bleu-sobre-chic-simple-cristal-melle-cereza-deco-8gph2\/#main\" data-orig-file=\"https:\/\/www.mellecereza.fr\/blog\/wp-content\/uploads\/2016\/12\/quelque-chose-de-bleu-bracelet-mariage-swarovski-bleu-sobre-chic-simple-cristal-melle-cereza-deco-8gph2.jpg\" data-orig-size=\"1000,1000\" data-comments-opened=\"1\" data-image-meta=\"{&quot;aperture&quot;:&quot;3.3&quot;,&quot;credit&quot;:&quot;&quot;,&quot;camera&quot;:&quot;DMC-TZ5&quot;,&quot;caption&quot;:&quot;&quot;,&quot;created_timestamp&quot;:&quot;1481637201&quot;,&quot;copyright&quot;:&quot;&quot;,&quot;focal_length&quot;:&quot;4.7&quot;,&quot;iso&quot;:&quot;100&quot;,&quot;shutter_speed&quot;:&quot;0.025&quot;,&quot;title&quot;:&quot;&quot;}\" data-image-title=\"quelque-chose-de-bleu-bracelet-mariage-swarovski-bleu-sobre-chic-simple-cristal-melle-cereza-deco-8gph2\" data-image-description=\"\" data-image-caption=\"\" data-medium-file=\"https:\/\/www.mellecereza.fr\/blog\/wp-content\/uploads\/2016\/12\/quelque-chose-de-bleu-bracelet-mariage-swarovski-bleu-sobre-chic-simple-cristal-melle-cereza-deco-8gph2-600x600.jpg\" data-large-file=\"https:\/\/www.mellecereza.fr\/blog\/wp-content\/uploads\/2016\/12\/quelque-chose-de-bleu-bracelet-mariage-swarovski-bleu-sobre-chic-simple-cristal-melle-cereza-deco-8gph2.jpg\" decoding=\"async\" loading=\"lazy\" class=\"aligncenter size-medium wp-image-5753\" alt=\"bijou mariage bleu quelque chose de bleu bracelet mariee\" src=\"http:\/\/www.mellecereza.fr\/blog\/wp-content\/uploads\/2016\/12\/quelque-chose-de-bleu-bracelet-mariage-swarovski-bleu-sobre-chic-simple-cristal-melle-cereza-deco-8gph2-600x600.jpg\" width=\"600\" height=\"600\" srcset=\"https:\/\/www.mellecereza.fr\/blog\/wp-content\/uploads\/2016\/12\/quelque-chose-de-bleu-bracelet-mariage-swarovski-bleu-sobre-chic-simple-cristal-melle-cereza-deco-8gph2-600x600.jpg 600w, https:\/\/www.mellecereza.fr\/blog\/wp-content\/uploads\/2016\/12\/quelque-chose-de-bleu-bracelet-mariage-swarovski-bleu-sobre-chic-simple-cristal-melle-cereza-deco-8gph2-450x450.jpg 450w, https:\/\/www.mellecereza.fr\/blog\/wp-content\/uploads\/2016\/12\/quelque-chose-de-bleu-bracelet-mariage-swarovski-bleu-sobre-chic-simple-cristal-melle-cereza-deco-8gph2-210x210.jpg 210w, https:\/\/www.mellecereza.fr\/blog\/wp-content\/uploads\/2016\/12\/quelque-chose-de-bleu-bracelet-mariage-swarovski-bleu-sobre-chic-simple-cristal-melle-cereza-deco-8gph2-60x60.jpg 60w, https:\/\/www.mellecereza.fr\/blog\/wp-content\/uploads\/2016\/12\/quelque-chose-de-bleu-bracelet-mariage-swarovski-bleu-sobre-chic-simple-cristal-melle-cereza-deco-8gph2.jpg 1000w\" sizes=\"(max-width: 600px) 100vw, 600px\" \/><\/a><\/p>\n<p style=\"text-align: center;\">\u00a0La jolie inspiration robe de mari\u00e9e de la semaine<\/p>\n<p style=\"text-align: center;\">Une robe de mari\u00e9e dos nu plongeant stup\u00e9fiante d\u00e9couverte sur le compte Instagram de la <a href=\"http:\/\/mariadubois.com\/fr\/accueil\/\">cr\u00e9atrice de robe de mari\u00e9e lyonnaise Maria Dubois<\/a><\/p>\n<p><a href=\"http:\/\/www.mellecereza.fr\/blog\/wp-content\/uploads\/2016\/12\/robe-mariee-dos-nu-plongeant-creatrice-maria-dubois-paris-lyon-melle-cereza.jpg\"><img data-attachment-id=\"5754\" data-permalink=\"https:\/\/www.mellecereza.fr\/blog\/headband-mariage-chic-1-semaine-latelier\/robe-mariee-dos-nu-plongeant-creatrice-maria-dubois-paris-lyon-melle-cereza\/#main\" data-orig-file=\"https:\/\/www.mellecereza.fr\/blog\/wp-content\/uploads\/2016\/12\/robe-mariee-dos-nu-plongeant-creatrice-maria-dubois-paris-lyon-melle-cereza.jpg\" data-orig-size=\"600,600\" data-comments-opened=\"1\" data-image-meta=\"{&quot;aperture&quot;:&quot;0&quot;,&quot;credit&quot;:&quot;&quot;,&quot;camera&quot;:&quot;&quot;,&quot;caption&quot;:&quot;&quot;,&quot;created_timestamp&quot;:&quot;0&quot;,&quot;copyright&quot;:&quot;&quot;,&quot;focal_length&quot;:&quot;0&quot;,&quot;iso&quot;:&quot;0&quot;,&quot;shutter_speed&quot;:&quot;0&quot;,&quot;title&quot;:&quot;&quot;}\" data-image-title=\"robe-mariee-dos-nu-plongeant-creatrice-maria-dubois-paris-lyon-melle-cereza\" data-image-description=\"\" data-image-caption=\"\" data-medium-file=\"https:\/\/www.mellecereza.fr\/blog\/wp-content\/uploads\/2016\/12\/robe-mariee-dos-nu-plongeant-creatrice-maria-dubois-paris-lyon-melle-cereza-600x600.jpg\" data-large-file=\"https:\/\/www.mellecereza.fr\/blog\/wp-content\/uploads\/2016\/12\/robe-mariee-dos-nu-plongeant-creatrice-maria-dubois-paris-lyon-melle-cereza.jpg\" decoding=\"async\" loading=\"lazy\" class=\"aligncenter size-medium wp-image-5754\" alt=\"robe mari\u00e9e dos nu dentelle\" src=\"http:\/\/www.mellecereza.fr\/blog\/wp-content\/uploads\/2016\/12\/robe-mariee-dos-nu-plongeant-creatrice-maria-dubois-paris-lyon-melle-cereza-600x600.jpg\" width=\"600\" height=\"600\" srcset=\"https:\/\/www.mellecereza.fr\/blog\/wp-content\/uploads\/2016\/12\/robe-mariee-dos-nu-plongeant-creatrice-maria-dubois-paris-lyon-melle-cereza.jpg 600w, https:\/\/www.mellecereza.fr\/blog\/wp-content\/uploads\/2016\/12\/robe-mariee-dos-nu-plongeant-creatrice-maria-dubois-paris-lyon-melle-cereza-450x450.jpg 450w, https:\/\/www.mellecereza.fr\/blog\/wp-content\/uploads\/2016\/12\/robe-mariee-dos-nu-plongeant-creatrice-maria-dubois-paris-lyon-melle-cereza-210x210.jpg 210w, https:\/\/www.mellecereza.fr\/blog\/wp-content\/uploads\/2016\/12\/robe-mariee-dos-nu-plongeant-creatrice-maria-dubois-paris-lyon-melle-cereza-60x60.jpg 60w\" sizes=\"(max-width: 600px) 100vw, 600px\" \/><\/a><\/p>\n<p style=\"text-align: center;\">\u00a0\u2606\u00a0\u2606\u00a0Nouveaut\u00e9\u00a0\u2606\u00a0\u2606<\/p>\n<p style=\"text-align: center;\">Un nouveau venu dans les <a title=\"mariage ivoire rose coussin alliances original\" href=\"http:\/\/www.mellecereza.fr\/porte-alliance-duo-simplicite\/345-porte-alliances-duo-ivoire-rose-bouquets-fleurs-mariage-romantique.html\">porte-alliances Duo version ivoire rose<\/a><\/p>\n<p style=\"text-align: center;\"><a href=\"http:\/\/www.mellecereza.fr\/porte-alliance-duo-simplicite\/345-porte-alliances-duo-ivoire-rose-bouquets-fleurs-mariage-romantique.html\"><img data-attachment-id=\"5755\" data-permalink=\"https:\/\/www.mellecereza.fr\/blog\/headband-mariage-chic-1-semaine-latelier\/mariage-rose-ivoire-porte-alliances-original-duo-fleur-bouquet-cereza-mademoiselle-deco-1c\/#main\" data-orig-file=\"https:\/\/www.mellecereza.fr\/blog\/wp-content\/uploads\/2016\/12\/mariage-rose-ivoire-porte-alliances-original-duo-fleur-bouquet-cereza-mademoiselle-deco-1C.jpg\" data-orig-size=\"1000,1000\" data-comments-opened=\"1\" data-image-meta=\"{&quot;aperture&quot;:&quot;3.3&quot;,&quot;credit&quot;:&quot;&quot;,&quot;camera&quot;:&quot;DMC-TZ5&quot;,&quot;caption&quot;:&quot;&quot;,&quot;created_timestamp&quot;:&quot;1482327859&quot;,&quot;copyright&quot;:&quot;&quot;,&quot;focal_length&quot;:&quot;4.7&quot;,&quot;iso&quot;:&quot;100&quot;,&quot;shutter_speed&quot;:&quot;0.05&quot;,&quot;title&quot;:&quot;&quot;}\" data-image-title=\"mariage-rose-ivoire-porte-alliances-original-duo-fleur-bouquet-cereza-mademoiselle-deco-1c\" data-image-description=\"\" data-image-caption=\"\" data-medium-file=\"https:\/\/www.mellecereza.fr\/blog\/wp-content\/uploads\/2016\/12\/mariage-rose-ivoire-porte-alliances-original-duo-fleur-bouquet-cereza-mademoiselle-deco-1C-600x600.jpg\" data-large-file=\"https:\/\/www.mellecereza.fr\/blog\/wp-content\/uploads\/2016\/12\/mariage-rose-ivoire-porte-alliances-original-duo-fleur-bouquet-cereza-mademoiselle-deco-1C.jpg\" decoding=\"async\" loading=\"lazy\" class=\"aligncenter size-medium wp-image-5755\" alt=\"coussin alliances original duo rose ivoire\" src=\"http:\/\/www.mellecereza.fr\/blog\/wp-content\/uploads\/2016\/12\/mariage-rose-ivoire-porte-alliances-original-duo-fleur-bouquet-cereza-mademoiselle-deco-1C-600x600.jpg\" width=\"600\" height=\"600\" srcset=\"https:\/\/www.mellecereza.fr\/blog\/wp-content\/uploads\/2016\/12\/mariage-rose-ivoire-porte-alliances-original-duo-fleur-bouquet-cereza-mademoiselle-deco-1C-600x600.jpg 600w, https:\/\/www.mellecereza.fr\/blog\/wp-content\/uploads\/2016\/12\/mariage-rose-ivoire-porte-alliances-original-duo-fleur-bouquet-cereza-mademoiselle-deco-1C-450x450.jpg 450w, https:\/\/www.mellecereza.fr\/blog\/wp-content\/uploads\/2016\/12\/mariage-rose-ivoire-porte-alliances-original-duo-fleur-bouquet-cereza-mademoiselle-deco-1C-210x210.jpg 210w, https:\/\/www.mellecereza.fr\/blog\/wp-content\/uploads\/2016\/12\/mariage-rose-ivoire-porte-alliances-original-duo-fleur-bouquet-cereza-mademoiselle-deco-1C-60x60.jpg 60w, https:\/\/www.mellecereza.fr\/blog\/wp-content\/uploads\/2016\/12\/mariage-rose-ivoire-porte-alliances-original-duo-fleur-bouquet-cereza-mademoiselle-deco-1C.jpg 1000w\" sizes=\"(max-width: 600px) 100vw, 600px\" \/><\/a><\/p>\n<p>&nbsp;<\/p>\n<p style=\"text-align: center;\">\u00a0\u2605 \u2605 L O V E \u00a0 I N S I D E \u2605\u2605<br \/>\nLa fin de l&rsquo;ann\u00e9e, regarder en arri\u00e8re et recevoir une belle dose d&rsquo;amour : merci \u00e0 vous toutes et tous qui avez fait de 2016 une ann\u00e9e magnifique, merci pour votre confiance, merci \u00e0 toutes les mari\u00e9es Mademoiselle Cereza, merci \u00e0 toutes celles qui me suivent depuis toutes ces ann\u00e9es j&rsquo;ai tellement de bonheur \u00e0 vous voir encore sur cette page, merci aux photographes qui font de si jolis clich\u00e9s de vos moments pr\u00e9cieux, merci aux mari\u00e9es 2017 qui nous ont rejoint <img decoding=\"async\" loading=\"lazy\" alt=\"\" src=\"https:\/\/www.facebook.com\/images\/emoji.php\/v6\/f6c\/1\/16\/2764.png\" width=\"16\" height=\"16\" \/>Je vous souhaite de merveilleuses f\u00eates de fin d&rsquo;ann\u00e9e entour\u00e9s de vos proches et je vous envoie \u00e0 mon tour la belle dose d&rsquo;amour que vous m&rsquo;avez pr\u00e9cieusement apport\u00e9e \u2665<\/p>\n<p><a href=\"http:\/\/www.mellecereza.fr\/blog\/wp-content\/uploads\/2016\/12\/@-mariages-originaux-chics-melle-cereza-deco-h.jpg\"><img data-attachment-id=\"5758\" data-permalink=\"https:\/\/www.mellecereza.fr\/blog\/headband-mariage-chic-1-semaine-latelier\/mariages-originaux-chics-melle-cereza-deco-h\/#main\" data-orig-file=\"https:\/\/www.mellecereza.fr\/blog\/wp-content\/uploads\/2016\/12\/@-mariages-originaux-chics-melle-cereza-deco-h.jpg\" data-orig-size=\"800,671\" data-comments-opened=\"1\" data-image-meta=\"{&quot;aperture&quot;:&quot;0&quot;,&quot;credit&quot;:&quot;Picasa&quot;,&quot;camera&quot;:&quot;&quot;,&quot;caption&quot;:&quot;&quot;,&quot;created_timestamp&quot;:&quot;1482481990&quot;,&quot;copyright&quot;:&quot;&quot;,&quot;focal_length&quot;:&quot;0&quot;,&quot;iso&quot;:&quot;0&quot;,&quot;shutter_speed&quot;:&quot;0&quot;,&quot;title&quot;:&quot;&quot;}\" data-image-title=\"mariages-originaux-chics-melle-cereza-deco-h\" data-image-description=\"\" data-image-caption=\"\" data-medium-file=\"https:\/\/www.mellecereza.fr\/blog\/wp-content\/uploads\/2016\/12\/@-mariages-originaux-chics-melle-cereza-deco-h-600x503.jpg\" data-large-file=\"https:\/\/www.mellecereza.fr\/blog\/wp-content\/uploads\/2016\/12\/@-mariages-originaux-chics-melle-cereza-deco-h.jpg\" decoding=\"async\" loading=\"lazy\" class=\"aligncenter size-medium wp-image-5758\" alt=\"mariages 2016 originaux mademoiselle cereza\" src=\"http:\/\/www.mellecereza.fr\/blog\/wp-content\/uploads\/2016\/12\/@-mariages-originaux-chics-melle-cereza-deco-h-600x503.jpg\" width=\"600\" height=\"503\" srcset=\"https:\/\/www.mellecereza.fr\/blog\/wp-content\/uploads\/2016\/12\/@-mariages-originaux-chics-melle-cereza-deco-h-600x503.jpg 600w, https:\/\/www.mellecereza.fr\/blog\/wp-content\/uploads\/2016\/12\/@-mariages-originaux-chics-melle-cereza-deco-h-450x377.jpg 450w, https:\/\/www.mellecereza.fr\/blog\/wp-content\/uploads\/2016\/12\/@-mariages-originaux-chics-melle-cereza-deco-h.jpg 800w\" sizes=\"(max-width: 600px) 100vw, 600px\" \/><\/a><\/p>\n<p style=\"text-align: center;\">\u00a04 loulous et chacun sa couleur de fleur ou d&rsquo;accessoire : pas de jaloux \ud83d\ude09<\/p>\n<p style=\"text-align: center;\">Noeud pap&rsquo; turquoise pour little monsieur, fleurs pour les princesses, chacun aura SA couleur<\/p>\n<p><a href=\"http:\/\/www.mellecereza.fr\/blog\/wp-content\/uploads\/2016\/12\/fleurs-noeud-turquoise-jaune-rose-violet-flo-melle-cereza.jpg\"><img data-attachment-id=\"5756\" data-permalink=\"https:\/\/www.mellecereza.fr\/blog\/headband-mariage-chic-1-semaine-latelier\/fleurs-noeud-turquoise-jaune-rose-violet-flo-melle-cereza\/#main\" data-orig-file=\"https:\/\/www.mellecereza.fr\/blog\/wp-content\/uploads\/2016\/12\/fleurs-noeud-turquoise-jaune-rose-violet-flo-melle-cereza.jpg\" data-orig-size=\"800,600\" data-comments-opened=\"1\" data-image-meta=\"{&quot;aperture&quot;:&quot;0&quot;,&quot;credit&quot;:&quot;Picasa&quot;,&quot;camera&quot;:&quot;&quot;,&quot;caption&quot;:&quot;&quot;,&quot;created_timestamp&quot;:&quot;1482434269&quot;,&quot;copyright&quot;:&quot;&quot;,&quot;focal_length&quot;:&quot;0&quot;,&quot;iso&quot;:&quot;0&quot;,&quot;shutter_speed&quot;:&quot;0&quot;,&quot;title&quot;:&quot;&quot;}\" data-image-title=\"fleurs-noeud-turquoise-jaune-rose-violet-flo-melle-cereza\" data-image-description=\"\" data-image-caption=\"\" data-medium-file=\"https:\/\/www.mellecereza.fr\/blog\/wp-content\/uploads\/2016\/12\/fleurs-noeud-turquoise-jaune-rose-violet-flo-melle-cereza-600x450.jpg\" data-large-file=\"https:\/\/www.mellecereza.fr\/blog\/wp-content\/uploads\/2016\/12\/fleurs-noeud-turquoise-jaune-rose-violet-flo-melle-cereza.jpg\" decoding=\"async\" loading=\"lazy\" class=\"aligncenter size-medium wp-image-5756\" alt=\"mariage violet jaune turquoise rose\" src=\"http:\/\/www.mellecereza.fr\/blog\/wp-content\/uploads\/2016\/12\/fleurs-noeud-turquoise-jaune-rose-violet-flo-melle-cereza-600x450.jpg\" width=\"600\" height=\"450\" srcset=\"https:\/\/www.mellecereza.fr\/blog\/wp-content\/uploads\/2016\/12\/fleurs-noeud-turquoise-jaune-rose-violet-flo-melle-cereza-600x450.jpg 600w, https:\/\/www.mellecereza.fr\/blog\/wp-content\/uploads\/2016\/12\/fleurs-noeud-turquoise-jaune-rose-violet-flo-melle-cereza-450x337.jpg 450w, https:\/\/www.mellecereza.fr\/blog\/wp-content\/uploads\/2016\/12\/fleurs-noeud-turquoise-jaune-rose-violet-flo-melle-cereza.jpg 800w\" sizes=\"(max-width: 600px) 100vw, 600px\" \/><\/a><\/p>\n<p style=\"text-align: center;\">\u00a0Pr\u00e9parer des fleurs rose poudr\u00e9 et vert d&rsquo;eau pour personnaliser un bouquet de mariage bucolique.<\/p>\n<p style=\"text-align: center;\">Essai valid\u00e9 pour la future mari\u00e9e, rendez-vous dans quelques semaines pour voir l&rsquo;avanc\u00e9e du bouquet !<\/p>\n<p><a href=\"http:\/\/www.mellecereza.fr\/blog\/wp-content\/uploads\/2016\/12\/fleurs-rose-poudre-vert-eau-bouquet-mariee-bucolique-original-melle-cereza-deco.jpg\"><img data-attachment-id=\"5757\" data-permalink=\"https:\/\/www.mellecereza.fr\/blog\/headband-mariage-chic-1-semaine-latelier\/fleurs-rose-poudre-vert-eau-bouquet-mariee-bucolique-original-melle-cereza-deco\/#main\" data-orig-file=\"https:\/\/www.mellecereza.fr\/blog\/wp-content\/uploads\/2016\/12\/fleurs-rose-poudre-vert-eau-bouquet-mariee-bucolique-original-melle-cereza-deco.jpg\" data-orig-size=\"600,450\" data-comments-opened=\"1\" data-image-meta=\"{&quot;aperture&quot;:&quot;3.3&quot;,&quot;credit&quot;:&quot;&quot;,&quot;camera&quot;:&quot;DMC-TZ5&quot;,&quot;caption&quot;:&quot;&quot;,&quot;created_timestamp&quot;:&quot;1482328001&quot;,&quot;copyright&quot;:&quot;&quot;,&quot;focal_length&quot;:&quot;4.7&quot;,&quot;iso&quot;:&quot;100&quot;,&quot;shutter_speed&quot;:&quot;0.05&quot;,&quot;title&quot;:&quot;&quot;}\" data-image-title=\"fleurs-rose-poudre-vert-eau-bouquet-mariee-bucolique-original-melle-cereza-deco\" data-image-description=\"\" data-image-caption=\"\" data-medium-file=\"https:\/\/www.mellecereza.fr\/blog\/wp-content\/uploads\/2016\/12\/fleurs-rose-poudre-vert-eau-bouquet-mariee-bucolique-original-melle-cereza-deco.jpg\" data-large-file=\"https:\/\/www.mellecereza.fr\/blog\/wp-content\/uploads\/2016\/12\/fleurs-rose-poudre-vert-eau-bouquet-mariee-bucolique-original-melle-cereza-deco.jpg\" decoding=\"async\" loading=\"lazy\" class=\"aligncenter size-full wp-image-5757\" alt=\"mariage rose poudr\u00e9 vert d'eau fleurs bouquet mariee original\" src=\"http:\/\/www.mellecereza.fr\/blog\/wp-content\/uploads\/2016\/12\/fleurs-rose-poudre-vert-eau-bouquet-mariee-bucolique-original-melle-cereza-deco.jpg\" width=\"600\" height=\"450\" srcset=\"https:\/\/www.mellecereza.fr\/blog\/wp-content\/uploads\/2016\/12\/fleurs-rose-poudre-vert-eau-bouquet-mariee-bucolique-original-melle-cereza-deco.jpg 600w, https:\/\/www.mellecereza.fr\/blog\/wp-content\/uploads\/2016\/12\/fleurs-rose-poudre-vert-eau-bouquet-mariee-bucolique-original-melle-cereza-deco-450x337.jpg 450w\" sizes=\"(max-width: 600px) 100vw, 600px\" \/><\/a><\/p>\n<p style=\"text-align: center;\">\u00a0Trouver une carte d&rsquo;anniversaire<\/p>\n<p><a href=\"http:\/\/www.mellecereza.fr\/blog\/wp-content\/uploads\/2016\/12\/carte-anniversaire-a-imprimer.jpg\"><img data-attachment-id=\"5760\" data-permalink=\"https:\/\/www.mellecereza.fr\/blog\/headband-mariage-chic-1-semaine-latelier\/carte-anniversaire-a-imprimer\/#main\" data-orig-file=\"https:\/\/www.mellecereza.fr\/blog\/wp-content\/uploads\/2016\/12\/carte-anniversaire-a-imprimer.jpg\" data-orig-size=\"544,800\" data-comments-opened=\"1\" data-image-meta=\"{&quot;aperture&quot;:&quot;0&quot;,&quot;credit&quot;:&quot;&quot;,&quot;camera&quot;:&quot;&quot;,&quot;caption&quot;:&quot;&quot;,&quot;created_timestamp&quot;:&quot;0&quot;,&quot;copyright&quot;:&quot;&quot;,&quot;focal_length&quot;:&quot;0&quot;,&quot;iso&quot;:&quot;0&quot;,&quot;shutter_speed&quot;:&quot;0&quot;,&quot;title&quot;:&quot;&quot;}\" data-image-title=\"carte-anniversaire-a-imprimer\" data-image-description=\"\" data-image-caption=\"\" data-medium-file=\"https:\/\/www.mellecereza.fr\/blog\/wp-content\/uploads\/2016\/12\/carte-anniversaire-a-imprimer-408x600.jpg\" data-large-file=\"https:\/\/www.mellecereza.fr\/blog\/wp-content\/uploads\/2016\/12\/carte-anniversaire-a-imprimer.jpg\" decoding=\"async\" loading=\"lazy\" class=\"aligncenter size-medium wp-image-5760\" alt=\"carte-anniversaire-a-imprimer\" src=\"http:\/\/www.mellecereza.fr\/blog\/wp-content\/uploads\/2016\/12\/carte-anniversaire-a-imprimer-408x600.jpg\" width=\"408\" height=\"600\" srcset=\"https:\/\/www.mellecereza.fr\/blog\/wp-content\/uploads\/2016\/12\/carte-anniversaire-a-imprimer-408x600.jpg 408w, https:\/\/www.mellecereza.fr\/blog\/wp-content\/uploads\/2016\/12\/carte-anniversaire-a-imprimer-306x450.jpg 306w, https:\/\/www.mellecereza.fr\/blog\/wp-content\/uploads\/2016\/12\/carte-anniversaire-a-imprimer.jpg 544w\" sizes=\"(max-width: 408px) 100vw, 408px\" \/><\/a><\/p>\n<p style=\"text-align: center;\">\u00a0L&rsquo;esprit de No\u00ebl s&rsquo;est empar\u00e9 de moi \ud83d\ude09<\/p>\n<p><a href=\"http:\/\/www.mellecereza.fr\/blog\/wp-content\/uploads\/2016\/12\/M-mme-duziel-ont-5-filles-melle-cereza.jpg\"><img data-attachment-id=\"5759\" data-permalink=\"https:\/\/www.mellecereza.fr\/blog\/headband-mariage-chic-1-semaine-latelier\/m-mme-duziel-ont-5-filles-melle-cereza\/#main\" data-orig-file=\"https:\/\/www.mellecereza.fr\/blog\/wp-content\/uploads\/2016\/12\/M-mme-duziel-ont-5-filles-melle-cereza.jpg\" data-orig-size=\"800,800\" data-comments-opened=\"1\" data-image-meta=\"{&quot;aperture&quot;:&quot;0&quot;,&quot;credit&quot;:&quot;&quot;,&quot;camera&quot;:&quot;&quot;,&quot;caption&quot;:&quot;&quot;,&quot;created_timestamp&quot;:&quot;0&quot;,&quot;copyright&quot;:&quot;&quot;,&quot;focal_length&quot;:&quot;0&quot;,&quot;iso&quot;:&quot;0&quot;,&quot;shutter_speed&quot;:&quot;0&quot;,&quot;title&quot;:&quot;&quot;}\" data-image-title=\"m-mme-duziel-ont-5-filles-melle-cereza\" data-image-description=\"\" data-image-caption=\"\" data-medium-file=\"https:\/\/www.mellecereza.fr\/blog\/wp-content\/uploads\/2016\/12\/M-mme-duziel-ont-5-filles-melle-cereza-600x600.jpg\" data-large-file=\"https:\/\/www.mellecereza.fr\/blog\/wp-content\/uploads\/2016\/12\/M-mme-duziel-ont-5-filles-melle-cereza.jpg\" decoding=\"async\" loading=\"lazy\" class=\"aligncenter size-medium wp-image-5759\" alt=\"m-mme-duziel-ont-5-filles-melle-cereza\" src=\"http:\/\/www.mellecereza.fr\/blog\/wp-content\/uploads\/2016\/12\/M-mme-duziel-ont-5-filles-melle-cereza-600x600.jpg\" width=\"600\" height=\"600\" srcset=\"https:\/\/www.mellecereza.fr\/blog\/wp-content\/uploads\/2016\/12\/M-mme-duziel-ont-5-filles-melle-cereza-600x600.jpg 600w, https:\/\/www.mellecereza.fr\/blog\/wp-content\/uploads\/2016\/12\/M-mme-duziel-ont-5-filles-melle-cereza-450x450.jpg 450w, https:\/\/www.mellecereza.fr\/blog\/wp-content\/uploads\/2016\/12\/M-mme-duziel-ont-5-filles-melle-cereza-210x210.jpg 210w, https:\/\/www.mellecereza.fr\/blog\/wp-content\/uploads\/2016\/12\/M-mme-duziel-ont-5-filles-melle-cereza-60x60.jpg 60w, https:\/\/www.mellecereza.fr\/blog\/wp-content\/uploads\/2016\/12\/M-mme-duziel-ont-5-filles-melle-cereza.jpg 800w\" sizes=\"(max-width: 600px) 100vw, 600px\" \/><\/a><\/p>\n<div class=\"post_signature\"><img src=\"https:\/\/www.mellecereza.fr\/blog\/wp-content\/uploads\/2020\/02\/sign-200-FEV-15d1.png\" \/><\/div>","protected":false},"excerpt":{"rendered":"<p>Headband mariage chic et d\u00e9but de la saison mariage dans l&rsquo;atelier Mademoiselle Cereza &nbsp; &nbsp; \u00a0Recevoir la photo du headband mariage chic Alyssa port\u00e9 par la p\u00e9tillante Tiffany de mari\u00e9s au 1er regard \u2665 \u2665 Photo Ana\u00efs Roguiez Headband mariage&#8230;<\/p>\n","protected":false},"author":1,"featured_media":5752,"comment_status":"open","ping_status":"open","sticky":false,"template":"","format":"standard","meta":{"jetpack_post_was_ever_published":false,"jetpack_publicize_message":"","jetpack_is_tweetstorm":false,"jetpack_publicize_feature_enabled":true,"jetpack_social_post_already_shared":true,"jetpack_social_options":{"image_generator_settings":{"template":"highway","enabled":false}}},"categories":[19],"tags":[578,579,577,70],"jetpack_publicize_connections":[],"yoast_head":"<!-- This site is optimized with the Yoast SEO plugin v20.3 - https:\/\/yoast.com\/wordpress\/plugins\/seo\/ -->\n<title>Headband mariage chic et ... 1 semaine dans l&#039;atelier - Melle Cereza blog mariage original<\/title>\n<meta name=\"robots\" content=\"index, follow, max-snippet:-1, max-image-preview:large, max-video-preview:-1\" \/>\n<link rel=\"canonical\" href=\"https:\/\/www.mellecereza.fr\/blog\/headband-mariage-chic-1-semaine-latelier\/\" \/>\n<meta property=\"og:locale\" content=\"fr_FR\" \/>\n<meta property=\"og:type\" content=\"article\" \/>\n<meta property=\"og:title\" content=\"Headband mariage chic et ... 1 semaine dans l&#039;atelier - Melle Cereza blog mariage original\" \/>\n<meta property=\"og:description\" content=\"Headband mariage chic et d\u00e9but de la saison mariage dans l&rsquo;atelier Mademoiselle Cereza &nbsp; &nbsp; \u00a0Recevoir la photo du headband mariage chic Alyssa port\u00e9 par la p\u00e9tillante Tiffany de mari\u00e9s au 1er regard \u2665 \u2665 Photo Ana\u00efs Roguiez Headband mariage...\" \/>\n<meta property=\"og:url\" content=\"https:\/\/www.mellecereza.fr\/blog\/headband-mariage-chic-1-semaine-latelier\/\" \/>\n<meta property=\"og:site_name\" content=\"Melle Cereza blog mariage original\" \/>\n<meta property=\"article:published_time\" content=\"2016-12-29T10:58:52+00:00\" \/>\n<meta property=\"article:modified_time\" content=\"2016-12-29T10:59:54+00:00\" \/>\n<meta property=\"og:image\" content=\"https:\/\/www.mellecereza.fr\/blog\/wp-content\/uploads\/2016\/12\/79-headband-bijoux-mariage-accessoires-mademoiselle-cereza-deco.jpg\" \/>\n\t<meta property=\"og:image:width\" content=\"800\" \/>\n\t<meta property=\"og:image:height\" content=\"600\" \/>\n\t<meta property=\"og:image:type\" content=\"image\/jpeg\" \/>\n<meta name=\"author\" content=\"Cerise\" \/>\n<meta name=\"twitter:label1\" content=\"\u00c9crit par\" \/>\n\t<meta name=\"twitter:data1\" content=\"Cerise\" \/>\n\t<meta name=\"twitter:label2\" content=\"Dur\u00e9e de lecture estim\u00e9e\" \/>\n\t<meta name=\"twitter:data2\" content=\"2 minutes\" \/>\n<script type=\"application\/ld+json\" class=\"yoast-schema-graph\">{\"@context\":\"https:\/\/schema.org\",\"@graph\":[{\"@type\":\"WebPage\",\"@id\":\"https:\/\/www.mellecereza.fr\/blog\/headband-mariage-chic-1-semaine-latelier\/\",\"url\":\"https:\/\/www.mellecereza.fr\/blog\/headband-mariage-chic-1-semaine-latelier\/\",\"name\":\"Headband mariage chic et ... 1 semaine dans l'atelier - Melle Cereza blog mariage original\",\"isPartOf\":{\"@id\":\"https:\/\/www.mellecereza.fr\/blog\/#website\"},\"datePublished\":\"2016-12-29T10:58:52+00:00\",\"dateModified\":\"2016-12-29T10:59:54+00:00\",\"author\":{\"@id\":\"https:\/\/www.mellecereza.fr\/blog\/#\/schema\/person\/3ad20d39d7b07a33b39c2e111d852118\"},\"breadcrumb\":{\"@id\":\"https:\/\/www.mellecereza.fr\/blog\/headband-mariage-chic-1-semaine-latelier\/#breadcrumb\"},\"inLanguage\":\"fr-FR\",\"potentialAction\":[{\"@type\":\"ReadAction\",\"target\":[\"https:\/\/www.mellecereza.fr\/blog\/headband-mariage-chic-1-semaine-latelier\/\"]}]},{\"@type\":\"BreadcrumbList\",\"@id\":\"https:\/\/www.mellecereza.fr\/blog\/headband-mariage-chic-1-semaine-latelier\/#breadcrumb\",\"itemListElement\":[{\"@type\":\"ListItem\",\"position\":1,\"name\":\"Accueil\",\"item\":\"https:\/\/www.mellecereza.fr\/blog\/\"},{\"@type\":\"ListItem\",\"position\":2,\"name\":\"Headband mariage chic et &#8230; 1 semaine dans l&rsquo;atelier\"}]},{\"@type\":\"WebSite\",\"@id\":\"https:\/\/www.mellecereza.fr\/blog\/#website\",\"url\":\"https:\/\/www.mellecereza.fr\/blog\/\",\"name\":\"Melle Cereza blog mariage original\",\"description\":\"Id\u00e9es et inspirations pour un joli mariage original, id\u00e9es d\u00e9co, bouquet, bijoux &amp; accessoires\",\"potentialAction\":[{\"@type\":\"SearchAction\",\"target\":{\"@type\":\"EntryPoint\",\"urlTemplate\":\"https:\/\/www.mellecereza.fr\/blog\/?s={search_term_string}\"},\"query-input\":\"required name=search_term_string\"}],\"inLanguage\":\"fr-FR\"},{\"@type\":\"Person\",\"@id\":\"https:\/\/www.mellecereza.fr\/blog\/#\/schema\/person\/3ad20d39d7b07a33b39c2e111d852118\",\"name\":\"Cerise\",\"image\":{\"@type\":\"ImageObject\",\"inLanguage\":\"fr-FR\",\"@id\":\"https:\/\/www.mellecereza.fr\/blog\/#\/schema\/person\/image\/\",\"url\":\"https:\/\/secure.gravatar.com\/avatar\/f8aa59be965caf71440dfd118dcb3362?s=96&d=identicon&r=g\",\"contentUrl\":\"https:\/\/secure.gravatar.com\/avatar\/f8aa59be965caf71440dfd118dcb3362?s=96&d=identicon&r=g\",\"caption\":\"Cerise\"},\"url\":\"https:\/\/www.mellecereza.fr\/blog\/author\/cerise\/\"}]}<\/script>\n<!-- \/ Yoast SEO plugin. -->","yoast_head_json":{"title":"Headband mariage chic et ... 1 semaine dans l'atelier - Melle Cereza blog mariage original","robots":{"index":"index","follow":"follow","max-snippet":"max-snippet:-1","max-image-preview":"max-image-preview:large","max-video-preview":"max-video-preview:-1"},"canonical":"https:\/\/www.mellecereza.fr\/blog\/headband-mariage-chic-1-semaine-latelier\/","og_locale":"fr_FR","og_type":"article","og_title":"Headband mariage chic et ... 1 semaine dans l'atelier - Melle Cereza blog mariage original","og_description":"Headband mariage chic et d\u00e9but de la saison mariage dans l&rsquo;atelier Mademoiselle Cereza &nbsp; &nbsp; \u00a0Recevoir la photo du headband mariage chic Alyssa port\u00e9 par la p\u00e9tillante Tiffany de mari\u00e9s au 1er regard \u2665 \u2665 Photo Ana\u00efs Roguiez Headband mariage...","og_url":"https:\/\/www.mellecereza.fr\/blog\/headband-mariage-chic-1-semaine-latelier\/","og_site_name":"Melle Cereza blog mariage original","article_published_time":"2016-12-29T10:58:52+00:00","article_modified_time":"2016-12-29T10:59:54+00:00","og_image":[{"width":800,"height":600,"url":"https:\/\/www.mellecereza.fr\/blog\/wp-content\/uploads\/2016\/12\/79-headband-bijoux-mariage-accessoires-mademoiselle-cereza-deco.jpg","type":"image\/jpeg"}],"author":"Cerise","twitter_misc":{"\u00c9crit par":"Cerise","Dur\u00e9e de lecture estim\u00e9e":"2 minutes"},"schema":{"@context":"https:\/\/schema.org","@graph":[{"@type":"WebPage","@id":"https:\/\/www.mellecereza.fr\/blog\/headband-mariage-chic-1-semaine-latelier\/","url":"https:\/\/www.mellecereza.fr\/blog\/headband-mariage-chic-1-semaine-latelier\/","name":"Headband mariage chic et ... 1 semaine dans l'atelier - Melle Cereza blog mariage original","isPartOf":{"@id":"https:\/\/www.mellecereza.fr\/blog\/#website"},"datePublished":"2016-12-29T10:58:52+00:00","dateModified":"2016-12-29T10:59:54+00:00","author":{"@id":"https:\/\/www.mellecereza.fr\/blog\/#\/schema\/person\/3ad20d39d7b07a33b39c2e111d852118"},"breadcrumb":{"@id":"https:\/\/www.mellecereza.fr\/blog\/headband-mariage-chic-1-semaine-latelier\/#breadcrumb"},"inLanguage":"fr-FR","potentialAction":[{"@type":"ReadAction","target":["https:\/\/www.mellecereza.fr\/blog\/headband-mariage-chic-1-semaine-latelier\/"]}]},{"@type":"BreadcrumbList","@id":"https:\/\/www.mellecereza.fr\/blog\/headband-mariage-chic-1-semaine-latelier\/#breadcrumb","itemListElement":[{"@type":"ListItem","position":1,"name":"Accueil","item":"https:\/\/www.mellecereza.fr\/blog\/"},{"@type":"ListItem","position":2,"name":"Headband mariage chic et &#8230; 1 semaine dans l&rsquo;atelier"}]},{"@type":"WebSite","@id":"https:\/\/www.mellecereza.fr\/blog\/#website","url":"https:\/\/www.mellecereza.fr\/blog\/","name":"Melle Cereza blog mariage original","description":"Id\u00e9es et inspirations pour un joli mariage original, id\u00e9es d\u00e9co, bouquet, bijoux &amp; accessoires","potentialAction":[{"@type":"SearchAction","target":{"@type":"EntryPoint","urlTemplate":"https:\/\/www.mellecereza.fr\/blog\/?s={search_term_string}"},"query-input":"required name=search_term_string"}],"inLanguage":"fr-FR"},{"@type":"Person","@id":"https:\/\/www.mellecereza.fr\/blog\/#\/schema\/person\/3ad20d39d7b07a33b39c2e111d852118","name":"Cerise","image":{"@type":"ImageObject","inLanguage":"fr-FR","@id":"https:\/\/www.mellecereza.fr\/blog\/#\/schema\/person\/image\/","url":"https:\/\/secure.gravatar.com\/avatar\/f8aa59be965caf71440dfd118dcb3362?s=96&d=identicon&r=g","contentUrl":"https:\/\/secure.gravatar.com\/avatar\/f8aa59be965caf71440dfd118dcb3362?s=96&d=identicon&r=g","caption":"Cerise"},"url":"https:\/\/www.mellecereza.fr\/blog\/author\/cerise\/"}]}},"jetpack_featured_media_url":"https:\/\/www.mellecereza.fr\/blog\/wp-content\/uploads\/2016\/12\/79-headband-bijoux-mariage-accessoires-mademoiselle-cereza-deco.jpg","jetpack_shortlink":"https:\/\/wp.me\/p4ptN6-1uL","jetpack_sharing_enabled":true,"jetpack-related-posts":[{"id":3818,"url":"https:\/\/www.mellecereza.fr\/blog\/idee-coiffure-mariage-headband-couronne\/","url_meta":{"origin":5751,"position":0},"title":"Id\u00e9e coiffure mariage headband couronne","date":"1 juillet 2015","format":false,"excerpt":"Id\u00e9e coiffure mariage headband couronne perl\u00e9e ou strass\u00e9e Lorsqu'une future mari\u00e9e me contacte pour la cr\u00e9ation de son bijou de coiffure, c'est l'\u00e9bullition assur\u00e9e : entre nos diff\u00e9rents \u00e9changes - ce qui inspire la bride to be, souvent accompagn\u00e9 de photos, les changements qu'elle souhaite pour que son accessoire soit\u2026","rel":"","context":"Dans &quot;La mari\u00e9e&quot;","img":{"alt_text":"accessoires personnalis\u00e9s id\u00e9e coiffure mariage headband couronne perl\u00e9e cereza mademoiselle","src":"https:\/\/i0.wp.com\/www.mellecereza.fr\/blog\/wp-content\/uploads\/2015\/07\/id\u00e9e-coiffure-mariage-headband-couronne-perl\u00e9e-cereza-mademoiselle.jpg?resize=350%2C200&ssl=1","width":350,"height":200},"classes":[]},{"id":5214,"url":"https:\/\/www.mellecereza.fr\/blog\/bijou-coiffure-romantique-latelier-170\/","url_meta":{"origin":5751,"position":1},"title":"Bijou de coiffure romantique, l&rsquo;atelier #170","date":"25 juin 2016","format":false,"excerpt":"Bijou de coiffure romantique Cette semaine dans l'atelier j'ai \"accueilli\" - oui oui oui m\u00eame \u00e0 travers les \u00e9changes par e-mail j'accueille ;) - les mari\u00e9es fleur bleue, p\u00e9tillantes, avec des \u00e9toiles dans les yeux lorsqu'elles me parlent de leur mariage : elles ont soit une id\u00e9e pr\u00e9cise de leur\u2026","rel":"","context":"Dans &quot;Dans l'atelier&quot;","img":{"alt_text":"bijou de coiffure romantique mariage mariee cereza mademoiselle","src":"https:\/\/i0.wp.com\/www.mellecereza.fr\/blog\/wp-content\/uploads\/2016\/06\/70r-bijou-de-coiffure-romantique-mariage-cereza-mademoiselle.jpg?resize=350%2C200&ssl=1","width":350,"height":200},"classes":[]},{"id":5861,"url":"https:\/\/www.mellecereza.fr\/blog\/bijoux-perles-rose-1-semaine-latelier\/","url_meta":{"origin":5751,"position":2},"title":"Des bijoux perles rose et &#8230; 1 semaine dans l&rsquo;atelier","date":"19 f\u00e9vrier 2017","format":false,"excerpt":"Des bijoux perles rose pour 1 semaine tr\u00e8s chic dans l'atelier Une semaine dans l'atelier o\u00f9 les bijoux perles ont tenu le 1er r\u00f4le, de quoi faire p\u00e2lir d'envie toute future mari\u00e9e romantique \u2665 \u00a0Des bijoux perles rose et blanc \u2665 Un nouveau mod\u00e8le de pics pr\u00e9cieux pour vos jolies\u2026","rel":"","context":"Dans &quot;Dans l'atelier&quot;","img":{"alt_text":"bijoux perles rose coiffure mariage chic","src":"https:\/\/i0.wp.com\/www.mellecereza.fr\/blog\/wp-content\/uploads\/2017\/02\/83r-bijoux-perles-rose-mariage-mademoiselle-cereza-deco.jpg?resize=350%2C200&ssl=1","width":350,"height":200},"classes":[]},{"id":5908,"url":"https:\/\/www.mellecereza.fr\/blog\/fleur-rose-coiffure-mariage-1-semaine-latelier\/","url_meta":{"origin":5751,"position":3},"title":"Fleur rose pour coiffure de mariage, 1 semaine dans l&rsquo;atelier","date":"11 mars 2017","format":false,"excerpt":"Fleur rose pour coiffure de mariage, 1 semaine dans les coulisses de l'atelier Mademoiselle Cereza Une fleur rose pour coiffure de mariage mais attention : chacune sa fleur rose personnalis\u00e9e, adapt\u00e9e \u00e0 son th\u00e8me. Pour la mari\u00e9e comme pour les petites filles d'honneur de son cort\u00e8ge, les fleurs de coiffure\u2026","rel":"","context":"Dans &quot;Dans l'atelier&quot;","img":{"alt_text":"fleur rose pour coiffure de mariage","src":"https:\/\/i0.wp.com\/www.mellecereza.fr\/blog\/wp-content\/uploads\/2017\/03\/85r-fleur-rose-pour-coiffure-de-mariage-mademoiselle-cereza-deco.jpg?resize=350%2C200&ssl=1","width":350,"height":200},"classes":[]},{"id":6000,"url":"https:\/\/www.mellecereza.fr\/blog\/headband-mariage-boheme-chic-maeva\/","url_meta":{"origin":5751,"position":4},"title":"Le headband mariage boh\u00e8me chic de Maeva","date":"27 avril 2017","format":false,"excerpt":"Le headband mariage boh\u00e8me chic d'une future mari\u00e9e Pour sa coiffure de mari\u00e9e, Maeva recherchait un bijou de t\u00eate original, un headband dans un style boh\u00e8me chic et romantique. La future mari\u00e9e souhaitait un accessoire chic \u00a0sans qu'il soit trop volumineux, simple sans \u00eatre non plus trop d\u00e9pouill\u00e9. En r\u00e9sum\u00e9,\u2026","rel":"","context":"Dans &quot;La mari\u00e9e&quot;","img":{"alt_text":"headband mariage boh\u00e8me chic bijou de coiffure Gispy Mademoiselle Cereza","src":"https:\/\/i0.wp.com\/www.mellecereza.fr\/blog\/wp-content\/uploads\/2017\/04\/headband-mariage-perles-cristal-boheme-chic-romantiques-cristal-feuilles-melle-cereza-deco-6g.jpg?resize=350%2C200&ssl=1","width":350,"height":200},"classes":[]},{"id":5095,"url":"https:\/\/www.mellecereza.fr\/blog\/headband-mariage-petits-bonheurs-latelier-167\/","url_meta":{"origin":5751,"position":5},"title":"Headband mariage et petits bonheurs, l&rsquo;atelier #167","date":"5 juin 2016","format":false,"excerpt":"Headband mariage et petits bonheurs de la semaine Notre pr\u00e9cieux rendez-vous de la semaine est arriv\u00e9 ! Faire le tour avec vous de ce qui s'est d\u00e9roul\u00e9 dans l'atelier Mademoiselle Cereza et des petits bonheurs qui sont venus s'ajouter au plaisir de prendre soin de vos accessoires . . .\u2026","rel":"","context":"Dans &quot;Dans l'atelier&quot;","img":{"alt_text":"headband mariage atelier fran\u00e7ais cr\u00e9ation","src":"https:\/\/i0.wp.com\/www.mellecereza.fr\/blog\/wp-content\/uploads\/2016\/06\/67r-headband-mariage-cereza-mademoiselle-b1.jpg?resize=350%2C200&ssl=1","width":350,"height":200},"classes":[]}],"_links":{"self":[{"href":"https:\/\/www.mellecereza.fr\/blog\/wp-json\/wp\/v2\/posts\/5751"}],"collection":[{"href":"https:\/\/www.mellecereza.fr\/blog\/wp-json\/wp\/v2\/posts"}],"about":[{"href":"https:\/\/www.mellecereza.fr\/blog\/wp-json\/wp\/v2\/types\/post"}],"author":[{"embeddable":true,"href":"https:\/\/www.mellecereza.fr\/blog\/wp-json\/wp\/v2\/users\/1"}],"replies":[{"embeddable":true,"href":"https:\/\/www.mellecereza.fr\/blog\/wp-json\/wp\/v2\/comments?post=5751"}],"version-history":[{"count":3,"href":"https:\/\/www.mellecereza.fr\/blog\/wp-json\/wp\/v2\/posts\/5751\/revisions"}],"predecessor-version":[{"id":5763,"href":"https:\/\/www.mellecereza.fr\/blog\/wp-json\/wp\/v2\/posts\/5751\/revisions\/5763"}],"wp:featuredmedia":[{"embeddable":true,"href":"https:\/\/www.mellecereza.fr\/blog\/wp-json\/wp\/v2\/media\/5752"}],"wp:attachment":[{"href":"https:\/\/www.mellecereza.fr\/blog\/wp-json\/wp\/v2\/media?parent=5751"}],"wp:term":[{"taxonomy":"category","embeddable":true,"href":"https:\/\/www.mellecereza.fr\/blog\/wp-json\/wp\/v2\/categories?post=5751"},{"taxonomy":"post_tag","embeddable":true,"href":"https:\/\/www.mellecereza.fr\/blog\/wp-json\/wp\/v2\/tags?post=5751"}],"curies":[{"name":"wp","href":"https:\/\/api.w.org\/{rel}","templated":true}]}}