{"id":5850,"date":"2017-02-11T20:10:01","date_gmt":"2017-02-11T18:10:01","guid":{"rendered":"http:\/\/www.mellecereza.fr\/blog\/?p=5850"},"modified":"2017-02-11T20:13:20","modified_gmt":"2017-02-11T18:13:20","slug":"fleurs-personnalisees-1-semaine-latelier","status":"publish","type":"post","link":"https:\/\/www.mellecereza.fr\/blog\/fleurs-personnalisees-1-semaine-latelier\/","title":{"rendered":"Fleurs personnalis\u00e9es : 1 semaine dans l&rsquo;atelier"},"content":{"rendered":"<h4>Fleurs personnalis\u00e9es mariage et &#8230;<\/h4>\n<p style=\"text-align: justify;\">Les <strong>fleurs personnalis\u00e9es<\/strong> sont mon coeur de m\u00e9tier, dans tous les jolis sens du terme. Des fleurs personnalis\u00e9es pour vos mariages mais pas uniquement, vous allez voir qu&rsquo;\u00e0 travers un partenariat avec une douce marque de layette fabriqu\u00e9e en France les fleurs Mademoiselle Cereza accompagnent \u00e9galement les naissances de vos b\u00e9b\u00e9s \u2665<\/p>\n<p style=\"text-align: center;\">Je vous emm\u00e8ne d\u00e9couvrir les fleurs personnalis\u00e9es d&rsquo;une semaine dans l&rsquo;atelier !<\/p>\n<p><a href=\"http:\/\/www.mellecereza.fr\/blog\/wp-content\/uploads\/2017\/02\/82r-fleurs-personnalisees-mariage-mademoiselle-cereza-deco.jpg\"><img data-attachment-id=\"5851\" data-permalink=\"https:\/\/www.mellecereza.fr\/blog\/fleurs-personnalisees-1-semaine-latelier\/82r-fleurs-personnalisees-mariage-mademoiselle-cereza-deco\/#main\" data-orig-file=\"https:\/\/www.mellecereza.fr\/blog\/wp-content\/uploads\/2017\/02\/82r-fleurs-personnalisees-mariage-mademoiselle-cereza-deco.jpg\" data-orig-size=\"600,450\" data-comments-opened=\"1\" data-image-meta=\"{&quot;aperture&quot;:&quot;0&quot;,&quot;credit&quot;:&quot;Picasa&quot;,&quot;camera&quot;:&quot;&quot;,&quot;caption&quot;:&quot;&quot;,&quot;created_timestamp&quot;:&quot;1486833029&quot;,&quot;copyright&quot;:&quot;&quot;,&quot;focal_length&quot;:&quot;0&quot;,&quot;iso&quot;:&quot;0&quot;,&quot;shutter_speed&quot;:&quot;0&quot;,&quot;title&quot;:&quot;&quot;}\" data-image-title=\"fleurs-personnalisees-mariage-mademoiselle-cereza-deco\" data-image-description=\"\" data-image-caption=\"\" data-medium-file=\"https:\/\/www.mellecereza.fr\/blog\/wp-content\/uploads\/2017\/02\/82r-fleurs-personnalisees-mariage-mademoiselle-cereza-deco.jpg\" data-large-file=\"https:\/\/www.mellecereza.fr\/blog\/wp-content\/uploads\/2017\/02\/82r-fleurs-personnalisees-mariage-mademoiselle-cereza-deco.jpg\" decoding=\"async\" loading=\"lazy\" class=\"aligncenter size-full wp-image-5851\" alt=\"fleurs mariage rose gris noir blanc accessoires mariage\" src=\"http:\/\/www.mellecereza.fr\/blog\/wp-content\/uploads\/2017\/02\/82r-fleurs-personnalisees-mariage-mademoiselle-cereza-deco.jpg\" width=\"600\" height=\"450\" srcset=\"https:\/\/www.mellecereza.fr\/blog\/wp-content\/uploads\/2017\/02\/82r-fleurs-personnalisees-mariage-mademoiselle-cereza-deco.jpg 600w, https:\/\/www.mellecereza.fr\/blog\/wp-content\/uploads\/2017\/02\/82r-fleurs-personnalisees-mariage-mademoiselle-cereza-deco-450x337.jpg 450w\" sizes=\"(max-width: 600px) 100vw, 600px\" \/><\/a><\/p>\n<p>&nbsp;<\/p>\n<p style=\"text-align: center;\">Un mariage dans les tonalit\u00e9s rose gris noir,<\/p>\n<p style=\"text-align: center;\">Contact\u00e9e par la future mari\u00e9e qui a eu un gros coup de coeur pour l&rsquo;originalit\u00e9 de mes <a title=\"bouquets de mari\u00e9e en tissu chic personnalisables\" href=\"http:\/\/www.mellecereza.fr\/12-bouquet-de-mariee-original\"><strong>bouquets de mari\u00e9e en tissu<\/strong><\/a>,<\/p>\n<p style=\"text-align: center;\">Comme toujours lorsque que je vais proposer un bouquet personnalis\u00e9 pour une mari\u00e9e, j&rsquo;ai eu la chance de d\u00e9couvrir LA robe et voici les premi\u00e8res fleurs propos\u00e9es (promis je vous d\u00e9voile la robe de mari\u00e9e tr\u00e8s originale dans le prochain billet du blog !)<\/p>\n<p style=\"text-align: center;\">Un mariage de satin rose, organza rose et gris et tulle plumetis noir<\/p>\n<p><a href=\"http:\/\/www.mellecereza.fr\/blog\/wp-content\/uploads\/2017\/02\/fleurs-bouquet-mariee-rose-noir-gris-personnalise-sarah-mademoiselle-cereza-deco-1.jpg\"><img data-attachment-id=\"5855\" data-permalink=\"https:\/\/www.mellecereza.fr\/blog\/fleurs-personnalisees-1-semaine-latelier\/fleurs-bouquet-mariee-rose-noir-gris-personnalise-sarah-mademoiselle-cereza-deco-1\/#main\" data-orig-file=\"https:\/\/www.mellecereza.fr\/blog\/wp-content\/uploads\/2017\/02\/fleurs-bouquet-mariee-rose-noir-gris-personnalise-sarah-mademoiselle-cereza-deco-1.jpg\" data-orig-size=\"1000,1000\" data-comments-opened=\"1\" data-image-meta=\"{&quot;aperture&quot;:&quot;0&quot;,&quot;credit&quot;:&quot;&quot;,&quot;camera&quot;:&quot;&quot;,&quot;caption&quot;:&quot;&quot;,&quot;created_timestamp&quot;:&quot;0&quot;,&quot;copyright&quot;:&quot;&quot;,&quot;focal_length&quot;:&quot;0&quot;,&quot;iso&quot;:&quot;0&quot;,&quot;shutter_speed&quot;:&quot;0&quot;,&quot;title&quot;:&quot;&quot;}\" data-image-title=\"fleurs-bouquet-mariee-rose-noir-gris-personnalise-sarah-mademoiselle-cereza-deco-1\" data-image-description=\"\" data-image-caption=\"\" data-medium-file=\"https:\/\/www.mellecereza.fr\/blog\/wp-content\/uploads\/2017\/02\/fleurs-bouquet-mariee-rose-noir-gris-personnalise-sarah-mademoiselle-cereza-deco-1-600x600.jpg\" data-large-file=\"https:\/\/www.mellecereza.fr\/blog\/wp-content\/uploads\/2017\/02\/fleurs-bouquet-mariee-rose-noir-gris-personnalise-sarah-mademoiselle-cereza-deco-1.jpg\" decoding=\"async\" loading=\"lazy\" class=\"aligncenter size-medium wp-image-5855\" alt=\"mariage rose gris noir original baroque chic sur-mesure\" src=\"http:\/\/www.mellecereza.fr\/blog\/wp-content\/uploads\/2017\/02\/fleurs-bouquet-mariee-rose-noir-gris-personnalise-sarah-mademoiselle-cereza-deco-1-600x600.jpg\" width=\"600\" height=\"600\" srcset=\"https:\/\/www.mellecereza.fr\/blog\/wp-content\/uploads\/2017\/02\/fleurs-bouquet-mariee-rose-noir-gris-personnalise-sarah-mademoiselle-cereza-deco-1-600x600.jpg 600w, https:\/\/www.mellecereza.fr\/blog\/wp-content\/uploads\/2017\/02\/fleurs-bouquet-mariee-rose-noir-gris-personnalise-sarah-mademoiselle-cereza-deco-1-450x450.jpg 450w, https:\/\/www.mellecereza.fr\/blog\/wp-content\/uploads\/2017\/02\/fleurs-bouquet-mariee-rose-noir-gris-personnalise-sarah-mademoiselle-cereza-deco-1-210x210.jpg 210w, https:\/\/www.mellecereza.fr\/blog\/wp-content\/uploads\/2017\/02\/fleurs-bouquet-mariee-rose-noir-gris-personnalise-sarah-mademoiselle-cereza-deco-1-60x60.jpg 60w, https:\/\/www.mellecereza.fr\/blog\/wp-content\/uploads\/2017\/02\/fleurs-bouquet-mariee-rose-noir-gris-personnalise-sarah-mademoiselle-cereza-deco-1.jpg 1000w\" sizes=\"(max-width: 600px) 100vw, 600px\" \/><\/a><\/p>\n<p>&nbsp;<\/p>\n<p style=\"text-align: center;\">Proposer une palette de liberty violet pour un bouquet de mari\u00e9e en fleurs personnalis\u00e9es de papier<\/p>\n<p style=\"text-align: center;\">(sur le mod\u00e8le de <a title=\"bouquet mari\u00e9e atypique papier liberty\" href=\"http:\/\/www.mellecereza.fr\/bouquet-de-mariee-original\/234-bouquet-de-mariage-atypique-fleurs-de-papier-tons-rose-rouge-crazy-love.html\">bouquet en papier Crazy Love<\/a>)<\/p>\n<p>&nbsp;<\/p>\n<p><a href=\"http:\/\/www.mellecereza.fr\/blog\/wp-content\/uploads\/2017\/02\/palette-bouquet-mariee-fleurs-papier-violet-personnalise-melle-cereza-deco-1r.jpg\"><img data-attachment-id=\"5852\" data-permalink=\"https:\/\/www.mellecereza.fr\/blog\/fleurs-personnalisees-1-semaine-latelier\/palette-bouquet-mariee-fleurs-papier-violet-personnalise-melle-cereza-deco-1r\/#main\" data-orig-file=\"https:\/\/www.mellecereza.fr\/blog\/wp-content\/uploads\/2017\/02\/palette-bouquet-mariee-fleurs-papier-violet-personnalise-melle-cereza-deco-1r.jpg\" data-orig-size=\"600,450\" data-comments-opened=\"1\" data-image-meta=\"{&quot;aperture&quot;:&quot;0&quot;,&quot;credit&quot;:&quot;&quot;,&quot;camera&quot;:&quot;&quot;,&quot;caption&quot;:&quot;&quot;,&quot;created_timestamp&quot;:&quot;0&quot;,&quot;copyright&quot;:&quot;&quot;,&quot;focal_length&quot;:&quot;0&quot;,&quot;iso&quot;:&quot;0&quot;,&quot;shutter_speed&quot;:&quot;0&quot;,&quot;title&quot;:&quot;&quot;}\" data-image-title=\"palette-bouquet-mariee-fleurs-papier-violet-personnalise-melle-cereza-deco-1r\" data-image-description=\"\" data-image-caption=\"\" data-medium-file=\"https:\/\/www.mellecereza.fr\/blog\/wp-content\/uploads\/2017\/02\/palette-bouquet-mariee-fleurs-papier-violet-personnalise-melle-cereza-deco-1r.jpg\" data-large-file=\"https:\/\/www.mellecereza.fr\/blog\/wp-content\/uploads\/2017\/02\/palette-bouquet-mariee-fleurs-papier-violet-personnalise-melle-cereza-deco-1r.jpg\" decoding=\"async\" loading=\"lazy\" class=\"aligncenter size-full wp-image-5852\" alt=\"palette-bouquet-mariee-fleurs-papier-violet-personnalise-melle-cereza-deco-1r\" src=\"http:\/\/www.mellecereza.fr\/blog\/wp-content\/uploads\/2017\/02\/palette-bouquet-mariee-fleurs-papier-violet-personnalise-melle-cereza-deco-1r.jpg\" width=\"600\" height=\"450\" srcset=\"https:\/\/www.mellecereza.fr\/blog\/wp-content\/uploads\/2017\/02\/palette-bouquet-mariee-fleurs-papier-violet-personnalise-melle-cereza-deco-1r.jpg 600w, https:\/\/www.mellecereza.fr\/blog\/wp-content\/uploads\/2017\/02\/palette-bouquet-mariee-fleurs-papier-violet-personnalise-melle-cereza-deco-1r-450x337.jpg 450w\" sizes=\"(max-width: 600px) 100vw, 600px\" \/><\/a><\/p>\n<p>&nbsp;<\/p>\n<p style=\"text-align: center;\">Confectionner des fleurs personnalis\u00e9es pour vos mariages &#8230;<\/p>\n<p style=\"text-align: center;\">et tout naturellement prolonger le bonheur en cr\u00e9ant des fleurs personnalis\u00e9es pour les naissances de vos princesses<\/p>\n<p style=\"text-align: center;\">Gr\u00e2ce \u00e0 un partenariat avec la marque fran\u00e7aise <a title=\"cadeau naissance made in france\" href=\"http:\/\/www.gazouillisetcie.fr\/\">Gazouillis &amp; Cie<\/a><\/p>\n<p style=\"text-align: center;\">Vous pouvez d\u00e9j\u00e0 retrouver <a title=\"cadeau naissance fille romantique rose gris\" href=\"http:\/\/www.gazouillisetcie.fr\/les-accessoires-en-tricot\/281-bonnet-en-tricot-pour-bebe-petite-fleur-.html\">ici le bonnet fleur de naissance rose gris<\/a><\/p>\n<p>&nbsp;<\/p>\n<p><a href=\"http:\/\/www.mellecereza.fr\/blog\/wp-content\/uploads\/2017\/02\/accessoire-bebe-nouveau-ne-fleur-faite-main-bonnet-naissance-gris-gazouillis-cie-Mademoiselle-Cereza-creation-fran\u00e7aise.jpg\"><img data-attachment-id=\"5854\" data-permalink=\"https:\/\/www.mellecereza.fr\/blog\/fleurs-personnalisees-1-semaine-latelier\/accessoire-bebe-nouveau-ne-fleur-faite-main-bonnet-naissance-gris-gazouillis-cie-mademoiselle-cereza-creation-francaise\/#main\" data-orig-file=\"https:\/\/www.mellecereza.fr\/blog\/wp-content\/uploads\/2017\/02\/accessoire-bebe-nouveau-ne-fleur-faite-main-bonnet-naissance-gris-gazouillis-cie-Mademoiselle-Cereza-creation-fran\u00e7aise.jpg\" data-orig-size=\"472,315\" data-comments-opened=\"1\" data-image-meta=\"{&quot;aperture&quot;:&quot;0&quot;,&quot;credit&quot;:&quot;&quot;,&quot;camera&quot;:&quot;&quot;,&quot;caption&quot;:&quot;&quot;,&quot;created_timestamp&quot;:&quot;0&quot;,&quot;copyright&quot;:&quot;&quot;,&quot;focal_length&quot;:&quot;0&quot;,&quot;iso&quot;:&quot;0&quot;,&quot;shutter_speed&quot;:&quot;0&quot;,&quot;title&quot;:&quot;&quot;}\" data-image-title=\"accessoire-bebe-nouveau-ne-fleur-faite-main-bonnet-naissance-gris-gazouillis-cie-Mademoiselle-Cereza-creation-fran\u00e7aise\" data-image-description=\"\" data-image-caption=\"\" data-medium-file=\"https:\/\/www.mellecereza.fr\/blog\/wp-content\/uploads\/2017\/02\/accessoire-bebe-nouveau-ne-fleur-faite-main-bonnet-naissance-gris-gazouillis-cie-Mademoiselle-Cereza-creation-fran\u00e7aise.jpg\" data-large-file=\"https:\/\/www.mellecereza.fr\/blog\/wp-content\/uploads\/2017\/02\/accessoire-bebe-nouveau-ne-fleur-faite-main-bonnet-naissance-gris-gazouillis-cie-Mademoiselle-Cereza-creation-fran\u00e7aise.jpg\" decoding=\"async\" loading=\"lazy\" class=\"aligncenter size-full wp-image-5854\" alt=\"idee cadeau bebe fille romantique originale\" src=\"http:\/\/www.mellecereza.fr\/blog\/wp-content\/uploads\/2017\/02\/accessoire-bebe-nouveau-ne-fleur-faite-main-bonnet-naissance-gris-gazouillis-cie-Mademoiselle-Cereza-creation-fran\u00e7aise.jpg\" width=\"472\" height=\"315\" srcset=\"https:\/\/www.mellecereza.fr\/blog\/wp-content\/uploads\/2017\/02\/accessoire-bebe-nouveau-ne-fleur-faite-main-bonnet-naissance-gris-gazouillis-cie-Mademoiselle-Cereza-creation-fran\u00e7aise.jpg 472w, https:\/\/www.mellecereza.fr\/blog\/wp-content\/uploads\/2017\/02\/accessoire-bebe-nouveau-ne-fleur-faite-main-bonnet-naissance-gris-gazouillis-cie-Mademoiselle-Cereza-creation-fran\u00e7aise-450x300.jpg 450w\" sizes=\"(max-width: 472px) 100vw, 472px\" \/><\/a><\/p>\n<p>&nbsp;<\/p>\n<p style=\"text-align: center;\">Pr\u00e9parer une boutonni\u00e8re de mari\u00e9 dans les tons gris ivoire rose<\/p>\n<p>&nbsp;<\/p>\n<p><a href=\"http:\/\/www.mellecereza.fr\/blog\/wp-content\/uploads\/2017\/02\/boutonniere-mariage-ivoire-rose-lin-gris-mademoiselle-cereza-deco-1.jpg\"><img data-attachment-id=\"5856\" data-permalink=\"https:\/\/www.mellecereza.fr\/blog\/fleurs-personnalisees-1-semaine-latelier\/boutonniere-mariage-ivoire-rose-lin-gris-mademoiselle-cereza-deco-1\/#main\" data-orig-file=\"https:\/\/www.mellecereza.fr\/blog\/wp-content\/uploads\/2017\/02\/boutonniere-mariage-ivoire-rose-lin-gris-mademoiselle-cereza-deco-1.jpg\" data-orig-size=\"600,600\" data-comments-opened=\"1\" data-image-meta=\"{&quot;aperture&quot;:&quot;3.3&quot;,&quot;credit&quot;:&quot;&quot;,&quot;camera&quot;:&quot;DMC-TZ5&quot;,&quot;caption&quot;:&quot;&quot;,&quot;created_timestamp&quot;:&quot;1486738294&quot;,&quot;copyright&quot;:&quot;&quot;,&quot;focal_length&quot;:&quot;4.7&quot;,&quot;iso&quot;:&quot;100&quot;,&quot;shutter_speed&quot;:&quot;0.0125&quot;,&quot;title&quot;:&quot;&quot;}\" data-image-title=\"boutonniere-mariage-ivoire-rose-lin-gris-mademoiselle-cereza-deco-1\" data-image-description=\"\" data-image-caption=\"\" data-medium-file=\"https:\/\/www.mellecereza.fr\/blog\/wp-content\/uploads\/2017\/02\/boutonniere-mariage-ivoire-rose-lin-gris-mademoiselle-cereza-deco-1-600x600.jpg\" data-large-file=\"https:\/\/www.mellecereza.fr\/blog\/wp-content\/uploads\/2017\/02\/boutonniere-mariage-ivoire-rose-lin-gris-mademoiselle-cereza-deco-1.jpg\" decoding=\"async\" loading=\"lazy\" class=\"aligncenter size-medium wp-image-5856\" alt=\"boutonniere mariage personnalisable rose gris ivoire\" src=\"http:\/\/www.mellecereza.fr\/blog\/wp-content\/uploads\/2017\/02\/boutonniere-mariage-ivoire-rose-lin-gris-mademoiselle-cereza-deco-1-600x600.jpg\" width=\"600\" height=\"600\" srcset=\"https:\/\/www.mellecereza.fr\/blog\/wp-content\/uploads\/2017\/02\/boutonniere-mariage-ivoire-rose-lin-gris-mademoiselle-cereza-deco-1.jpg 600w, https:\/\/www.mellecereza.fr\/blog\/wp-content\/uploads\/2017\/02\/boutonniere-mariage-ivoire-rose-lin-gris-mademoiselle-cereza-deco-1-450x450.jpg 450w, https:\/\/www.mellecereza.fr\/blog\/wp-content\/uploads\/2017\/02\/boutonniere-mariage-ivoire-rose-lin-gris-mademoiselle-cereza-deco-1-210x210.jpg 210w, https:\/\/www.mellecereza.fr\/blog\/wp-content\/uploads\/2017\/02\/boutonniere-mariage-ivoire-rose-lin-gris-mademoiselle-cereza-deco-1-60x60.jpg 60w\" sizes=\"(max-width: 600px) 100vw, 600px\" \/><\/a><\/p>\n<p>&nbsp;<\/p>\n<p style=\"text-align: center;\">Une future mari\u00e9e qui souhaitait personnaliser sa robe avec une fleur dans les couleurs de son th\u00e8me de mariage ivoire chocolat.<\/p>\n<p style=\"text-align: center;\"><em>Fleur personnalisation de robe de mari\u00e9e sur-mesure : si vous souhaitez commander une fleur \u00e0 coudre sur votre robe, je les propose uniquement en sur-mesure. Il vous suffit de me contacter (lien tout en haut de la page) en me pr\u00e9cisant vos souhaits pour recevoir votre devis personnalis\u00e9.<\/em><\/p>\n<p>&nbsp;<\/p>\n<p><a href=\"http:\/\/www.mellecereza.fr\/blog\/wp-content\/uploads\/2017\/02\/fleur-mariage-chocolat-ivoire-customisation-ceinture-robe-mariee-sur-mesure-melle-cereza-br.jpg\"><img data-attachment-id=\"5853\" data-permalink=\"https:\/\/www.mellecereza.fr\/blog\/fleurs-personnalisees-1-semaine-latelier\/fleur-mariage-chocolat-ivoire-customisation-ceinture-robe-mariee-sur-mesure-melle-cereza-br\/#main\" data-orig-file=\"https:\/\/www.mellecereza.fr\/blog\/wp-content\/uploads\/2017\/02\/fleur-mariage-chocolat-ivoire-customisation-ceinture-robe-mariee-sur-mesure-melle-cereza-br.jpg\" data-orig-size=\"600,599\" data-comments-opened=\"1\" data-image-meta=\"{&quot;aperture&quot;:&quot;0&quot;,&quot;credit&quot;:&quot;&quot;,&quot;camera&quot;:&quot;&quot;,&quot;caption&quot;:&quot;&quot;,&quot;created_timestamp&quot;:&quot;0&quot;,&quot;copyright&quot;:&quot;&quot;,&quot;focal_length&quot;:&quot;0&quot;,&quot;iso&quot;:&quot;0&quot;,&quot;shutter_speed&quot;:&quot;0&quot;,&quot;title&quot;:&quot;&quot;}\" data-image-title=\"fleur-mariage-chocolat-ivoire-customisation-ceinture-robe-mariee-sur-mesure-melle-cereza-br\" data-image-description=\"\" data-image-caption=\"\" data-medium-file=\"https:\/\/www.mellecereza.fr\/blog\/wp-content\/uploads\/2017\/02\/fleur-mariage-chocolat-ivoire-customisation-ceinture-robe-mariee-sur-mesure-melle-cereza-br.jpg\" data-large-file=\"https:\/\/www.mellecereza.fr\/blog\/wp-content\/uploads\/2017\/02\/fleur-mariage-chocolat-ivoire-customisation-ceinture-robe-mariee-sur-mesure-melle-cereza-br.jpg\" decoding=\"async\" loading=\"lazy\" class=\"aligncenter size-full wp-image-5853\" alt=\"fleur personnalisable robe mariee romantique\" src=\"http:\/\/www.mellecereza.fr\/blog\/wp-content\/uploads\/2017\/02\/fleur-mariage-chocolat-ivoire-customisation-ceinture-robe-mariee-sur-mesure-melle-cereza-br.jpg\" width=\"600\" height=\"599\" srcset=\"https:\/\/www.mellecereza.fr\/blog\/wp-content\/uploads\/2017\/02\/fleur-mariage-chocolat-ivoire-customisation-ceinture-robe-mariee-sur-mesure-melle-cereza-br.jpg 600w, https:\/\/www.mellecereza.fr\/blog\/wp-content\/uploads\/2017\/02\/fleur-mariage-chocolat-ivoire-customisation-ceinture-robe-mariee-sur-mesure-melle-cereza-br-450x450.jpg 450w, https:\/\/www.mellecereza.fr\/blog\/wp-content\/uploads\/2017\/02\/fleur-mariage-chocolat-ivoire-customisation-ceinture-robe-mariee-sur-mesure-melle-cereza-br-210x210.jpg 210w, https:\/\/www.mellecereza.fr\/blog\/wp-content\/uploads\/2017\/02\/fleur-mariage-chocolat-ivoire-customisation-ceinture-robe-mariee-sur-mesure-melle-cereza-br-60x60.jpg 60w\" sizes=\"(max-width: 600px) 100vw, 600px\" \/><\/a><\/p>\n<p>&nbsp;<\/p>\n<p style=\"text-align: center;\">Personnaliser le <a title=\"porte-alliances tambour dentelle personnalisable\" href=\"http:\/\/www.mellecereza.fr\/porte-alliances-dentelle\/139-porte-alliances-original-dentelle-chic-appoline-.html\">porte-alliances tambour dentelle Appoline<\/a> dans les tons blancs<\/p>\n<p>&nbsp;<\/p>\n<p><a href=\"http:\/\/www.mellecereza.fr\/blog\/wp-content\/uploads\/2017\/02\/porte-alliances-dentelle-tambour-mariage-chic-blanc-mademoiselle-cereza-deco-2.jpg\"><img data-attachment-id=\"5857\" data-permalink=\"https:\/\/www.mellecereza.fr\/blog\/fleurs-personnalisees-1-semaine-latelier\/porte-alliances-dentelle-tambour-mariage-chic-blanc-mademoiselle-cereza-deco-2\/#main\" data-orig-file=\"https:\/\/www.mellecereza.fr\/blog\/wp-content\/uploads\/2017\/02\/porte-alliances-dentelle-tambour-mariage-chic-blanc-mademoiselle-cereza-deco-2.jpg\" data-orig-size=\"600,600\" data-comments-opened=\"1\" data-image-meta=\"{&quot;aperture&quot;:&quot;3.3&quot;,&quot;credit&quot;:&quot;&quot;,&quot;camera&quot;:&quot;DMC-TZ5&quot;,&quot;caption&quot;:&quot;&quot;,&quot;created_timestamp&quot;:&quot;1486467184&quot;,&quot;copyright&quot;:&quot;&quot;,&quot;focal_length&quot;:&quot;4.7&quot;,&quot;iso&quot;:&quot;100&quot;,&quot;shutter_speed&quot;:&quot;0.05&quot;,&quot;title&quot;:&quot;&quot;}\" data-image-title=\"porte-alliances-dentelle-tambour-mariage-chic-blanc-mademoiselle-cereza-deco-2\" data-image-description=\"\" data-image-caption=\"\" data-medium-file=\"https:\/\/www.mellecereza.fr\/blog\/wp-content\/uploads\/2017\/02\/porte-alliances-dentelle-tambour-mariage-chic-blanc-mademoiselle-cereza-deco-2-600x600.jpg\" data-large-file=\"https:\/\/www.mellecereza.fr\/blog\/wp-content\/uploads\/2017\/02\/porte-alliances-dentelle-tambour-mariage-chic-blanc-mademoiselle-cereza-deco-2.jpg\" decoding=\"async\" loading=\"lazy\" class=\"aligncenter size-medium wp-image-5857\" alt=\"porte-alliances tambour dentelle personnalisable france\" src=\"http:\/\/www.mellecereza.fr\/blog\/wp-content\/uploads\/2017\/02\/porte-alliances-dentelle-tambour-mariage-chic-blanc-mademoiselle-cereza-deco-2-600x600.jpg\" width=\"600\" height=\"600\" srcset=\"https:\/\/www.mellecereza.fr\/blog\/wp-content\/uploads\/2017\/02\/porte-alliances-dentelle-tambour-mariage-chic-blanc-mademoiselle-cereza-deco-2.jpg 600w, https:\/\/www.mellecereza.fr\/blog\/wp-content\/uploads\/2017\/02\/porte-alliances-dentelle-tambour-mariage-chic-blanc-mademoiselle-cereza-deco-2-450x450.jpg 450w, https:\/\/www.mellecereza.fr\/blog\/wp-content\/uploads\/2017\/02\/porte-alliances-dentelle-tambour-mariage-chic-blanc-mademoiselle-cereza-deco-2-210x210.jpg 210w, https:\/\/www.mellecereza.fr\/blog\/wp-content\/uploads\/2017\/02\/porte-alliances-dentelle-tambour-mariage-chic-blanc-mademoiselle-cereza-deco-2-60x60.jpg 60w\" sizes=\"(max-width: 600px) 100vw, 600px\" \/><\/a><\/p>\n<p>&nbsp;<\/p>\n<p style=\"text-align: center;\">Avant d&rsquo;exp\u00e9dier un <a title=\"coussin alliances duo personnalisable\" href=\"http:\/\/www.mellecereza.fr\/porte-alliance-duo-simplicite\/11-porte-alliance-original-personnalisable-duo-.html\">coussin d&rsquo;alliances Duo<\/a>, lui faire prendre la pose sous un rayon de soleil !<\/p>\n<p>&nbsp;<\/p>\n<p><a href=\"http:\/\/www.mellecereza.fr\/blog\/wp-content\/uploads\/2017\/02\/coussin-alliances-duo-blanc-gris-argent-fleur-personnalisable-mademoiselle-cereza-deco-1.jpg\"><img data-attachment-id=\"5858\" data-permalink=\"https:\/\/www.mellecereza.fr\/blog\/fleurs-personnalisees-1-semaine-latelier\/coussin-alliances-duo-blanc-gris-argent-fleur-personnalisable-mademoiselle-cereza-deco-1\/#main\" data-orig-file=\"https:\/\/www.mellecereza.fr\/blog\/wp-content\/uploads\/2017\/02\/coussin-alliances-duo-blanc-gris-argent-fleur-personnalisable-mademoiselle-cereza-deco-1.jpg\" data-orig-size=\"600,600\" data-comments-opened=\"1\" data-image-meta=\"{&quot;aperture&quot;:&quot;3.3&quot;,&quot;credit&quot;:&quot;&quot;,&quot;camera&quot;:&quot;DMC-TZ5&quot;,&quot;caption&quot;:&quot;&quot;,&quot;created_timestamp&quot;:&quot;1486468758&quot;,&quot;copyright&quot;:&quot;&quot;,&quot;focal_length&quot;:&quot;4.7&quot;,&quot;iso&quot;:&quot;100&quot;,&quot;shutter_speed&quot;:&quot;0.076923076923077&quot;,&quot;title&quot;:&quot;&quot;}\" data-image-title=\"coussin-alliances-duo-blanc-gris-argent-fleur-personnalisable-mademoiselle-cereza-deco-1\" data-image-description=\"\" data-image-caption=\"\" data-medium-file=\"https:\/\/www.mellecereza.fr\/blog\/wp-content\/uploads\/2017\/02\/coussin-alliances-duo-blanc-gris-argent-fleur-personnalisable-mademoiselle-cereza-deco-1-600x600.jpg\" data-large-file=\"https:\/\/www.mellecereza.fr\/blog\/wp-content\/uploads\/2017\/02\/coussin-alliances-duo-blanc-gris-argent-fleur-personnalisable-mademoiselle-cereza-deco-1.jpg\" decoding=\"async\" loading=\"lazy\" class=\"aligncenter size-medium wp-image-5858\" alt=\"coussin alliances personnalisable original blanc gris fleur\" src=\"http:\/\/www.mellecereza.fr\/blog\/wp-content\/uploads\/2017\/02\/coussin-alliances-duo-blanc-gris-argent-fleur-personnalisable-mademoiselle-cereza-deco-1-600x600.jpg\" width=\"600\" height=\"600\" srcset=\"https:\/\/www.mellecereza.fr\/blog\/wp-content\/uploads\/2017\/02\/coussin-alliances-duo-blanc-gris-argent-fleur-personnalisable-mademoiselle-cereza-deco-1.jpg 600w, https:\/\/www.mellecereza.fr\/blog\/wp-content\/uploads\/2017\/02\/coussin-alliances-duo-blanc-gris-argent-fleur-personnalisable-mademoiselle-cereza-deco-1-450x450.jpg 450w, https:\/\/www.mellecereza.fr\/blog\/wp-content\/uploads\/2017\/02\/coussin-alliances-duo-blanc-gris-argent-fleur-personnalisable-mademoiselle-cereza-deco-1-210x210.jpg 210w, https:\/\/www.mellecereza.fr\/blog\/wp-content\/uploads\/2017\/02\/coussin-alliances-duo-blanc-gris-argent-fleur-personnalisable-mademoiselle-cereza-deco-1-60x60.jpg 60w\" sizes=\"(max-width: 600px) 100vw, 600px\" \/><\/a><\/p>\n<p>&nbsp;<\/p>\n<p>&nbsp;<\/p>\n<div class=\"post_signature\"><img src=\"https:\/\/www.mellecereza.fr\/blog\/wp-content\/uploads\/2020\/02\/sign-200-FEV-15d1.png\" \/><\/div>","protected":false},"excerpt":{"rendered":"<p>Fleurs personnalis\u00e9es mariage et &#8230; Les fleurs personnalis\u00e9es sont mon coeur de m\u00e9tier, dans tous les jolis sens du terme. Des fleurs personnalis\u00e9es pour vos mariages mais pas uniquement, vous allez voir qu&rsquo;\u00e0 travers un partenariat avec une douce marque&#8230;<\/p>\n","protected":false},"author":1,"featured_media":5851,"comment_status":"open","ping_status":"open","sticky":false,"template":"","format":"standard","meta":{"jetpack_post_was_ever_published":false,"jetpack_publicize_message":"","jetpack_is_tweetstorm":false,"jetpack_publicize_feature_enabled":true,"jetpack_social_post_already_shared":true,"jetpack_social_options":{"image_generator_settings":{"template":"highway","enabled":false}}},"categories":[19],"tags":[422,592,561,593,591,590],"jetpack_publicize_connections":[],"yoast_head":"<!-- This site is optimized with the Yoast SEO plugin v20.3 - https:\/\/yoast.com\/wordpress\/plugins\/seo\/ -->\n<title>Fleurs personnalis\u00e9es : 1 semaine dans l&#039;atelier - Melle Cereza blog mariage original<\/title>\n<meta name=\"robots\" content=\"index, follow, max-snippet:-1, max-image-preview:large, max-video-preview:-1\" \/>\n<link rel=\"canonical\" href=\"https:\/\/www.mellecereza.fr\/blog\/fleurs-personnalisees-1-semaine-latelier\/\" \/>\n<meta property=\"og:locale\" content=\"fr_FR\" \/>\n<meta property=\"og:type\" content=\"article\" \/>\n<meta property=\"og:title\" content=\"Fleurs personnalis\u00e9es : 1 semaine dans l&#039;atelier - Melle Cereza blog mariage original\" \/>\n<meta property=\"og:description\" content=\"Fleurs personnalis\u00e9es mariage et &#8230; Les fleurs personnalis\u00e9es sont mon coeur de m\u00e9tier, dans tous les jolis sens du terme. Des fleurs personnalis\u00e9es pour vos mariages mais pas uniquement, vous allez voir qu&rsquo;\u00e0 travers un partenariat avec une douce marque...\" \/>\n<meta property=\"og:url\" content=\"https:\/\/www.mellecereza.fr\/blog\/fleurs-personnalisees-1-semaine-latelier\/\" \/>\n<meta property=\"og:site_name\" content=\"Melle Cereza blog mariage original\" \/>\n<meta property=\"article:published_time\" content=\"2017-02-11T18:10:01+00:00\" \/>\n<meta property=\"article:modified_time\" content=\"2017-02-11T18:13:20+00:00\" \/>\n<meta property=\"og:image\" content=\"https:\/\/www.mellecereza.fr\/blog\/wp-content\/uploads\/2017\/02\/82r-fleurs-personnalisees-mariage-mademoiselle-cereza-deco.jpg\" \/>\n\t<meta property=\"og:image:width\" content=\"600\" \/>\n\t<meta property=\"og:image:height\" content=\"450\" \/>\n\t<meta property=\"og:image:type\" content=\"image\/jpeg\" \/>\n<meta name=\"author\" content=\"Cerise\" \/>\n<meta name=\"twitter:label1\" content=\"\u00c9crit par\" \/>\n\t<meta name=\"twitter:data1\" content=\"Cerise\" \/>\n\t<meta name=\"twitter:label2\" content=\"Dur\u00e9e de lecture estim\u00e9e\" \/>\n\t<meta name=\"twitter:data2\" content=\"2 minutes\" \/>\n<script type=\"application\/ld+json\" class=\"yoast-schema-graph\">{\"@context\":\"https:\/\/schema.org\",\"@graph\":[{\"@type\":\"WebPage\",\"@id\":\"https:\/\/www.mellecereza.fr\/blog\/fleurs-personnalisees-1-semaine-latelier\/\",\"url\":\"https:\/\/www.mellecereza.fr\/blog\/fleurs-personnalisees-1-semaine-latelier\/\",\"name\":\"Fleurs personnalis\u00e9es : 1 semaine dans l'atelier - Melle Cereza blog mariage original\",\"isPartOf\":{\"@id\":\"https:\/\/www.mellecereza.fr\/blog\/#website\"},\"datePublished\":\"2017-02-11T18:10:01+00:00\",\"dateModified\":\"2017-02-11T18:13:20+00:00\",\"author\":{\"@id\":\"https:\/\/www.mellecereza.fr\/blog\/#\/schema\/person\/3ad20d39d7b07a33b39c2e111d852118\"},\"breadcrumb\":{\"@id\":\"https:\/\/www.mellecereza.fr\/blog\/fleurs-personnalisees-1-semaine-latelier\/#breadcrumb\"},\"inLanguage\":\"fr-FR\",\"potentialAction\":[{\"@type\":\"ReadAction\",\"target\":[\"https:\/\/www.mellecereza.fr\/blog\/fleurs-personnalisees-1-semaine-latelier\/\"]}]},{\"@type\":\"BreadcrumbList\",\"@id\":\"https:\/\/www.mellecereza.fr\/blog\/fleurs-personnalisees-1-semaine-latelier\/#breadcrumb\",\"itemListElement\":[{\"@type\":\"ListItem\",\"position\":1,\"name\":\"Accueil\",\"item\":\"https:\/\/www.mellecereza.fr\/blog\/\"},{\"@type\":\"ListItem\",\"position\":2,\"name\":\"Fleurs personnalis\u00e9es : 1 semaine dans l&rsquo;atelier\"}]},{\"@type\":\"WebSite\",\"@id\":\"https:\/\/www.mellecereza.fr\/blog\/#website\",\"url\":\"https:\/\/www.mellecereza.fr\/blog\/\",\"name\":\"Melle Cereza blog mariage original\",\"description\":\"Id\u00e9es et inspirations pour un joli mariage original, id\u00e9es d\u00e9co, bouquet, bijoux &amp; accessoires\",\"potentialAction\":[{\"@type\":\"SearchAction\",\"target\":{\"@type\":\"EntryPoint\",\"urlTemplate\":\"https:\/\/www.mellecereza.fr\/blog\/?s={search_term_string}\"},\"query-input\":\"required name=search_term_string\"}],\"inLanguage\":\"fr-FR\"},{\"@type\":\"Person\",\"@id\":\"https:\/\/www.mellecereza.fr\/blog\/#\/schema\/person\/3ad20d39d7b07a33b39c2e111d852118\",\"name\":\"Cerise\",\"image\":{\"@type\":\"ImageObject\",\"inLanguage\":\"fr-FR\",\"@id\":\"https:\/\/www.mellecereza.fr\/blog\/#\/schema\/person\/image\/\",\"url\":\"https:\/\/secure.gravatar.com\/avatar\/f8aa59be965caf71440dfd118dcb3362?s=96&d=identicon&r=g\",\"contentUrl\":\"https:\/\/secure.gravatar.com\/avatar\/f8aa59be965caf71440dfd118dcb3362?s=96&d=identicon&r=g\",\"caption\":\"Cerise\"},\"url\":\"https:\/\/www.mellecereza.fr\/blog\/author\/cerise\/\"}]}<\/script>\n<!-- \/ Yoast SEO plugin. -->","yoast_head_json":{"title":"Fleurs personnalis\u00e9es : 1 semaine dans l'atelier - Melle Cereza blog mariage original","robots":{"index":"index","follow":"follow","max-snippet":"max-snippet:-1","max-image-preview":"max-image-preview:large","max-video-preview":"max-video-preview:-1"},"canonical":"https:\/\/www.mellecereza.fr\/blog\/fleurs-personnalisees-1-semaine-latelier\/","og_locale":"fr_FR","og_type":"article","og_title":"Fleurs personnalis\u00e9es : 1 semaine dans l'atelier - Melle Cereza blog mariage original","og_description":"Fleurs personnalis\u00e9es mariage et &#8230; Les fleurs personnalis\u00e9es sont mon coeur de m\u00e9tier, dans tous les jolis sens du terme. Des fleurs personnalis\u00e9es pour vos mariages mais pas uniquement, vous allez voir qu&rsquo;\u00e0 travers un partenariat avec une douce marque...","og_url":"https:\/\/www.mellecereza.fr\/blog\/fleurs-personnalisees-1-semaine-latelier\/","og_site_name":"Melle Cereza blog mariage original","article_published_time":"2017-02-11T18:10:01+00:00","article_modified_time":"2017-02-11T18:13:20+00:00","og_image":[{"width":600,"height":450,"url":"https:\/\/www.mellecereza.fr\/blog\/wp-content\/uploads\/2017\/02\/82r-fleurs-personnalisees-mariage-mademoiselle-cereza-deco.jpg","type":"image\/jpeg"}],"author":"Cerise","twitter_misc":{"\u00c9crit par":"Cerise","Dur\u00e9e de lecture estim\u00e9e":"2 minutes"},"schema":{"@context":"https:\/\/schema.org","@graph":[{"@type":"WebPage","@id":"https:\/\/www.mellecereza.fr\/blog\/fleurs-personnalisees-1-semaine-latelier\/","url":"https:\/\/www.mellecereza.fr\/blog\/fleurs-personnalisees-1-semaine-latelier\/","name":"Fleurs personnalis\u00e9es : 1 semaine dans l'atelier - Melle Cereza blog mariage original","isPartOf":{"@id":"https:\/\/www.mellecereza.fr\/blog\/#website"},"datePublished":"2017-02-11T18:10:01+00:00","dateModified":"2017-02-11T18:13:20+00:00","author":{"@id":"https:\/\/www.mellecereza.fr\/blog\/#\/schema\/person\/3ad20d39d7b07a33b39c2e111d852118"},"breadcrumb":{"@id":"https:\/\/www.mellecereza.fr\/blog\/fleurs-personnalisees-1-semaine-latelier\/#breadcrumb"},"inLanguage":"fr-FR","potentialAction":[{"@type":"ReadAction","target":["https:\/\/www.mellecereza.fr\/blog\/fleurs-personnalisees-1-semaine-latelier\/"]}]},{"@type":"BreadcrumbList","@id":"https:\/\/www.mellecereza.fr\/blog\/fleurs-personnalisees-1-semaine-latelier\/#breadcrumb","itemListElement":[{"@type":"ListItem","position":1,"name":"Accueil","item":"https:\/\/www.mellecereza.fr\/blog\/"},{"@type":"ListItem","position":2,"name":"Fleurs personnalis\u00e9es : 1 semaine dans l&rsquo;atelier"}]},{"@type":"WebSite","@id":"https:\/\/www.mellecereza.fr\/blog\/#website","url":"https:\/\/www.mellecereza.fr\/blog\/","name":"Melle Cereza blog mariage original","description":"Id\u00e9es et inspirations pour un joli mariage original, id\u00e9es d\u00e9co, bouquet, bijoux &amp; accessoires","potentialAction":[{"@type":"SearchAction","target":{"@type":"EntryPoint","urlTemplate":"https:\/\/www.mellecereza.fr\/blog\/?s={search_term_string}"},"query-input":"required name=search_term_string"}],"inLanguage":"fr-FR"},{"@type":"Person","@id":"https:\/\/www.mellecereza.fr\/blog\/#\/schema\/person\/3ad20d39d7b07a33b39c2e111d852118","name":"Cerise","image":{"@type":"ImageObject","inLanguage":"fr-FR","@id":"https:\/\/www.mellecereza.fr\/blog\/#\/schema\/person\/image\/","url":"https:\/\/secure.gravatar.com\/avatar\/f8aa59be965caf71440dfd118dcb3362?s=96&d=identicon&r=g","contentUrl":"https:\/\/secure.gravatar.com\/avatar\/f8aa59be965caf71440dfd118dcb3362?s=96&d=identicon&r=g","caption":"Cerise"},"url":"https:\/\/www.mellecereza.fr\/blog\/author\/cerise\/"}]}},"jetpack_featured_media_url":"https:\/\/www.mellecereza.fr\/blog\/wp-content\/uploads\/2017\/02\/82r-fleurs-personnalisees-mariage-mademoiselle-cereza-deco.jpg","jetpack_shortlink":"https:\/\/wp.me\/p4ptN6-1wm","jetpack_sharing_enabled":true,"jetpack-related-posts":[{"id":3285,"url":"https:\/\/www.mellecereza.fr\/blog\/bijoux-mariee-personnalises-latelier-121\/","url_meta":{"origin":5850,"position":0},"title":"Bijoux de mari\u00e9e personnalis\u00e9s, dans l&rsquo;atelier #121","date":"6 avril 2015","format":false,"excerpt":"Ahhhhh cette semaine dans l'atelier c'\u00e9tait bijoux de mari\u00e9e personnalis\u00e9s \u2665 Vos demandes particuli\u00e8res de bijoux personnalis\u00e9s ou sur-mesure ont enchant\u00e9 mon atelier cette semaine. Un retour en photos sur vos accessoires Des bijoux de mari\u00e9e personnalis\u00e9s en rose corail, collier et boucles d'oreilles assorties. Des broches bijoux personnalis\u00e9es pour\u2026","rel":"","context":"Dans &quot;Dans l'atelier&quot;","img":{"alt_text":"","src":"https:\/\/i0.wp.com\/www.mellecereza.fr\/blog\/wp-content\/uploads\/2015\/04\/121r-bijoux-de-mari\u00e9e-personnalis\u00e9s-mariage-cereza-mademoiselle.jpg?resize=350%2C200&ssl=1","width":350,"height":200},"classes":[]},{"id":5415,"url":"https:\/\/www.mellecereza.fr\/blog\/bouquets-bijoux-mariage-latelier-173\/","url_meta":{"origin":5850,"position":1},"title":"Bouquets bijoux mariage, dans l&rsquo;atelier #173","date":"24 septembre 2016","format":false,"excerpt":"Bouquets bijoux mariage, une semaine dans l'atelier de Mademoiselle Cereza Petit moment privil\u00e9gi\u00e9 entre vous et moi, ce moment de la semaine o\u00f9 je vous d\u00e9voile les coulisses de l'atelier Mademoiselle Cereza des derniers jours \u2665 \u00a0Des broches bijoux pr\u00eates \u00e0 rejoindre la future mari\u00e9e \u2665 ** Les broches bijoux\u2026","rel":"","context":"Dans &quot;Dans l'atelier&quot;","img":{"alt_text":"bouquets bijoux mariage Mademoiselle Cereza","src":"https:\/\/i0.wp.com\/www.mellecereza.fr\/blog\/wp-content\/uploads\/2016\/09\/73r-bouquets-bijoux-mariage-cereza-mademoiselle.jpg?resize=350%2C200&ssl=1","width":350,"height":200},"classes":[]},{"id":3202,"url":"https:\/\/www.mellecereza.fr\/blog\/mariage-ivoire-rose-gris-blanc\/","url_meta":{"origin":5850,"position":2},"title":"Mariage ivoire, rose, gris, blanc et notes fleuries, l&rsquo;atelier #119","date":"16 mars 2015","format":false,"excerpt":"Mariage ivoire, rose, gris, blanc et . . . La saison des mariages bat son plein \u00e0 l'atelier : je suis vraiment tr\u00e8s heureuse de recevoir toutes vos demandes - personnalis\u00e9es ou sur-mesure. Cette semaine vos couleurs phares - \u00a0un mariage d'ivoire, rose, gris et une touche de blanc -\u2026","rel":"","context":"Dans &quot;Dans l'atelier&quot;","img":{"alt_text":"","src":"https:\/\/i0.wp.com\/www.mellecereza.fr\/blog\/wp-content\/uploads\/2015\/03\/119r-mariage-ivoire-rose-gris-blanc-2015-cereza-mademoiselle.jpg?resize=350%2C200&ssl=1","width":350,"height":200},"classes":[]},{"id":715,"url":"https:\/\/www.mellecereza.fr\/blog\/des-mariages-personnalises\/","url_meta":{"origin":5850,"position":3},"title":"Une semaine \u00e0 l&rsquo;atelier #81: des mariages personnalis\u00e9s","date":"27 avril 2014","format":false,"excerpt":"Notre rendez-vous du dimanche est tout \u00e0 fait sur-mesure cette semaine : des demandes pour des mariages personnalis\u00e9s m'ont port\u00e9es vers des essais et des propositions toutes plus romantiques les unes que les autres :) Proposer un tulle plumetis pour ajouter une touche toute romantique et personnalis\u00e9e \u00e0 un bouquet\u2026","rel":"","context":"Dans &quot;Dans l'atelier&quot;","img":{"alt_text":"","src":"https:\/\/i0.wp.com\/www.mellecereza.fr\/blog\/wp-content\/uploads\/2014\/04\/81r-27-av-mariage-bouquet-mariee-original-\u00e9ternel-tissu-personnalis\u00e9-sur-mesure-dentelle-plumes-cereza-deco.jpg?resize=350%2C200&ssl=1","width":350,"height":200},"classes":[]},{"id":5908,"url":"https:\/\/www.mellecereza.fr\/blog\/fleur-rose-coiffure-mariage-1-semaine-latelier\/","url_meta":{"origin":5850,"position":4},"title":"Fleur rose pour coiffure de mariage, 1 semaine dans l&rsquo;atelier","date":"11 mars 2017","format":false,"excerpt":"Fleur rose pour coiffure de mariage, 1 semaine dans les coulisses de l'atelier Mademoiselle Cereza Une fleur rose pour coiffure de mariage mais attention : chacune sa fleur rose personnalis\u00e9e, adapt\u00e9e \u00e0 son th\u00e8me. Pour la mari\u00e9e comme pour les petites filles d'honneur de son cort\u00e8ge, les fleurs de coiffure\u2026","rel":"","context":"Dans &quot;Dans l'atelier&quot;","img":{"alt_text":"fleur rose pour coiffure de mariage","src":"https:\/\/i0.wp.com\/www.mellecereza.fr\/blog\/wp-content\/uploads\/2017\/03\/85r-fleur-rose-pour-coiffure-de-mariage-mademoiselle-cereza-deco.jpg?resize=350%2C200&ssl=1","width":350,"height":200},"classes":[]},{"id":1554,"url":"https:\/\/www.mellecereza.fr\/blog\/bouquet-de-mariee-original-et-accessoires\/","url_meta":{"origin":5850,"position":5},"title":"Bouquet de mari\u00e9e original et accessoires sur-mesure dans l&rsquo;atelier #97","date":"31 ao\u00fbt 2014","format":false,"excerpt":"Un bouquet de mari\u00e9e original et accessoires, un bouquet de mari\u00e9e sur-mesure et de jolies fleurs personnalis\u00e9es ... Cette semaine dans l'atelier a \u00e9t\u00e9 riche en nouvelles cr\u00e9ations mariage, mais pas seulement ... ;) \u00a0En jolis d\u00e9tails ... Un bouquet de mari\u00e9e original dans les tons d'un mariage ivoire et\u2026","rel":"","context":"Dans &quot;Dans l'atelier&quot;","img":{"alt_text":"","src":"https:\/\/i0.wp.com\/www.mellecereza.fr\/blog\/wp-content\/uploads\/2014\/08\/97-31aout-bouquet-mariee-original-mariage-personnalis\u00e9-sur-mesure-fleur-cereza-deco.jpg?resize=350%2C200&ssl=1","width":350,"height":200},"classes":[]}],"_links":{"self":[{"href":"https:\/\/www.mellecereza.fr\/blog\/wp-json\/wp\/v2\/posts\/5850"}],"collection":[{"href":"https:\/\/www.mellecereza.fr\/blog\/wp-json\/wp\/v2\/posts"}],"about":[{"href":"https:\/\/www.mellecereza.fr\/blog\/wp-json\/wp\/v2\/types\/post"}],"author":[{"embeddable":true,"href":"https:\/\/www.mellecereza.fr\/blog\/wp-json\/wp\/v2\/users\/1"}],"replies":[{"embeddable":true,"href":"https:\/\/www.mellecereza.fr\/blog\/wp-json\/wp\/v2\/comments?post=5850"}],"version-history":[{"count":2,"href":"https:\/\/www.mellecereza.fr\/blog\/wp-json\/wp\/v2\/posts\/5850\/revisions"}],"predecessor-version":[{"id":5860,"href":"https:\/\/www.mellecereza.fr\/blog\/wp-json\/wp\/v2\/posts\/5850\/revisions\/5860"}],"wp:featuredmedia":[{"embeddable":true,"href":"https:\/\/www.mellecereza.fr\/blog\/wp-json\/wp\/v2\/media\/5851"}],"wp:attachment":[{"href":"https:\/\/www.mellecereza.fr\/blog\/wp-json\/wp\/v2\/media?parent=5850"}],"wp:term":[{"taxonomy":"category","embeddable":true,"href":"https:\/\/www.mellecereza.fr\/blog\/wp-json\/wp\/v2\/categories?post=5850"},{"taxonomy":"post_tag","embeddable":true,"href":"https:\/\/www.mellecereza.fr\/blog\/wp-json\/wp\/v2\/tags?post=5850"}],"curies":[{"name":"wp","href":"https:\/\/api.w.org\/{rel}","templated":true}]}}