{"id":6000,"date":"2017-04-27T11:41:47","date_gmt":"2017-04-27T09:41:47","guid":{"rendered":"http:\/\/www.mellecereza.fr\/blog\/?p=6000"},"modified":"2017-04-30T08:10:20","modified_gmt":"2017-04-30T06:10:20","slug":"headband-mariage-boheme-chic-maeva","status":"publish","type":"post","link":"https:\/\/www.mellecereza.fr\/blog\/headband-mariage-boheme-chic-maeva\/","title":{"rendered":"Le headband mariage boh\u00e8me chic de Maeva"},"content":{"rendered":"<h4>Le headband mariage boh\u00e8me chic d&rsquo;une future mari\u00e9e<\/h4>\n<p style=\"text-align: justify;\">Pour sa coiffure de mari\u00e9e, Maeva recherchait un bijou de t\u00eate original, un <a title=\"headband mariage boh\u00e8me chic romantique Gispy\" href=\"http:\/\/www.mellecereza.fr\/bijoux-de-tete\/385-headband-mariage-boheme-chic-perles-strass-swarovski-feuilles-gipsy.html\"><strong>headband dans un style boh\u00e8me chic et romantique<\/strong><\/a>.<\/p>\n<p style=\"text-align: justify;\">La future mari\u00e9e souhaitait un accessoire chic \u00a0sans qu&rsquo;il soit trop volumineux, simple sans \u00eatre non plus trop d\u00e9pouill\u00e9. En r\u00e9sum\u00e9, Maeva cherchait un joli headband boh\u00e8me chic pour mettre en valeur sa coiffure de mariage et m&rsquo;a donc contact\u00e9e pour que je lui confectionne le headband id\u00e9al.<\/p>\n<p style=\"text-align: justify;\">Nous sommes tomb\u00e9es d&rsquo;accord sur un headband double : 2 rangs bijoux qui viendraient se poser d\u00e9licatement sur le front de la future mari\u00e9e.<\/p>\n<p style=\"text-align: center;\">J&rsquo;ai propos\u00e9 \u00e0 Maeva 2 finitions possibles pour son headband boh\u00e8me chic, ce qui allait composer le double rang sur son front : de fins strass de cristal Swarovski pour un style princesse moderne ou de d\u00e9licates perles pour un style plus r\u00e9tro :<\/p>\n<p><a href=\"http:\/\/www.mellecereza.fr\/blog\/wp-content\/uploads\/2017\/04\/headband-mariage-boheme-chic-cristal-swarovski-melle-cereza-1.jpg\"><img data-attachment-id=\"6001\" data-permalink=\"https:\/\/www.mellecereza.fr\/blog\/headband-mariage-boheme-chic-maeva\/headband-mariage-boheme-chic-cristal-swarovski-melle-cereza-1\/#main\" data-orig-file=\"https:\/\/www.mellecereza.fr\/blog\/wp-content\/uploads\/2017\/04\/headband-mariage-boheme-chic-cristal-swarovski-melle-cereza-1.jpg\" data-orig-size=\"600,450\" data-comments-opened=\"1\" data-image-meta=\"{&quot;aperture&quot;:&quot;3.3&quot;,&quot;credit&quot;:&quot;&quot;,&quot;camera&quot;:&quot;DMC-TZ5&quot;,&quot;caption&quot;:&quot;&quot;,&quot;created_timestamp&quot;:&quot;1488035054&quot;,&quot;copyright&quot;:&quot;&quot;,&quot;focal_length&quot;:&quot;4.7&quot;,&quot;iso&quot;:&quot;100&quot;,&quot;shutter_speed&quot;:&quot;0.016666666666667&quot;,&quot;title&quot;:&quot;&quot;}\" data-image-title=\"headband-mariage-boheme-chic-cristal-swarovski-melle-cereza-1\" data-image-description=\"\" data-image-caption=\"\" data-medium-file=\"https:\/\/www.mellecereza.fr\/blog\/wp-content\/uploads\/2017\/04\/headband-mariage-boheme-chic-cristal-swarovski-melle-cereza-1.jpg\" data-large-file=\"https:\/\/www.mellecereza.fr\/blog\/wp-content\/uploads\/2017\/04\/headband-mariage-boheme-chic-cristal-swarovski-melle-cereza-1.jpg\" decoding=\"async\" loading=\"lazy\" class=\"aligncenter size-full wp-image-6001\" alt=\"headband mariage boh\u00e8me chic Mademoiselle Cereza perles ou strass de cristal\" src=\"http:\/\/www.mellecereza.fr\/blog\/wp-content\/uploads\/2017\/04\/headband-mariage-boheme-chic-cristal-swarovski-melle-cereza-1.jpg\" width=\"600\" height=\"450\" srcset=\"https:\/\/www.mellecereza.fr\/blog\/wp-content\/uploads\/2017\/04\/headband-mariage-boheme-chic-cristal-swarovski-melle-cereza-1.jpg 600w, https:\/\/www.mellecereza.fr\/blog\/wp-content\/uploads\/2017\/04\/headband-mariage-boheme-chic-cristal-swarovski-melle-cereza-1-450x337.jpg 450w\" sizes=\"(max-width: 600px) 100vw, 600px\" \/><\/a><\/p>\n<p>&nbsp;<\/p>\n<p>La future mari\u00e9e a consult\u00e9 ses pr\u00e9cieuses t\u00e9moins pour conna\u00eetre leurs avis : qu&rsquo;est-ce qui des perles ou des strass de cristal irait le mieux avec son th\u00e8me de mariage boh\u00e8me chic ? Le verdict copines + future mari\u00e9e a \u00e9t\u00e9 unanime : les perles !<\/p>\n<p>Pour \u00eatre parfaitement dans le th\u00e8me, j&rsquo;ai plac\u00e9 sur le headband mariage boh\u00e8me chic de petites feuilles argent\u00e9es qui lui donne un c\u00f4t\u00e9 bijou nature chic. Les feuilles sont ajour\u00e9es pour garder l&rsquo;esprit l\u00e9ger du bijou de coiffure : le headband est destin\u00e9 \u00e0 souligner la coiffure de la mari\u00e9e, la mettre en valeur, et surtout pas pour \u00a0qu&rsquo;on ne voit que lui : la star du jour c&rsquo;est la mari\u00e9e \ud83d\ude09<\/p>\n<p><a href=\"http:\/\/www.mellecereza.fr\/blog\/wp-content\/uploads\/2017\/04\/headband-mariage-perles-cristal-boheme-chic-romantiques-cristal-feuilles-melle-cereza-deco-10.jpg\"><img data-attachment-id=\"6002\" data-permalink=\"https:\/\/www.mellecereza.fr\/blog\/headband-mariage-boheme-chic-maeva\/headband-mariage-perles-cristal-boheme-chic-romantiques-cristal-feuilles-melle-cereza-deco-10\/#main\" data-orig-file=\"https:\/\/www.mellecereza.fr\/blog\/wp-content\/uploads\/2017\/04\/headband-mariage-perles-cristal-boheme-chic-romantiques-cristal-feuilles-melle-cereza-deco-10.jpg\" data-orig-size=\"1000,1000\" data-comments-opened=\"1\" data-image-meta=\"{&quot;aperture&quot;:&quot;3.3&quot;,&quot;credit&quot;:&quot;&quot;,&quot;camera&quot;:&quot;DMC-TZ5&quot;,&quot;caption&quot;:&quot;&quot;,&quot;created_timestamp&quot;:&quot;1490534160&quot;,&quot;copyright&quot;:&quot;&quot;,&quot;focal_length&quot;:&quot;4.7&quot;,&quot;iso&quot;:&quot;100&quot;,&quot;shutter_speed&quot;:&quot;0.016666666666667&quot;,&quot;title&quot;:&quot;&quot;}\" data-image-title=\"headband-mariage-perles-cristal-boheme-chic-romantiques-cristal-feuilles-melle-cereza-deco-10\" data-image-description=\"\" data-image-caption=\"\" data-medium-file=\"https:\/\/www.mellecereza.fr\/blog\/wp-content\/uploads\/2017\/04\/headband-mariage-perles-cristal-boheme-chic-romantiques-cristal-feuilles-melle-cereza-deco-10-600x600.jpg\" data-large-file=\"https:\/\/www.mellecereza.fr\/blog\/wp-content\/uploads\/2017\/04\/headband-mariage-perles-cristal-boheme-chic-romantiques-cristal-feuilles-melle-cereza-deco-10.jpg\" decoding=\"async\" loading=\"lazy\" class=\"aligncenter size-medium wp-image-6002\" alt=\"headband bijou de coiffure mariage boh\u00e8me chic Gipsy Mademoiselle Cereza perles cristaux Swarovski\" src=\"http:\/\/www.mellecereza.fr\/blog\/wp-content\/uploads\/2017\/04\/headband-mariage-perles-cristal-boheme-chic-romantiques-cristal-feuilles-melle-cereza-deco-10-600x600.jpg\" width=\"600\" height=\"600\" srcset=\"https:\/\/www.mellecereza.fr\/blog\/wp-content\/uploads\/2017\/04\/headband-mariage-perles-cristal-boheme-chic-romantiques-cristal-feuilles-melle-cereza-deco-10-600x600.jpg 600w, https:\/\/www.mellecereza.fr\/blog\/wp-content\/uploads\/2017\/04\/headband-mariage-perles-cristal-boheme-chic-romantiques-cristal-feuilles-melle-cereza-deco-10-450x450.jpg 450w, https:\/\/www.mellecereza.fr\/blog\/wp-content\/uploads\/2017\/04\/headband-mariage-perles-cristal-boheme-chic-romantiques-cristal-feuilles-melle-cereza-deco-10-210x210.jpg 210w, https:\/\/www.mellecereza.fr\/blog\/wp-content\/uploads\/2017\/04\/headband-mariage-perles-cristal-boheme-chic-romantiques-cristal-feuilles-melle-cereza-deco-10-60x60.jpg 60w, https:\/\/www.mellecereza.fr\/blog\/wp-content\/uploads\/2017\/04\/headband-mariage-perles-cristal-boheme-chic-romantiques-cristal-feuilles-melle-cereza-deco-10.jpg 1000w\" sizes=\"(max-width: 600px) 100vw, 600px\" \/><\/a><\/p>\n<p><a href=\"http:\/\/www.mellecereza.fr\/blog\/wp-content\/uploads\/2017\/04\/headband-mariage-perles-cristal-boheme-chic-romantiques-cristal-feuilles-melle-cereza-deco-9g2.jpg\"><img data-attachment-id=\"6006\" data-permalink=\"https:\/\/www.mellecereza.fr\/blog\/headband-mariage-boheme-chic-maeva\/headband-mariage-perles-cristal-boheme-chic-romantiques-cristal-feuilles-melle-cereza-deco-9g2\/#main\" data-orig-file=\"https:\/\/www.mellecereza.fr\/blog\/wp-content\/uploads\/2017\/04\/headband-mariage-perles-cristal-boheme-chic-romantiques-cristal-feuilles-melle-cereza-deco-9g2.jpg\" data-orig-size=\"1000,1000\" data-comments-opened=\"1\" data-image-meta=\"{&quot;aperture&quot;:&quot;3.3&quot;,&quot;credit&quot;:&quot;&quot;,&quot;camera&quot;:&quot;DMC-TZ5&quot;,&quot;caption&quot;:&quot;&quot;,&quot;created_timestamp&quot;:&quot;1490534153&quot;,&quot;copyright&quot;:&quot;&quot;,&quot;focal_length&quot;:&quot;4.7&quot;,&quot;iso&quot;:&quot;100&quot;,&quot;shutter_speed&quot;:&quot;0.00625&quot;,&quot;title&quot;:&quot;&quot;}\" data-image-title=\"headband-mariage-perles-cristal-boheme-chic-romantiques-cristal-feuilles-melle-cereza-deco-9g2\" data-image-description=\"\" data-image-caption=\"\" data-medium-file=\"https:\/\/www.mellecereza.fr\/blog\/wp-content\/uploads\/2017\/04\/headband-mariage-perles-cristal-boheme-chic-romantiques-cristal-feuilles-melle-cereza-deco-9g2-600x600.jpg\" data-large-file=\"https:\/\/www.mellecereza.fr\/blog\/wp-content\/uploads\/2017\/04\/headband-mariage-perles-cristal-boheme-chic-romantiques-cristal-feuilles-melle-cereza-deco-9g2.jpg\" decoding=\"async\" loading=\"lazy\" class=\"aligncenter size-medium wp-image-6006\" alt=\"headband mariage boh\u00e8me chic romantique double rang perles cristal Swarovski Gipsy Mademoiselle Cereza\" src=\"http:\/\/www.mellecereza.fr\/blog\/wp-content\/uploads\/2017\/04\/headband-mariage-perles-cristal-boheme-chic-romantiques-cristal-feuilles-melle-cereza-deco-9g2-600x600.jpg\" width=\"600\" height=\"600\" srcset=\"https:\/\/www.mellecereza.fr\/blog\/wp-content\/uploads\/2017\/04\/headband-mariage-perles-cristal-boheme-chic-romantiques-cristal-feuilles-melle-cereza-deco-9g2-600x600.jpg 600w, https:\/\/www.mellecereza.fr\/blog\/wp-content\/uploads\/2017\/04\/headband-mariage-perles-cristal-boheme-chic-romantiques-cristal-feuilles-melle-cereza-deco-9g2-450x450.jpg 450w, https:\/\/www.mellecereza.fr\/blog\/wp-content\/uploads\/2017\/04\/headband-mariage-perles-cristal-boheme-chic-romantiques-cristal-feuilles-melle-cereza-deco-9g2-210x210.jpg 210w, https:\/\/www.mellecereza.fr\/blog\/wp-content\/uploads\/2017\/04\/headband-mariage-perles-cristal-boheme-chic-romantiques-cristal-feuilles-melle-cereza-deco-9g2-60x60.jpg 60w, https:\/\/www.mellecereza.fr\/blog\/wp-content\/uploads\/2017\/04\/headband-mariage-perles-cristal-boheme-chic-romantiques-cristal-feuilles-melle-cereza-deco-9g2.jpg 1000w\" sizes=\"(max-width: 600px) 100vw, 600px\" \/><\/a><\/p>\n<p>&nbsp;<\/p>\n<p><a href=\"http:\/\/www.mellecereza.fr\/blog\/wp-content\/uploads\/2017\/04\/headband-mariage-perles-cristal-boheme-chic-romantiques-cristal-feuilles-melle-cereza-deco-6g.jpg\"><img data-attachment-id=\"6004\" data-permalink=\"https:\/\/www.mellecereza.fr\/blog\/headband-mariage-boheme-chic-maeva\/headband-mariage-perles-cristal-boheme-chic-romantiques-cristal-feuilles-melle-cereza-deco-6g-2\/#main\" data-orig-file=\"https:\/\/www.mellecereza.fr\/blog\/wp-content\/uploads\/2017\/04\/headband-mariage-perles-cristal-boheme-chic-romantiques-cristal-feuilles-melle-cereza-deco-6g.jpg\" data-orig-size=\"1000,1000\" data-comments-opened=\"1\" data-image-meta=\"{&quot;aperture&quot;:&quot;3.3&quot;,&quot;credit&quot;:&quot;&quot;,&quot;camera&quot;:&quot;DMC-TZ5&quot;,&quot;caption&quot;:&quot;&quot;,&quot;created_timestamp&quot;:&quot;1489584630&quot;,&quot;copyright&quot;:&quot;&quot;,&quot;focal_length&quot;:&quot;4.7&quot;,&quot;iso&quot;:&quot;100&quot;,&quot;shutter_speed&quot;:&quot;0.025&quot;,&quot;title&quot;:&quot;&quot;}\" data-image-title=\"headband-mariage-perles-cristal-boheme-chic-romantiques-cristal-feuilles-melle-cereza-deco-6g\" data-image-description=\"\" data-image-caption=\"\" data-medium-file=\"https:\/\/www.mellecereza.fr\/blog\/wp-content\/uploads\/2017\/04\/headband-mariage-perles-cristal-boheme-chic-romantiques-cristal-feuilles-melle-cereza-deco-6g-600x600.jpg\" data-large-file=\"https:\/\/www.mellecereza.fr\/blog\/wp-content\/uploads\/2017\/04\/headband-mariage-perles-cristal-boheme-chic-romantiques-cristal-feuilles-melle-cereza-deco-6g.jpg\" decoding=\"async\" loading=\"lazy\" class=\"aligncenter size-medium wp-image-6004\" alt=\"headband mariage boh\u00e8me chic bijou de coiffure Gispy Mademoiselle Cereza\" src=\"http:\/\/www.mellecereza.fr\/blog\/wp-content\/uploads\/2017\/04\/headband-mariage-perles-cristal-boheme-chic-romantiques-cristal-feuilles-melle-cereza-deco-6g-600x600.jpg\" width=\"600\" height=\"600\" srcset=\"https:\/\/www.mellecereza.fr\/blog\/wp-content\/uploads\/2017\/04\/headband-mariage-perles-cristal-boheme-chic-romantiques-cristal-feuilles-melle-cereza-deco-6g-600x600.jpg 600w, https:\/\/www.mellecereza.fr\/blog\/wp-content\/uploads\/2017\/04\/headband-mariage-perles-cristal-boheme-chic-romantiques-cristal-feuilles-melle-cereza-deco-6g-450x450.jpg 450w, https:\/\/www.mellecereza.fr\/blog\/wp-content\/uploads\/2017\/04\/headband-mariage-perles-cristal-boheme-chic-romantiques-cristal-feuilles-melle-cereza-deco-6g-210x210.jpg 210w, https:\/\/www.mellecereza.fr\/blog\/wp-content\/uploads\/2017\/04\/headband-mariage-perles-cristal-boheme-chic-romantiques-cristal-feuilles-melle-cereza-deco-6g-60x60.jpg 60w, https:\/\/www.mellecereza.fr\/blog\/wp-content\/uploads\/2017\/04\/headband-mariage-perles-cristal-boheme-chic-romantiques-cristal-feuilles-melle-cereza-deco-6g.jpg 1000w\" sizes=\"(max-width: 600px) 100vw, 600px\" \/><\/a><\/p>\n<p>&nbsp;<\/p>\n<p style=\"text-align: center;\"><span style=\"font-size: medium; color: #d82775;\">Ce que la future mari\u00e9e a aim\u00e9 dans le fait de commander son headband mariage boh\u00e8me chic chez Mademoiselle Cereza :<\/span><\/p>\n<p style=\"text-align: center;\"><span style=\"color: #d82775;\">\u2605<\/span> Avoir un vrai contact avec la cr\u00e9atrice pour pouvoir \u00e9changer sur ses souhaits<\/p>\n<p style=\"text-align: center;\"><span style=\"color: #d82775;\">\u2605<\/span> Avoir la possibilit\u00e9 de faire personnaliser son headband afin qu&rsquo;il lui corresponde parfaitement<\/p>\n<p style=\"text-align: center;\"><span style=\"color: #d82775;\">\u2605<\/span> Recevoir des photos pendant la confection de son bijou de coiffure<\/p>\n<p style=\"text-align: center;\"><span style=\"color: #d82775;\">\u2605<\/span> Et bien s\u00fbr \u00eatre enchant\u00e9e lorsqu&rsquo;elle a re\u00e7u son headband<\/p>\n<div class=\"post_signature\"><img src=\"https:\/\/www.mellecereza.fr\/blog\/wp-content\/uploads\/2020\/02\/sign-200-FEV-15d1.png\" \/><\/div>","protected":false},"excerpt":{"rendered":"<p>Le headband mariage boh\u00e8me chic d&rsquo;une future mari\u00e9e Pour sa coiffure de mari\u00e9e, Maeva recherchait un bijou de t\u00eate original, un headband dans un style boh\u00e8me chic et romantique. La future mari\u00e9e souhaitait un accessoire chic \u00a0sans qu&rsquo;il soit trop&#8230;<\/p>\n","protected":false},"author":1,"featured_media":6004,"comment_status":"open","ping_status":"open","sticky":false,"template":"","format":"standard","meta":{"jetpack_post_was_ever_published":false,"jetpack_publicize_message":"","jetpack_is_tweetstorm":false,"jetpack_publicize_feature_enabled":true,"jetpack_social_post_already_shared":true,"jetpack_social_options":{"image_generator_settings":{"template":"highway","enabled":false}}},"categories":[356],"tags":[608,607,609],"jetpack_publicize_connections":[],"yoast_head":"<!-- This site is optimized with the Yoast SEO plugin v20.3 - https:\/\/yoast.com\/wordpress\/plugins\/seo\/ -->\n<title>Le headband mariage boh\u00e8me chic de Maeva - Melle Cereza blog mariage original<\/title>\n<meta name=\"robots\" content=\"index, follow, max-snippet:-1, max-image-preview:large, max-video-preview:-1\" \/>\n<link rel=\"canonical\" href=\"https:\/\/www.mellecereza.fr\/blog\/headband-mariage-boheme-chic-maeva\/\" \/>\n<meta property=\"og:locale\" content=\"fr_FR\" \/>\n<meta property=\"og:type\" content=\"article\" \/>\n<meta property=\"og:title\" content=\"Le headband mariage boh\u00e8me chic de Maeva - Melle Cereza blog mariage original\" \/>\n<meta property=\"og:description\" content=\"Le headband mariage boh\u00e8me chic d&rsquo;une future mari\u00e9e Pour sa coiffure de mari\u00e9e, Maeva recherchait un bijou de t\u00eate original, un headband dans un style boh\u00e8me chic et romantique. La future mari\u00e9e souhaitait un accessoire chic \u00a0sans qu&rsquo;il soit trop...\" \/>\n<meta property=\"og:url\" content=\"https:\/\/www.mellecereza.fr\/blog\/headband-mariage-boheme-chic-maeva\/\" \/>\n<meta property=\"og:site_name\" content=\"Melle Cereza blog mariage original\" \/>\n<meta property=\"article:published_time\" content=\"2017-04-27T09:41:47+00:00\" \/>\n<meta property=\"article:modified_time\" content=\"2017-04-30T06:10:20+00:00\" \/>\n<meta property=\"og:image\" content=\"https:\/\/www.mellecereza.fr\/blog\/wp-content\/uploads\/2017\/04\/headband-mariage-perles-cristal-boheme-chic-romantiques-cristal-feuilles-melle-cereza-deco-6g.jpg\" \/>\n\t<meta property=\"og:image:width\" content=\"1000\" \/>\n\t<meta property=\"og:image:height\" content=\"1000\" \/>\n\t<meta property=\"og:image:type\" content=\"image\/jpeg\" \/>\n<meta name=\"author\" content=\"Cerise\" \/>\n<meta name=\"twitter:label1\" content=\"\u00c9crit par\" \/>\n\t<meta name=\"twitter:data1\" content=\"Cerise\" \/>\n\t<meta name=\"twitter:label2\" content=\"Dur\u00e9e de lecture estim\u00e9e\" \/>\n\t<meta name=\"twitter:data2\" content=\"2 minutes\" \/>\n<script type=\"application\/ld+json\" class=\"yoast-schema-graph\">{\"@context\":\"https:\/\/schema.org\",\"@graph\":[{\"@type\":\"WebPage\",\"@id\":\"https:\/\/www.mellecereza.fr\/blog\/headband-mariage-boheme-chic-maeva\/\",\"url\":\"https:\/\/www.mellecereza.fr\/blog\/headband-mariage-boheme-chic-maeva\/\",\"name\":\"Le headband mariage boh\u00e8me chic de Maeva - Melle Cereza blog mariage original\",\"isPartOf\":{\"@id\":\"https:\/\/www.mellecereza.fr\/blog\/#website\"},\"datePublished\":\"2017-04-27T09:41:47+00:00\",\"dateModified\":\"2017-04-30T06:10:20+00:00\",\"author\":{\"@id\":\"https:\/\/www.mellecereza.fr\/blog\/#\/schema\/person\/3ad20d39d7b07a33b39c2e111d852118\"},\"breadcrumb\":{\"@id\":\"https:\/\/www.mellecereza.fr\/blog\/headband-mariage-boheme-chic-maeva\/#breadcrumb\"},\"inLanguage\":\"fr-FR\",\"potentialAction\":[{\"@type\":\"ReadAction\",\"target\":[\"https:\/\/www.mellecereza.fr\/blog\/headband-mariage-boheme-chic-maeva\/\"]}]},{\"@type\":\"BreadcrumbList\",\"@id\":\"https:\/\/www.mellecereza.fr\/blog\/headband-mariage-boheme-chic-maeva\/#breadcrumb\",\"itemListElement\":[{\"@type\":\"ListItem\",\"position\":1,\"name\":\"Accueil\",\"item\":\"https:\/\/www.mellecereza.fr\/blog\/\"},{\"@type\":\"ListItem\",\"position\":2,\"name\":\"Le headband mariage boh\u00e8me chic de Maeva\"}]},{\"@type\":\"WebSite\",\"@id\":\"https:\/\/www.mellecereza.fr\/blog\/#website\",\"url\":\"https:\/\/www.mellecereza.fr\/blog\/\",\"name\":\"Melle Cereza blog mariage original\",\"description\":\"Id\u00e9es et inspirations pour un joli mariage original, id\u00e9es d\u00e9co, bouquet, bijoux &amp; accessoires\",\"potentialAction\":[{\"@type\":\"SearchAction\",\"target\":{\"@type\":\"EntryPoint\",\"urlTemplate\":\"https:\/\/www.mellecereza.fr\/blog\/?s={search_term_string}\"},\"query-input\":\"required name=search_term_string\"}],\"inLanguage\":\"fr-FR\"},{\"@type\":\"Person\",\"@id\":\"https:\/\/www.mellecereza.fr\/blog\/#\/schema\/person\/3ad20d39d7b07a33b39c2e111d852118\",\"name\":\"Cerise\",\"image\":{\"@type\":\"ImageObject\",\"inLanguage\":\"fr-FR\",\"@id\":\"https:\/\/www.mellecereza.fr\/blog\/#\/schema\/person\/image\/\",\"url\":\"https:\/\/secure.gravatar.com\/avatar\/f8aa59be965caf71440dfd118dcb3362?s=96&d=identicon&r=g\",\"contentUrl\":\"https:\/\/secure.gravatar.com\/avatar\/f8aa59be965caf71440dfd118dcb3362?s=96&d=identicon&r=g\",\"caption\":\"Cerise\"},\"url\":\"https:\/\/www.mellecereza.fr\/blog\/author\/cerise\/\"}]}<\/script>\n<!-- \/ Yoast SEO plugin. -->","yoast_head_json":{"title":"Le headband mariage boh\u00e8me chic de Maeva - Melle Cereza blog mariage original","robots":{"index":"index","follow":"follow","max-snippet":"max-snippet:-1","max-image-preview":"max-image-preview:large","max-video-preview":"max-video-preview:-1"},"canonical":"https:\/\/www.mellecereza.fr\/blog\/headband-mariage-boheme-chic-maeva\/","og_locale":"fr_FR","og_type":"article","og_title":"Le headband mariage boh\u00e8me chic de Maeva - Melle Cereza blog mariage original","og_description":"Le headband mariage boh\u00e8me chic d&rsquo;une future mari\u00e9e Pour sa coiffure de mari\u00e9e, Maeva recherchait un bijou de t\u00eate original, un headband dans un style boh\u00e8me chic et romantique. La future mari\u00e9e souhaitait un accessoire chic \u00a0sans qu&rsquo;il soit trop...","og_url":"https:\/\/www.mellecereza.fr\/blog\/headband-mariage-boheme-chic-maeva\/","og_site_name":"Melle Cereza blog mariage original","article_published_time":"2017-04-27T09:41:47+00:00","article_modified_time":"2017-04-30T06:10:20+00:00","og_image":[{"width":1000,"height":1000,"url":"https:\/\/www.mellecereza.fr\/blog\/wp-content\/uploads\/2017\/04\/headband-mariage-perles-cristal-boheme-chic-romantiques-cristal-feuilles-melle-cereza-deco-6g.jpg","type":"image\/jpeg"}],"author":"Cerise","twitter_misc":{"\u00c9crit par":"Cerise","Dur\u00e9e de lecture estim\u00e9e":"2 minutes"},"schema":{"@context":"https:\/\/schema.org","@graph":[{"@type":"WebPage","@id":"https:\/\/www.mellecereza.fr\/blog\/headband-mariage-boheme-chic-maeva\/","url":"https:\/\/www.mellecereza.fr\/blog\/headband-mariage-boheme-chic-maeva\/","name":"Le headband mariage boh\u00e8me chic de Maeva - Melle Cereza blog mariage original","isPartOf":{"@id":"https:\/\/www.mellecereza.fr\/blog\/#website"},"datePublished":"2017-04-27T09:41:47+00:00","dateModified":"2017-04-30T06:10:20+00:00","author":{"@id":"https:\/\/www.mellecereza.fr\/blog\/#\/schema\/person\/3ad20d39d7b07a33b39c2e111d852118"},"breadcrumb":{"@id":"https:\/\/www.mellecereza.fr\/blog\/headband-mariage-boheme-chic-maeva\/#breadcrumb"},"inLanguage":"fr-FR","potentialAction":[{"@type":"ReadAction","target":["https:\/\/www.mellecereza.fr\/blog\/headband-mariage-boheme-chic-maeva\/"]}]},{"@type":"BreadcrumbList","@id":"https:\/\/www.mellecereza.fr\/blog\/headband-mariage-boheme-chic-maeva\/#breadcrumb","itemListElement":[{"@type":"ListItem","position":1,"name":"Accueil","item":"https:\/\/www.mellecereza.fr\/blog\/"},{"@type":"ListItem","position":2,"name":"Le headband mariage boh\u00e8me chic de Maeva"}]},{"@type":"WebSite","@id":"https:\/\/www.mellecereza.fr\/blog\/#website","url":"https:\/\/www.mellecereza.fr\/blog\/","name":"Melle Cereza blog mariage original","description":"Id\u00e9es et inspirations pour un joli mariage original, id\u00e9es d\u00e9co, bouquet, bijoux &amp; accessoires","potentialAction":[{"@type":"SearchAction","target":{"@type":"EntryPoint","urlTemplate":"https:\/\/www.mellecereza.fr\/blog\/?s={search_term_string}"},"query-input":"required name=search_term_string"}],"inLanguage":"fr-FR"},{"@type":"Person","@id":"https:\/\/www.mellecereza.fr\/blog\/#\/schema\/person\/3ad20d39d7b07a33b39c2e111d852118","name":"Cerise","image":{"@type":"ImageObject","inLanguage":"fr-FR","@id":"https:\/\/www.mellecereza.fr\/blog\/#\/schema\/person\/image\/","url":"https:\/\/secure.gravatar.com\/avatar\/f8aa59be965caf71440dfd118dcb3362?s=96&d=identicon&r=g","contentUrl":"https:\/\/secure.gravatar.com\/avatar\/f8aa59be965caf71440dfd118dcb3362?s=96&d=identicon&r=g","caption":"Cerise"},"url":"https:\/\/www.mellecereza.fr\/blog\/author\/cerise\/"}]}},"jetpack_featured_media_url":"https:\/\/www.mellecereza.fr\/blog\/wp-content\/uploads\/2017\/04\/headband-mariage-perles-cristal-boheme-chic-romantiques-cristal-feuilles-melle-cereza-deco-6g.jpg","jetpack_shortlink":"https:\/\/wp.me\/p4ptN6-1yM","jetpack_sharing_enabled":true,"jetpack-related-posts":[{"id":3818,"url":"https:\/\/www.mellecereza.fr\/blog\/idee-coiffure-mariage-headband-couronne\/","url_meta":{"origin":6000,"position":0},"title":"Id\u00e9e coiffure mariage headband couronne","date":"1 juillet 2015","format":false,"excerpt":"Id\u00e9e coiffure mariage headband couronne perl\u00e9e ou strass\u00e9e Lorsqu'une future mari\u00e9e me contacte pour la cr\u00e9ation de son bijou de coiffure, c'est l'\u00e9bullition assur\u00e9e : entre nos diff\u00e9rents \u00e9changes - ce qui inspire la bride to be, souvent accompagn\u00e9 de photos, les changements qu'elle souhaite pour que son accessoire soit\u2026","rel":"","context":"Dans &quot;La mari\u00e9e&quot;","img":{"alt_text":"accessoires personnalis\u00e9s id\u00e9e coiffure mariage headband couronne perl\u00e9e cereza mademoiselle","src":"https:\/\/i0.wp.com\/www.mellecereza.fr\/blog\/wp-content\/uploads\/2015\/07\/id\u00e9e-coiffure-mariage-headband-couronne-perl\u00e9e-cereza-mademoiselle.jpg?resize=350%2C200&ssl=1","width":350,"height":200},"classes":[]},{"id":4348,"url":"https:\/\/www.mellecereza.fr\/blog\/chignon-mariage-jolie-tendance\/","url_meta":{"origin":6000,"position":1},"title":"Le chignon de mariage, la jolie tendance !","date":"13 novembre 2015","format":false,"excerpt":"Le chignon de mariage, une tendance qui se confirme pour l'ann\u00e9e prochaine Vous avez pass\u00e9 la premi\u00e8re \u00e9tape du choix de votre coiffure : ce sera un chignon de mariage et vous \u00eates dans la jolie tendance ! La nouvelle collection Mademoiselle Cereza (tr\u00e8s bient\u00f4t en ligne !) des ornements\u2026","rel":"","context":"Dans &quot;La mari\u00e9e&quot;","img":{"alt_text":"id\u00e9e coiffure mari\u00e9e boheme chic chignon tresse","src":"https:\/\/i0.wp.com\/www.mellecereza.fr\/blog\/wp-content\/uploads\/2015\/11\/chignon-tresse-cot\u00e9-boheme-champetre-id\u00e9e-coiffure-mariage-blog-cereza.jpg?resize=350%2C200&ssl=1","width":350,"height":200},"classes":[]},{"id":5908,"url":"https:\/\/www.mellecereza.fr\/blog\/fleur-rose-coiffure-mariage-1-semaine-latelier\/","url_meta":{"origin":6000,"position":2},"title":"Fleur rose pour coiffure de mariage, 1 semaine dans l&rsquo;atelier","date":"11 mars 2017","format":false,"excerpt":"Fleur rose pour coiffure de mariage, 1 semaine dans les coulisses de l'atelier Mademoiselle Cereza Une fleur rose pour coiffure de mariage mais attention : chacune sa fleur rose personnalis\u00e9e, adapt\u00e9e \u00e0 son th\u00e8me. Pour la mari\u00e9e comme pour les petites filles d'honneur de son cort\u00e8ge, les fleurs de coiffure\u2026","rel":"","context":"Dans &quot;Dans l'atelier&quot;","img":{"alt_text":"fleur rose pour coiffure de mariage","src":"https:\/\/i0.wp.com\/www.mellecereza.fr\/blog\/wp-content\/uploads\/2017\/03\/85r-fleur-rose-pour-coiffure-de-mariage-mademoiselle-cereza-deco.jpg?resize=350%2C200&ssl=1","width":350,"height":200},"classes":[]},{"id":5861,"url":"https:\/\/www.mellecereza.fr\/blog\/bijoux-perles-rose-1-semaine-latelier\/","url_meta":{"origin":6000,"position":3},"title":"Des bijoux perles rose et &#8230; 1 semaine dans l&rsquo;atelier","date":"19 f\u00e9vrier 2017","format":false,"excerpt":"Des bijoux perles rose pour 1 semaine tr\u00e8s chic dans l'atelier Une semaine dans l'atelier o\u00f9 les bijoux perles ont tenu le 1er r\u00f4le, de quoi faire p\u00e2lir d'envie toute future mari\u00e9e romantique \u2665 \u00a0Des bijoux perles rose et blanc \u2665 Un nouveau mod\u00e8le de pics pr\u00e9cieux pour vos jolies\u2026","rel":"","context":"Dans &quot;Dans l'atelier&quot;","img":{"alt_text":"bijoux perles rose coiffure mariage chic","src":"https:\/\/i0.wp.com\/www.mellecereza.fr\/blog\/wp-content\/uploads\/2017\/02\/83r-bijoux-perles-rose-mariage-mademoiselle-cereza-deco.jpg?resize=350%2C200&ssl=1","width":350,"height":200},"classes":[]},{"id":4579,"url":"https:\/\/www.mellecereza.fr\/blog\/headband-coiffure-mariee-latelier-151\/","url_meta":{"origin":6000,"position":4},"title":"Headband coiffure mari\u00e9e, l&rsquo;atelier #151","date":"1 f\u00e9vrier 2016","format":false,"excerpt":"Headband coiffure mari\u00e9e Une semaine dans les coulisses de l'atelier de Mademoiselle Cereza c'est comme recevoir une grosse dose d'amour et s'en d\u00e9lecter chaque jour ! Cette semaine l'atelier a vu d\u00e9filer entre autres jolis accessoires, un headband coiffure de mari\u00e9e et surtout beaucoup de jolis messages re\u00e7us que ce\u2026","rel":"","context":"Dans &quot;Dans l'atelier&quot;","img":{"alt_text":"id\u00e9e headband coiffure de mari\u00e9e cereza mademoiselle blog mariage","src":"https:\/\/i0.wp.com\/www.mellecereza.fr\/blog\/wp-content\/uploads\/2016\/01\/51r-headband-coiffure-de-mari\u00e9e-cereza-mademoiselle.jpg?resize=350%2C200&ssl=1","width":350,"height":200},"classes":[]},{"id":4478,"url":"https:\/\/www.mellecereza.fr\/blog\/soldes-bijoux-accessoires-mariage-mademoiselle-cereza\/","url_meta":{"origin":6000,"position":5},"title":"Soldes bijoux accessoires mariage Mademoiselle Cereza","date":"6 janvier 2016","format":false,"excerpt":"Les soldes bijoux accessoires mariage ! \u00a0 HAPPY NEWS pour futures mari\u00e9es ! Les soldes Mademoiselle Cereza sont en ligne ;) Sur une s\u00e9lection de bijoux de coiffure La couronne de mari\u00e9e Lili Le headband perles de cristal et satin B\u00e9r\u00e9nice \u00a0 La voilette rebrod\u00e9e de dentelle de Calais \u00a0\u2026","rel":"","context":"Dans &quot;Very Bon Plan&quot;","img":{"alt_text":"soldes bijoux accessoires mariage 2016 cereza mademoiselle","src":"https:\/\/i0.wp.com\/www.mellecereza.fr\/blog\/wp-content\/uploads\/2016\/01\/soldes-bijoux-accessoires-mariage-2016-cereza-mademoiselle.jpg?resize=350%2C200&ssl=1","width":350,"height":200},"classes":[]}],"_links":{"self":[{"href":"https:\/\/www.mellecereza.fr\/blog\/wp-json\/wp\/v2\/posts\/6000"}],"collection":[{"href":"https:\/\/www.mellecereza.fr\/blog\/wp-json\/wp\/v2\/posts"}],"about":[{"href":"https:\/\/www.mellecereza.fr\/blog\/wp-json\/wp\/v2\/types\/post"}],"author":[{"embeddable":true,"href":"https:\/\/www.mellecereza.fr\/blog\/wp-json\/wp\/v2\/users\/1"}],"replies":[{"embeddable":true,"href":"https:\/\/www.mellecereza.fr\/blog\/wp-json\/wp\/v2\/comments?post=6000"}],"version-history":[{"count":3,"href":"https:\/\/www.mellecereza.fr\/blog\/wp-json\/wp\/v2\/posts\/6000\/revisions"}],"predecessor-version":[{"id":6009,"href":"https:\/\/www.mellecereza.fr\/blog\/wp-json\/wp\/v2\/posts\/6000\/revisions\/6009"}],"wp:featuredmedia":[{"embeddable":true,"href":"https:\/\/www.mellecereza.fr\/blog\/wp-json\/wp\/v2\/media\/6004"}],"wp:attachment":[{"href":"https:\/\/www.mellecereza.fr\/blog\/wp-json\/wp\/v2\/media?parent=6000"}],"wp:term":[{"taxonomy":"category","embeddable":true,"href":"https:\/\/www.mellecereza.fr\/blog\/wp-json\/wp\/v2\/categories?post=6000"},{"taxonomy":"post_tag","embeddable":true,"href":"https:\/\/www.mellecereza.fr\/blog\/wp-json\/wp\/v2\/tags?post=6000"}],"curies":[{"name":"wp","href":"https:\/\/api.w.org\/{rel}","templated":true}]}}