{"id":7203,"date":"2022-11-07T12:48:34","date_gmt":"2022-11-07T10:48:34","guid":{"rendered":"https:\/\/www.mellecereza.fr\/blog\/?p=7203"},"modified":"2022-11-07T12:48:40","modified_gmt":"2022-11-07T10:48:40","slug":"organisation-de-mon-espace-de-travail","status":"publish","type":"post","link":"https:\/\/www.mellecereza.fr\/blog\/organisation-de-mon-espace-de-travail\/","title":{"rendered":"Organisation de mon espace de travail"},"content":{"rendered":"\n<h2 class=\"wp-block-heading\">Avec un d\u00e9m\u00e9nagement de l&rsquo;atelier j&rsquo;ai ressenti le besoin de r\u00e9am\u00e9nager mon espace de travail pour l&rsquo;optimiser !<\/h2>\n\n\n<div class=\"wp-block-image\">\n<figure class=\"aligncenter size-full\"><img data-attachment-id=\"7204\" data-permalink=\"https:\/\/www.mellecereza.fr\/blog\/organisation-de-mon-espace-de-travail\/organisation-espace-travail-atelier-pimpe-ton-bureau-r\/#main\" data-orig-file=\"https:\/\/www.mellecereza.fr\/blog\/wp-content\/uploads\/2022\/11\/organisation-espace-travail-atelier-pimpe-ton-bureau-r.jpg\" data-orig-size=\"600,600\" data-comments-opened=\"1\" data-image-meta=\"{&quot;aperture&quot;:&quot;0&quot;,&quot;credit&quot;:&quot;&quot;,&quot;camera&quot;:&quot;&quot;,&quot;caption&quot;:&quot;&quot;,&quot;created_timestamp&quot;:&quot;0&quot;,&quot;copyright&quot;:&quot;&quot;,&quot;focal_length&quot;:&quot;0&quot;,&quot;iso&quot;:&quot;0&quot;,&quot;shutter_speed&quot;:&quot;0&quot;,&quot;title&quot;:&quot;&quot;,&quot;orientation&quot;:&quot;0&quot;}\" data-image-title=\"organisation-espace-travail-atelier-pimpe-ton-bureau-r\" data-image-description=\"\" data-image-caption=\"\" data-medium-file=\"https:\/\/www.mellecereza.fr\/blog\/wp-content\/uploads\/2022\/11\/organisation-espace-travail-atelier-pimpe-ton-bureau-r-600x600.jpg\" data-large-file=\"https:\/\/www.mellecereza.fr\/blog\/wp-content\/uploads\/2022\/11\/organisation-espace-travail-atelier-pimpe-ton-bureau-r.jpg\" decoding=\"async\" loading=\"lazy\" width=\"600\" height=\"600\" src=\"https:\/\/www.mellecereza.fr\/blog\/wp-content\/uploads\/2022\/11\/organisation-espace-travail-atelier-pimpe-ton-bureau-r.jpg\" alt=\"\" class=\"wp-image-7204\" srcset=\"https:\/\/www.mellecereza.fr\/blog\/wp-content\/uploads\/2022\/11\/organisation-espace-travail-atelier-pimpe-ton-bureau-r.jpg 600w, https:\/\/www.mellecereza.fr\/blog\/wp-content\/uploads\/2022\/11\/organisation-espace-travail-atelier-pimpe-ton-bureau-r-450x450.jpg 450w, https:\/\/www.mellecereza.fr\/blog\/wp-content\/uploads\/2022\/11\/organisation-espace-travail-atelier-pimpe-ton-bureau-r-210x210.jpg 210w, https:\/\/www.mellecereza.fr\/blog\/wp-content\/uploads\/2022\/11\/organisation-espace-travail-atelier-pimpe-ton-bureau-r-60x60.jpg 60w\" sizes=\"(max-width: 600px) 100vw, 600px\" \/><figcaption><span style=\"color:#abb8c3\" class=\"tadv-color\">Pr\u00eate \u00e0 suivre l&rsquo;atelier en ligne Pimpe Ton Bureau !<\/span><\/figcaption><\/figure><\/div>\n\n\n<p>Apr\u00e8s plusieurs d\u00e9m\u00e9nagements depuis la cr\u00e9ation de Mademoiselle Cereza, l&rsquo;envie de me cr\u00e9er un espace de travail atelier qui soit optimis\u00e9 me trotte dans la t\u00eate ! L&rsquo;organisation de mon espace de travail est un besoin.<\/p>\n<p>Pour pouvoir travailler de la fa\u00e7on la plus productive possible.<\/p>\n<p>Et cr\u00e9er un petit cocon dans lequel je me sente bien pour cr\u00e9er et dans lequel je pourrai recevoir mes clientes.<\/p>\n<blockquote>\n<p>Team bureau en bazar<\/p>\n<\/blockquote>\n<p>Celles qui me connaissent \u00ab\u00a0en vrai\u00a0\u00bb savent que je suis loooooin d&rsquo;\u00eatre la reine de l&rsquo;organisation malgr\u00e9 ma super bonne volont\u00e9. Je me suis dit que j&rsquo;avais besoin d&rsquo;\u00eatre accompagn\u00e9e dans ma d\u00e9marche, pour \u00eatre la plus efficace possible dans l&rsquo;organisation de mon espace de travail.<\/p>\n<h2>Par o\u00f9 commencer ?<\/h2>\n<p>Je suis sur Instagram Sandra la designer d&rsquo;int\u00e9rieur de<strong> <a href=\"https:\/\/www.instagram.com\/studio.hemoy\/\">Studio H\u00e9moy<\/a><\/strong> depuis ses d\u00e9buts et je raffole de ses conseils d\u00e9co distill\u00e9s avec bonne humeur, bienveillance et simplicit\u00e9.<\/p>\n<p>Lorsque Sandra a annonc\u00e9 qu&rsquo;elle lan\u00e7ait un atelier en ligne Pimpe Ton Bureau pour aider celles qui comme moi ont envie de se sentir bien en travaillant de chez elles, une formation pour cr\u00e9er et am\u00e9liorer son espace, cela m&rsquo;a dr\u00f4lement fait de l&rsquo;oeil et je me suis inscrite !<\/p>\n<p>Je vais enfin pouvoir visualiser par o\u00f9 commencer pour l&rsquo;organisation de mon espace de travail<\/p>\n<blockquote>\n<p>Moi aussi je veux <strong><a href=\"https:\/\/cerise--maisoncocon.thrivecart.com\/pimpetonbureau\/\">m&rsquo;inscrire \u00e0 l&rsquo;atelier Pimpe Ton Bureau<\/a><\/strong> !<\/p>\n<\/blockquote>\n<p>\u00a0<\/p>\n<h2>Organisation de mon espace de travail<\/h2>\n\n\n\n<figure class=\"wp-block-image size-full\"><img data-attachment-id=\"7209\" data-permalink=\"https:\/\/www.mellecereza.fr\/blog\/organisation-de-mon-espace-de-travail\/organisation-de-mon-espace-de-travail-avant\/#main\" data-orig-file=\"https:\/\/www.mellecereza.fr\/blog\/wp-content\/uploads\/2022\/11\/organisation-de-mon-espace-de-travail-avant.jpg\" data-orig-size=\"600,371\" data-comments-opened=\"1\" data-image-meta=\"{&quot;aperture&quot;:&quot;0&quot;,&quot;credit&quot;:&quot;&quot;,&quot;camera&quot;:&quot;&quot;,&quot;caption&quot;:&quot;&quot;,&quot;created_timestamp&quot;:&quot;0&quot;,&quot;copyright&quot;:&quot;&quot;,&quot;focal_length&quot;:&quot;0&quot;,&quot;iso&quot;:&quot;0&quot;,&quot;shutter_speed&quot;:&quot;0&quot;,&quot;title&quot;:&quot;&quot;,&quot;orientation&quot;:&quot;0&quot;}\" data-image-title=\"organisation-de-mon-espace-de-travail-avant\" data-image-description=\"\" data-image-caption=\"\" data-medium-file=\"https:\/\/www.mellecereza.fr\/blog\/wp-content\/uploads\/2022\/11\/organisation-de-mon-espace-de-travail-avant.jpg\" data-large-file=\"https:\/\/www.mellecereza.fr\/blog\/wp-content\/uploads\/2022\/11\/organisation-de-mon-espace-de-travail-avant.jpg\" decoding=\"async\" loading=\"lazy\" width=\"600\" height=\"371\" src=\"https:\/\/www.mellecereza.fr\/blog\/wp-content\/uploads\/2022\/11\/organisation-de-mon-espace-de-travail-avant.jpg\" alt=\"\" class=\"wp-image-7209\" srcset=\"https:\/\/www.mellecereza.fr\/blog\/wp-content\/uploads\/2022\/11\/organisation-de-mon-espace-de-travail-avant.jpg 600w, https:\/\/www.mellecereza.fr\/blog\/wp-content\/uploads\/2022\/11\/organisation-de-mon-espace-de-travail-avant-450x278.jpg 450w\" sizes=\"(max-width: 600px) 100vw, 600px\" \/><\/figure>\n\n\n\n<p>Je pars de presque rien \ud83d\ude00 Enfin si 4 murs et 1 fen\u00eatre !<\/p>\n<p>\u00a0<\/p>\n\n\n\n<h2 class=\"wp-block-heading\">Pourquoi je me suis inscrite \u00e0 l&rsquo;atelier Pimpe Ton Bureau<\/h2>\n\n\n\n<p>Pour me sentir bien dans mon espace de travail, c&rsquo;est le point de d\u00e9part de toute ma cr\u00e9ativit\u00e9, de toute mon entreprise en fait.<\/p>\n\n\n\n<p>Son format 100% en ligne<\/p>\n\n\n\n<p>Etre accompagn\u00e9e non seulement par Sandra et ses comp\u00e9tences de designer mais \u00e9galement par <a href=\"https:\/\/www.instagram.com\/maisoncocon.byisabelle\/\">Isabelle de Maison Cocon<\/a> et ses conseils d&rsquo;office organizer. Je vais pouvoir avec un atelier bureau joli ET optimis\u00e9 pour mon organisation (la cerise sur le tout !)<\/p>\n\n\n\n<p>Parce que les modules de l&rsquo;atelier sont propos\u00e9s en live avec les 2 accompagnatrices et que je pourrai poser mes questions en direct !<\/p>\n\n\n\n<p>Le ++ : un groupe priv\u00e9 Facebook pour continuer \u00e0 \u00e9changer apr\u00e8s les lives !<\/p>\n\n\n\n<h2 class=\"wp-block-heading\">Quand se d\u00e9roule l&rsquo;atelier Pimpe Ton Bureau<\/h2>\n\n\n\n<p>L&rsquo;atelier se d\u00e9roulera \u00e0 partir de la <span style=\"color:#00d084\" class=\"tadv-color\">3e semaine de novembre<\/span><\/p>\n\n\n\n<p>3 modules en live, 1 module par semaine + des bonus et les replay seront dispo ensuite<\/p>\n\n\n\n<h2 class=\"wp-block-heading\">Comment vous inscrire vous aussi ?<\/h2>\n\n\n\n<p>Du 7 au 13 novembre en suivant ce lien : <strong><mark style=\"background-color:rgba(0, 0, 0, 0)\" class=\"has-inline-color has-light-green-cyan-color\">Je m&rsquo;inscris \u00e0 l&rsquo;atelier Pimpe Ton Bureau !<\/mark><\/strong><\/p>\n\n\n\n<h2 class=\"wp-block-heading\">Combien co\u00fbte l&rsquo;atelier ?<\/h2>\n\n\n\n<p>195 \u20ac<\/p>\n\n\n\n<figure class=\"wp-block-pullquote\"><blockquote><p>Moi aussi je veux <strong><a href=\"https:\/\/cerise--maisoncocon.thrivecart.com\/pimpetonbureau\/\">m&rsquo;inscrire \u00e0 l&rsquo;atelier Pimpe Ton Bureau<\/a><\/strong> !<\/p><\/blockquote><\/figure>\n\n\n\n<p>J&rsquo;ai h\u00e2te qu&rsquo;on se retrouve lors de cet atelier \u2665 alors faites-moi signe lorsque vous \u00eates inscrite \ud83e\udd70\u2060<\/p>\n<div class=\"post_signature\"><img src=\"https:\/\/www.mellecereza.fr\/blog\/wp-content\/uploads\/2020\/02\/sign-200-FEV-15d1.png\" \/><\/div>","protected":false},"excerpt":{"rendered":"<p>Avec un d\u00e9m\u00e9nagement de l&rsquo;atelier j&rsquo;ai ressenti le besoin de r\u00e9am\u00e9nager mon espace de travail pour l&rsquo;optimiser ! Apr\u00e8s plusieurs d\u00e9m\u00e9nagements depuis la cr\u00e9ation de Mademoiselle Cereza, l&rsquo;envie de me cr\u00e9er un espace de travail atelier qui soit optimis\u00e9 me&#8230;<\/p>\n","protected":false},"author":1,"featured_media":7204,"comment_status":"open","ping_status":"open","sticky":false,"template":"","format":"standard","meta":{"jetpack_post_was_ever_published":false,"jetpack_publicize_message":"","jetpack_is_tweetstorm":false,"jetpack_publicize_feature_enabled":true,"jetpack_social_post_already_shared":true,"jetpack_social_options":{"image_generator_settings":{"template":"highway","enabled":false}}},"categories":[19],"tags":[512],"jetpack_publicize_connections":[],"yoast_head":"<!-- This site is optimized with the Yoast SEO plugin v20.3 - https:\/\/yoast.com\/wordpress\/plugins\/seo\/ -->\n<title>Organisation de mon espace de travail -<\/title>\n<meta name=\"description\" content=\"Organisation de mon espace de travail ! Je suis un atelier en ligne pour d\u00e9corer mon atelier et l&#039;optimiser \u2665 Atelier mariage Melle Cereza\" \/>\n<meta name=\"robots\" content=\"index, follow, max-snippet:-1, max-image-preview:large, max-video-preview:-1\" \/>\n<link rel=\"canonical\" href=\"https:\/\/www.mellecereza.fr\/blog\/organisation-de-mon-espace-de-travail\/\" \/>\n<meta property=\"og:locale\" content=\"fr_FR\" \/>\n<meta property=\"og:type\" content=\"article\" \/>\n<meta property=\"og:title\" content=\"Organisation de mon espace de travail -\" \/>\n<meta property=\"og:description\" content=\"Organisation de mon espace de travail ! Je suis un atelier en ligne pour d\u00e9corer mon atelier et l&#039;optimiser \u2665 Atelier mariage Melle Cereza\" \/>\n<meta property=\"og:url\" content=\"https:\/\/www.mellecereza.fr\/blog\/organisation-de-mon-espace-de-travail\/\" \/>\n<meta property=\"og:site_name\" content=\"Melle Cereza blog mariage original\" \/>\n<meta property=\"article:published_time\" content=\"2022-11-07T10:48:34+00:00\" \/>\n<meta property=\"article:modified_time\" content=\"2022-11-07T10:48:40+00:00\" \/>\n<meta property=\"og:image\" content=\"https:\/\/www.mellecereza.fr\/blog\/wp-content\/uploads\/2022\/11\/organisation-espace-travail-atelier-pimpe-ton-bureau-r.jpg\" \/>\n\t<meta property=\"og:image:width\" content=\"600\" \/>\n\t<meta property=\"og:image:height\" content=\"600\" \/>\n\t<meta property=\"og:image:type\" content=\"image\/jpeg\" \/>\n<meta name=\"author\" content=\"Cerise\" \/>\n<meta name=\"twitter:label1\" content=\"\u00c9crit par\" \/>\n\t<meta name=\"twitter:data1\" content=\"Cerise\" \/>\n\t<meta name=\"twitter:label2\" content=\"Dur\u00e9e de lecture estim\u00e9e\" \/>\n\t<meta name=\"twitter:data2\" content=\"3 minutes\" \/>\n<script type=\"application\/ld+json\" class=\"yoast-schema-graph\">{\"@context\":\"https:\/\/schema.org\",\"@graph\":[{\"@type\":\"WebPage\",\"@id\":\"https:\/\/www.mellecereza.fr\/blog\/organisation-de-mon-espace-de-travail\/\",\"url\":\"https:\/\/www.mellecereza.fr\/blog\/organisation-de-mon-espace-de-travail\/\",\"name\":\"Organisation de mon espace de travail -\",\"isPartOf\":{\"@id\":\"https:\/\/www.mellecereza.fr\/blog\/#website\"},\"datePublished\":\"2022-11-07T10:48:34+00:00\",\"dateModified\":\"2022-11-07T10:48:40+00:00\",\"author\":{\"@id\":\"https:\/\/www.mellecereza.fr\/blog\/#\/schema\/person\/3ad20d39d7b07a33b39c2e111d852118\"},\"description\":\"Organisation de mon espace de travail ! Je suis un atelier en ligne pour d\u00e9corer mon atelier et l'optimiser \u2665 Atelier mariage Melle Cereza\",\"breadcrumb\":{\"@id\":\"https:\/\/www.mellecereza.fr\/blog\/organisation-de-mon-espace-de-travail\/#breadcrumb\"},\"inLanguage\":\"fr-FR\",\"potentialAction\":[{\"@type\":\"ReadAction\",\"target\":[\"https:\/\/www.mellecereza.fr\/blog\/organisation-de-mon-espace-de-travail\/\"]}]},{\"@type\":\"BreadcrumbList\",\"@id\":\"https:\/\/www.mellecereza.fr\/blog\/organisation-de-mon-espace-de-travail\/#breadcrumb\",\"itemListElement\":[{\"@type\":\"ListItem\",\"position\":1,\"name\":\"Accueil\",\"item\":\"https:\/\/www.mellecereza.fr\/blog\/\"},{\"@type\":\"ListItem\",\"position\":2,\"name\":\"Organisation de mon espace de travail\"}]},{\"@type\":\"WebSite\",\"@id\":\"https:\/\/www.mellecereza.fr\/blog\/#website\",\"url\":\"https:\/\/www.mellecereza.fr\/blog\/\",\"name\":\"Melle Cereza blog mariage original\",\"description\":\"Id\u00e9es et inspirations pour un joli mariage original, id\u00e9es d\u00e9co, bouquet, bijoux &amp; accessoires\",\"potentialAction\":[{\"@type\":\"SearchAction\",\"target\":{\"@type\":\"EntryPoint\",\"urlTemplate\":\"https:\/\/www.mellecereza.fr\/blog\/?s={search_term_string}\"},\"query-input\":\"required name=search_term_string\"}],\"inLanguage\":\"fr-FR\"},{\"@type\":\"Person\",\"@id\":\"https:\/\/www.mellecereza.fr\/blog\/#\/schema\/person\/3ad20d39d7b07a33b39c2e111d852118\",\"name\":\"Cerise\",\"image\":{\"@type\":\"ImageObject\",\"inLanguage\":\"fr-FR\",\"@id\":\"https:\/\/www.mellecereza.fr\/blog\/#\/schema\/person\/image\/\",\"url\":\"https:\/\/secure.gravatar.com\/avatar\/f8aa59be965caf71440dfd118dcb3362?s=96&d=identicon&r=g\",\"contentUrl\":\"https:\/\/secure.gravatar.com\/avatar\/f8aa59be965caf71440dfd118dcb3362?s=96&d=identicon&r=g\",\"caption\":\"Cerise\"},\"url\":\"https:\/\/www.mellecereza.fr\/blog\/author\/cerise\/\"}]}<\/script>\n<!-- \/ Yoast SEO plugin. -->","yoast_head_json":{"title":"Organisation de mon espace de travail -","description":"Organisation de mon espace de travail ! Je suis un atelier en ligne pour d\u00e9corer mon atelier et l'optimiser \u2665 Atelier mariage Melle Cereza","robots":{"index":"index","follow":"follow","max-snippet":"max-snippet:-1","max-image-preview":"max-image-preview:large","max-video-preview":"max-video-preview:-1"},"canonical":"https:\/\/www.mellecereza.fr\/blog\/organisation-de-mon-espace-de-travail\/","og_locale":"fr_FR","og_type":"article","og_title":"Organisation de mon espace de travail -","og_description":"Organisation de mon espace de travail ! Je suis un atelier en ligne pour d\u00e9corer mon atelier et l'optimiser \u2665 Atelier mariage Melle Cereza","og_url":"https:\/\/www.mellecereza.fr\/blog\/organisation-de-mon-espace-de-travail\/","og_site_name":"Melle Cereza blog mariage original","article_published_time":"2022-11-07T10:48:34+00:00","article_modified_time":"2022-11-07T10:48:40+00:00","og_image":[{"width":600,"height":600,"url":"https:\/\/www.mellecereza.fr\/blog\/wp-content\/uploads\/2022\/11\/organisation-espace-travail-atelier-pimpe-ton-bureau-r.jpg","type":"image\/jpeg"}],"author":"Cerise","twitter_misc":{"\u00c9crit par":"Cerise","Dur\u00e9e de lecture estim\u00e9e":"3 minutes"},"schema":{"@context":"https:\/\/schema.org","@graph":[{"@type":"WebPage","@id":"https:\/\/www.mellecereza.fr\/blog\/organisation-de-mon-espace-de-travail\/","url":"https:\/\/www.mellecereza.fr\/blog\/organisation-de-mon-espace-de-travail\/","name":"Organisation de mon espace de travail -","isPartOf":{"@id":"https:\/\/www.mellecereza.fr\/blog\/#website"},"datePublished":"2022-11-07T10:48:34+00:00","dateModified":"2022-11-07T10:48:40+00:00","author":{"@id":"https:\/\/www.mellecereza.fr\/blog\/#\/schema\/person\/3ad20d39d7b07a33b39c2e111d852118"},"description":"Organisation de mon espace de travail ! Je suis un atelier en ligne pour d\u00e9corer mon atelier et l'optimiser \u2665 Atelier mariage Melle Cereza","breadcrumb":{"@id":"https:\/\/www.mellecereza.fr\/blog\/organisation-de-mon-espace-de-travail\/#breadcrumb"},"inLanguage":"fr-FR","potentialAction":[{"@type":"ReadAction","target":["https:\/\/www.mellecereza.fr\/blog\/organisation-de-mon-espace-de-travail\/"]}]},{"@type":"BreadcrumbList","@id":"https:\/\/www.mellecereza.fr\/blog\/organisation-de-mon-espace-de-travail\/#breadcrumb","itemListElement":[{"@type":"ListItem","position":1,"name":"Accueil","item":"https:\/\/www.mellecereza.fr\/blog\/"},{"@type":"ListItem","position":2,"name":"Organisation de mon espace de travail"}]},{"@type":"WebSite","@id":"https:\/\/www.mellecereza.fr\/blog\/#website","url":"https:\/\/www.mellecereza.fr\/blog\/","name":"Melle Cereza blog mariage original","description":"Id\u00e9es et inspirations pour un joli mariage original, id\u00e9es d\u00e9co, bouquet, bijoux &amp; accessoires","potentialAction":[{"@type":"SearchAction","target":{"@type":"EntryPoint","urlTemplate":"https:\/\/www.mellecereza.fr\/blog\/?s={search_term_string}"},"query-input":"required name=search_term_string"}],"inLanguage":"fr-FR"},{"@type":"Person","@id":"https:\/\/www.mellecereza.fr\/blog\/#\/schema\/person\/3ad20d39d7b07a33b39c2e111d852118","name":"Cerise","image":{"@type":"ImageObject","inLanguage":"fr-FR","@id":"https:\/\/www.mellecereza.fr\/blog\/#\/schema\/person\/image\/","url":"https:\/\/secure.gravatar.com\/avatar\/f8aa59be965caf71440dfd118dcb3362?s=96&d=identicon&r=g","contentUrl":"https:\/\/secure.gravatar.com\/avatar\/f8aa59be965caf71440dfd118dcb3362?s=96&d=identicon&r=g","caption":"Cerise"},"url":"https:\/\/www.mellecereza.fr\/blog\/author\/cerise\/"}]}},"jetpack_featured_media_url":"https:\/\/www.mellecereza.fr\/blog\/wp-content\/uploads\/2022\/11\/organisation-espace-travail-atelier-pimpe-ton-bureau-r.jpg","jetpack_shortlink":"https:\/\/wp.me\/p4ptN6-1Sb","jetpack_sharing_enabled":true,"jetpack-related-posts":[{"id":2676,"url":"https:\/\/www.mellecereza.fr\/blog\/mariage-coquelicots-latelier-111\/","url_meta":{"origin":7203,"position":0},"title":"Mariage coquelicots et #JeSuisCharlie dans l&rsquo;atelier #111","date":"11 janvier 2015","format":false,"excerpt":"Un mariage coquelicots & une semaine lourde pour chacun d'entre nous ... \u00a0Un mariage coquelicots en pr\u00e9paration dans l'atelier : une sc\u00e9ance {work in progress} qui me rappelle \u00e0 la douceur de mon m\u00e9tier Une semaine bien lourde et d\u00e9chirante, un cri de #jesuischarlie sur lequel j'ai ressenti le besoin\u2026","rel":"","context":"Dans &quot;Dans l'atelier&quot;","img":{"alt_text":"","src":"https:\/\/i0.wp.com\/www.mellecereza.fr\/blog\/wp-content\/uploads\/2015\/01\/111r-bouquet-mariee-original-coquelicots-porte-alliance-duo-bijoux-accesoires-cereza.jpg?resize=350%2C200&ssl=1","width":350,"height":200},"classes":[]},{"id":5244,"url":"https:\/\/www.mellecereza.fr\/blog\/mariage-rose-fuchsia-parme-bordeaux-latelier\/","url_meta":{"origin":7203,"position":1},"title":"Mariage rose fuchsia, parme, bordeaux &#8230; dans l&rsquo;atelier","date":"3 juillet 2016","format":false,"excerpt":"Mariage rose fuchsia, parme, bordeaux Une semaine dans l'atelier vient de s'\u00e9couler avec le retour bienvenu du soleil, j'esp\u00e8re que vous avez toutes pu en profiter ! Comme pour se mettre au diapason de la douceur estivale de jolies couleurs sont venues agr\u00e9menter les bijoux et accessoires dans l'atelier :\u2026","rel":"","context":"Dans &quot;Dans l'atelier&quot;","img":{"alt_text":"mariage rose fuchsia, parme, bordeaux","src":"https:\/\/i0.wp.com\/www.mellecereza.fr\/blog\/wp-content\/uploads\/2016\/07\/71r-mariage-rose-fuchsia-parme-bordeaux-original-cereza-mademoiselle-2.jpg?resize=350%2C200&ssl=1","width":350,"height":200},"classes":[]},{"id":1066,"url":"https:\/\/www.mellecereza.fr\/blog\/mariage-sur-mesure-atelier\/","url_meta":{"origin":7203,"position":2},"title":"Mariage sur-mesure : dans l&rsquo;atelier #89","date":"22 juin 2014","format":false,"excerpt":"Des cr\u00e9ations mariage sur-mesure, vous le savez peut-\u00eatre - ou pas mais c'est l'occasion de l'apprendre ;) - c'est ma jolie sp\u00e9cialit\u00e9 Cr\u00e9er pour mes jolies mari\u00e9es les accessoires dont elles ont r\u00eav\u00e9, les personnaliser dans leurs couleurs ou leur th\u00e8me pour qu'ils soient juste ... parfaits, c'est ma jolie\u2026","rel":"","context":"Dans &quot;Dans l'atelier&quot;","img":{"alt_text":"","src":"https:\/\/i0.wp.com\/www.mellecereza.fr\/blog\/wp-content\/uploads\/2014\/06\/89r-mariage-color\u00e9-personnalis\u00e9-sur-mesure-bouquet-\u00e9ternel-cereza-deco.jpg?resize=350%2C200&ssl=1","width":350,"height":200},"classes":[]},{"id":6395,"url":"https:\/\/www.mellecereza.fr\/blog\/fleurs-bijoux-latelier-mariage-morceaux-choisis-1\/","url_meta":{"origin":7203,"position":3},"title":"Fleurs et bijoux de l&rsquo;atelier mariage, morceaux choisis #1","date":"2 mai 2018","format":false,"excerpt":"Fleurs et bijoux dans l'atelier Mademoiselle Cereza Quelques morceaux choisis dans l'atelier, c'est ma fa\u00e7on de vous montrer ce qui se passe derri\u00e8re le rideau de Mademoiselle Cereza, quelles sont mes inspirations et les envies des futures mari\u00e9es ;) Recevoir la photo de la robe d'une future mari\u00e9e, une robe\u2026","rel":"","context":"Dans &quot;Dans l'atelier&quot;","img":{"alt_text":"bijoux et fleurs atelier mari\u00e9es Mademoiselle Cereza","src":"https:\/\/i0.wp.com\/www.mellecereza.fr\/blog\/wp-content\/uploads\/2018\/05\/1-fleurs-et-bijoux-atelier-Mademoiselle-Cereza-deco-mariage.jpg?resize=350%2C200&ssl=1","width":350,"height":200},"classes":[]},{"id":1554,"url":"https:\/\/www.mellecereza.fr\/blog\/bouquet-de-mariee-original-et-accessoires\/","url_meta":{"origin":7203,"position":4},"title":"Bouquet de mari\u00e9e original et accessoires sur-mesure dans l&rsquo;atelier #97","date":"31 ao\u00fbt 2014","format":false,"excerpt":"Un bouquet de mari\u00e9e original et accessoires, un bouquet de mari\u00e9e sur-mesure et de jolies fleurs personnalis\u00e9es ... Cette semaine dans l'atelier a \u00e9t\u00e9 riche en nouvelles cr\u00e9ations mariage, mais pas seulement ... ;) \u00a0En jolis d\u00e9tails ... Un bouquet de mari\u00e9e original dans les tons d'un mariage ivoire et\u2026","rel":"","context":"Dans &quot;Dans l'atelier&quot;","img":{"alt_text":"","src":"https:\/\/i0.wp.com\/www.mellecereza.fr\/blog\/wp-content\/uploads\/2014\/08\/97-31aout-bouquet-mariee-original-mariage-personnalis\u00e9-sur-mesure-fleur-cereza-deco.jpg?resize=350%2C200&ssl=1","width":350,"height":200},"classes":[]},{"id":1753,"url":"https:\/\/www.mellecereza.fr\/blog\/2-ans-100-numeros-pas-une-ride\/","url_meta":{"origin":7203,"position":5},"title":"2 ans, 100 num\u00e9ros &#8230; et pas une ride, secrets d&rsquo;atelier #100","date":"21 septembre 2014","format":false,"excerpt":"2 ans que je vous parle des petits secrets de l'atelier, de ce qui s'y d\u00e9roule au quotidien, de l'avancement des projets, 2 ans d\u00e9j\u00e0 ! 100 num\u00e9ros de secrets d'atelier qui ne m'ont pas amen\u00e9s une seule ride, ou alors ces jolies rides qu'ont les yeux rieurs et heureux,\u2026","rel":"","context":"Dans &quot;Dans l'atelier&quot;","img":{"alt_text":"","src":"https:\/\/i0.wp.com\/www.mellecereza.fr\/blog\/wp-content\/uploads\/2014\/09\/miss-dior-nathalie-portman-sofia-coppola.jpg?resize=350%2C200&ssl=1","width":350,"height":200},"classes":[]}],"_links":{"self":[{"href":"https:\/\/www.mellecereza.fr\/blog\/wp-json\/wp\/v2\/posts\/7203"}],"collection":[{"href":"https:\/\/www.mellecereza.fr\/blog\/wp-json\/wp\/v2\/posts"}],"about":[{"href":"https:\/\/www.mellecereza.fr\/blog\/wp-json\/wp\/v2\/types\/post"}],"author":[{"embeddable":true,"href":"https:\/\/www.mellecereza.fr\/blog\/wp-json\/wp\/v2\/users\/1"}],"replies":[{"embeddable":true,"href":"https:\/\/www.mellecereza.fr\/blog\/wp-json\/wp\/v2\/comments?post=7203"}],"version-history":[{"count":15,"href":"https:\/\/www.mellecereza.fr\/blog\/wp-json\/wp\/v2\/posts\/7203\/revisions"}],"predecessor-version":[{"id":7220,"href":"https:\/\/www.mellecereza.fr\/blog\/wp-json\/wp\/v2\/posts\/7203\/revisions\/7220"}],"wp:featuredmedia":[{"embeddable":true,"href":"https:\/\/www.mellecereza.fr\/blog\/wp-json\/wp\/v2\/media\/7204"}],"wp:attachment":[{"href":"https:\/\/www.mellecereza.fr\/blog\/wp-json\/wp\/v2\/media?parent=7203"}],"wp:term":[{"taxonomy":"category","embeddable":true,"href":"https:\/\/www.mellecereza.fr\/blog\/wp-json\/wp\/v2\/categories?post=7203"},{"taxonomy":"post_tag","embeddable":true,"href":"https:\/\/www.mellecereza.fr\/blog\/wp-json\/wp\/v2\/tags?post=7203"}],"curies":[{"name":"wp","href":"https:\/\/api.w.org\/{rel}","templated":true}]}}