{"id":780,"date":"2014-05-04T19:37:41","date_gmt":"2014-05-04T17:37:41","guid":{"rendered":"http:\/\/www.mellecereza.fr\/blog\/?p=780"},"modified":"2019-01-02T10:08:36","modified_gmt":"2019-01-02T08:08:36","slug":"mariage-bleu-marine-blanc","status":"publish","type":"post","link":"https:\/\/www.mellecereza.fr\/blog\/mariage-bleu-marine-blanc\/","title":{"rendered":"Mariage bleu marine blanc et &#8230; Dans l&rsquo;atelier #82"},"content":{"rendered":"<h5 style=\"text-align: center;\">Une tr\u00e8s jolie semaine \u00e0 l&rsquo;atelier qui a commenc\u00e9 par un mariage bleu marine blanc et qui a continu\u00e9 avec un panier de couleurs \ud83d\ude09<\/h5>\n<p><a href=\"https:\/\/www.mellecereza.fr\/blog\/wp-content\/uploads\/2014\/05\/82r-mariage-bleu-marine-blanc-personnalis\u00e9-sur-mesure-bouquet-mari\u00e9e-dentelle-cereza-deco.jpg\"><img data-attachment-id=\"2418\" data-permalink=\"https:\/\/www.mellecereza.fr\/blog\/mariage-bleu-marine-blanc\/82r-mariage-bleu-marine-blanc-personnalise-sur-mesure-bouquet-mariee-dentelle-cereza-deco\/#main\" data-orig-file=\"https:\/\/www.mellecereza.fr\/blog\/wp-content\/uploads\/2014\/05\/82r-mariage-bleu-marine-blanc-personnalis\u00e9-sur-mesure-bouquet-mari\u00e9e-dentelle-cereza-deco.jpg\" data-orig-size=\"700,525\" data-comments-opened=\"1\" data-image-meta=\"{&quot;aperture&quot;:&quot;0&quot;,&quot;credit&quot;:&quot;Picasa&quot;,&quot;camera&quot;:&quot;&quot;,&quot;caption&quot;:&quot;&quot;,&quot;created_timestamp&quot;:&quot;1399191347&quot;,&quot;copyright&quot;:&quot;&quot;,&quot;focal_length&quot;:&quot;0&quot;,&quot;iso&quot;:&quot;0&quot;,&quot;shutter_speed&quot;:&quot;0&quot;,&quot;title&quot;:&quot;&quot;}\" data-image-title=\"mariage bleu marine blanc personnalis\u00e9 sur mesure bouquet mari\u00e9e tissu \u00e9ternel dentelle cereza deco\" data-image-description=\"\" data-image-caption=\"\" data-medium-file=\"https:\/\/www.mellecereza.fr\/blog\/wp-content\/uploads\/2014\/05\/82r-mariage-bleu-marine-blanc-personnalis\u00e9-sur-mesure-bouquet-mari\u00e9e-dentelle-cereza-deco-600x450.jpg\" data-large-file=\"https:\/\/www.mellecereza.fr\/blog\/wp-content\/uploads\/2014\/05\/82r-mariage-bleu-marine-blanc-personnalis\u00e9-sur-mesure-bouquet-mari\u00e9e-dentelle-cereza-deco.jpg\" decoding=\"async\" loading=\"lazy\" class=\"aligncenter size-medium wp-image-2418\" alt=\"mariage bleu marine blanc personnalis\u00e9 sur mesure bouquet mari\u00e9e tissu \u00e9ternel dentelle cereza deco\" src=\"https:\/\/www.mellecereza.fr\/blog\/wp-content\/uploads\/2014\/05\/82r-mariage-bleu-marine-blanc-personnalis\u00e9-sur-mesure-bouquet-mari\u00e9e-dentelle-cereza-deco-600x450.jpg\" width=\"600\" height=\"450\" srcset=\"https:\/\/www.mellecereza.fr\/blog\/wp-content\/uploads\/2014\/05\/82r-mariage-bleu-marine-blanc-personnalis\u00e9-sur-mesure-bouquet-mari\u00e9e-dentelle-cereza-deco-600x450.jpg 600w, https:\/\/www.mellecereza.fr\/blog\/wp-content\/uploads\/2014\/05\/82r-mariage-bleu-marine-blanc-personnalis\u00e9-sur-mesure-bouquet-mari\u00e9e-dentelle-cereza-deco-450x337.jpg 450w, https:\/\/www.mellecereza.fr\/blog\/wp-content\/uploads\/2014\/05\/82r-mariage-bleu-marine-blanc-personnalis\u00e9-sur-mesure-bouquet-mari\u00e9e-dentelle-cereza-deco.jpg 700w\" sizes=\"(max-width: 600px) 100vw, 600px\" \/><\/a><\/p>\n<p style=\"text-align: center;\">\u00a0<strong>Un mariage bleu marine blanc<\/strong> \u00e0 personnaliser pour un groom pompier de son m\u00e9tier : un tr\u00e8s joli rappel de ses couleurs !<\/p>\n<p style=\"text-align: center;\"><a href=\"https:\/\/www.mellecereza.fr\/blog\/wp-content\/uploads\/2014\/05\/porte-alliance-fleur-personnalis\u00e9-mariage-bleu-marine-blanc-cereza-deco-2.jpg\"><img data-attachment-id=\"783\" data-permalink=\"https:\/\/www.mellecereza.fr\/blog\/mariage-bleu-marine-blanc\/porte-alliance-fleur-personnalise-mariage-bleu-marine-blanc-cereza-deco-2\/#main\" data-orig-file=\"https:\/\/www.mellecereza.fr\/blog\/wp-content\/uploads\/2014\/05\/porte-alliance-fleur-personnalis\u00e9-mariage-bleu-marine-blanc-cereza-deco-2.jpg\" data-orig-size=\"700,525\" data-comments-opened=\"1\" data-image-meta=\"{&quot;aperture&quot;:&quot;3.3&quot;,&quot;credit&quot;:&quot;&quot;,&quot;camera&quot;:&quot;DMC-TZ5&quot;,&quot;caption&quot;:&quot;&quot;,&quot;created_timestamp&quot;:&quot;1399134238&quot;,&quot;copyright&quot;:&quot;&quot;,&quot;focal_length&quot;:&quot;4.7&quot;,&quot;iso&quot;:&quot;100&quot;,&quot;shutter_speed&quot;:&quot;0.0166666666667&quot;,&quot;title&quot;:&quot;&quot;}\" data-image-title=\"mariage bleu marine blanc bouquet mari\" data-image-description=\"\" data-image-caption=\"\" data-medium-file=\"https:\/\/www.mellecereza.fr\/blog\/wp-content\/uploads\/2014\/05\/porte-alliance-fleur-personnalis\u00e9-mariage-bleu-marine-blanc-cereza-deco-2-600x450.jpg\" data-large-file=\"https:\/\/www.mellecereza.fr\/blog\/wp-content\/uploads\/2014\/05\/porte-alliance-fleur-personnalis\u00e9-mariage-bleu-marine-blanc-cereza-deco-2.jpg\" decoding=\"async\" loading=\"lazy\" class=\"aligncenter size-medium wp-image-783\" alt=\"mariage bleu marine blanc bouquet mari\" src=\"https:\/\/www.mellecereza.fr\/blog\/wp-content\/uploads\/2014\/05\/porte-alliance-fleur-personnalis\u00e9-mariage-bleu-marine-blanc-cereza-deco-2-600x450.jpg\" width=\"600\" height=\"450\" srcset=\"https:\/\/www.mellecereza.fr\/blog\/wp-content\/uploads\/2014\/05\/porte-alliance-fleur-personnalis\u00e9-mariage-bleu-marine-blanc-cereza-deco-2-600x450.jpg 600w, https:\/\/www.mellecereza.fr\/blog\/wp-content\/uploads\/2014\/05\/porte-alliance-fleur-personnalis\u00e9-mariage-bleu-marine-blanc-cereza-deco-2-450x337.jpg 450w, https:\/\/www.mellecereza.fr\/blog\/wp-content\/uploads\/2014\/05\/porte-alliance-fleur-personnalis\u00e9-mariage-bleu-marine-blanc-cereza-deco-2.jpg 700w\" sizes=\"(max-width: 600px) 100vw, 600px\" \/><\/a><\/p>\n<p>&nbsp;<\/p>\n<p style=\"text-align: center;\">J&rsquo;ai d\u00e9laiss\u00e9 le <strong>mariage bleu marine blanc<\/strong> pour revenir \u00e0 mon duo de couleurs chouchou : <strong>le rose et gris<\/strong> \ud83d\ude09<\/p>\n<p style=\"text-align: center;\"><a href=\"https:\/\/www.mellecereza.fr\/blog\/wp-content\/uploads\/2014\/05\/ensemble-mariage-rose-gris-strass-bouquet-porte-alliance-boutonni\u00e8re-cereza-deco.jpg\"><img data-attachment-id=\"784\" data-permalink=\"https:\/\/www.mellecereza.fr\/blog\/mariage-bleu-marine-blanc\/ensemble-mariage-rose-gris-strass-bouquet-porte-alliance-boutonniere-cereza-deco\/#main\" data-orig-file=\"https:\/\/www.mellecereza.fr\/blog\/wp-content\/uploads\/2014\/05\/ensemble-mariage-rose-gris-strass-bouquet-porte-alliance-boutonni\u00e8re-cereza-deco.jpg\" data-orig-size=\"525,700\" data-comments-opened=\"1\" data-image-meta=\"{&quot;aperture&quot;:&quot;3.3&quot;,&quot;credit&quot;:&quot;&quot;,&quot;camera&quot;:&quot;DMC-TZ5&quot;,&quot;caption&quot;:&quot;&quot;,&quot;created_timestamp&quot;:&quot;1398772281&quot;,&quot;copyright&quot;:&quot;&quot;,&quot;focal_length&quot;:&quot;4.7&quot;,&quot;iso&quot;:&quot;100&quot;,&quot;shutter_speed&quot;:&quot;0.0125&quot;,&quot;title&quot;:&quot;&quot;}\" data-image-title=\"ensemble mariage rose gris strass bouquet porte alliance boutonni\" data-image-description=\"\" data-image-caption=\"\" data-medium-file=\"https:\/\/www.mellecereza.fr\/blog\/wp-content\/uploads\/2014\/05\/ensemble-mariage-rose-gris-strass-bouquet-porte-alliance-boutonni\u00e8re-cereza-deco-450x600.jpg\" data-large-file=\"https:\/\/www.mellecereza.fr\/blog\/wp-content\/uploads\/2014\/05\/ensemble-mariage-rose-gris-strass-bouquet-porte-alliance-boutonni\u00e8re-cereza-deco.jpg\" decoding=\"async\" loading=\"lazy\" class=\"aligncenter size-medium wp-image-784\" alt=\"ensemble mariage rose gris strass bouquet porte alliance boutonni\" src=\"https:\/\/www.mellecereza.fr\/blog\/wp-content\/uploads\/2014\/05\/ensemble-mariage-rose-gris-strass-bouquet-porte-alliance-boutonni\u00e8re-cereza-deco-450x600.jpg\" width=\"450\" height=\"600\" srcset=\"https:\/\/www.mellecereza.fr\/blog\/wp-content\/uploads\/2014\/05\/ensemble-mariage-rose-gris-strass-bouquet-porte-alliance-boutonni\u00e8re-cereza-deco-450x600.jpg 450w, https:\/\/www.mellecereza.fr\/blog\/wp-content\/uploads\/2014\/05\/ensemble-mariage-rose-gris-strass-bouquet-porte-alliance-boutonni\u00e8re-cereza-deco-337x450.jpg 337w, https:\/\/www.mellecereza.fr\/blog\/wp-content\/uploads\/2014\/05\/ensemble-mariage-rose-gris-strass-bouquet-porte-alliance-boutonni\u00e8re-cereza-deco.jpg 525w\" sizes=\"(max-width: 450px) 100vw, 450px\" \/><\/a><\/p>\n<p>&nbsp;<\/p>\n<p style=\"text-align: center;\">\u00a0Des fleurs bleu ciel et ivoire sont n\u00e9es dans l&rsquo;atelier pour se transformer dans quelques jours en <a title=\"bouquet de mariee en tissu\" href=\"http:\/\/www.mellecereza.fr\/soldes\/87-bouquet-de-mariee-bijou-ivoire-bleu-ciel-en-tissu-satin.html\"><strong>bouquet de mari\u00e9e en tissu<\/strong><\/a><\/p>\n<p style=\"text-align: center;\"><a href=\"https:\/\/www.mellecereza.fr\/blog\/wp-content\/uploads\/2014\/05\/fleurs-bouquet-porte-alliance-bleu-ciel-ivoire-Clarisse-Cereza-deco.jpg\"><img data-attachment-id=\"785\" data-permalink=\"https:\/\/www.mellecereza.fr\/blog\/mariage-bleu-marine-blanc\/fleurs-bouquet-porte-alliance-bleu-ciel-ivoire-clarisse-cereza-deco\/#main\" data-orig-file=\"https:\/\/www.mellecereza.fr\/blog\/wp-content\/uploads\/2014\/05\/fleurs-bouquet-porte-alliance-bleu-ciel-ivoire-Clarisse-Cereza-deco.jpg\" data-orig-size=\"700,525\" data-comments-opened=\"1\" data-image-meta=\"{&quot;aperture&quot;:&quot;3.3&quot;,&quot;credit&quot;:&quot;&quot;,&quot;camera&quot;:&quot;DMC-TZ5&quot;,&quot;caption&quot;:&quot;&quot;,&quot;created_timestamp&quot;:&quot;1398699376&quot;,&quot;copyright&quot;:&quot;&quot;,&quot;focal_length&quot;:&quot;4.7&quot;,&quot;iso&quot;:&quot;100&quot;,&quot;shutter_speed&quot;:&quot;0.0125&quot;,&quot;title&quot;:&quot;&quot;}\" data-image-title=\"mariage bleu ciel ivoire bouquet mari\" data-image-description=\"\" data-image-caption=\"\" data-medium-file=\"https:\/\/www.mellecereza.fr\/blog\/wp-content\/uploads\/2014\/05\/fleurs-bouquet-porte-alliance-bleu-ciel-ivoire-Clarisse-Cereza-deco-600x450.jpg\" data-large-file=\"https:\/\/www.mellecereza.fr\/blog\/wp-content\/uploads\/2014\/05\/fleurs-bouquet-porte-alliance-bleu-ciel-ivoire-Clarisse-Cereza-deco.jpg\" decoding=\"async\" loading=\"lazy\" class=\"aligncenter size-medium wp-image-785\" alt=\"mariage bleu ciel ivoire bouquet mari\" src=\"https:\/\/www.mellecereza.fr\/blog\/wp-content\/uploads\/2014\/05\/fleurs-bouquet-porte-alliance-bleu-ciel-ivoire-Clarisse-Cereza-deco-600x450.jpg\" width=\"600\" height=\"450\" srcset=\"https:\/\/www.mellecereza.fr\/blog\/wp-content\/uploads\/2014\/05\/fleurs-bouquet-porte-alliance-bleu-ciel-ivoire-Clarisse-Cereza-deco-600x450.jpg 600w, https:\/\/www.mellecereza.fr\/blog\/wp-content\/uploads\/2014\/05\/fleurs-bouquet-porte-alliance-bleu-ciel-ivoire-Clarisse-Cereza-deco-450x337.jpg 450w, https:\/\/www.mellecereza.fr\/blog\/wp-content\/uploads\/2014\/05\/fleurs-bouquet-porte-alliance-bleu-ciel-ivoire-Clarisse-Cereza-deco.jpg 700w\" sizes=\"(max-width: 600px) 100vw, 600px\" \/><\/a><\/p>\n<p style=\"text-align: center;\">\u00a0Cr\u00e9er un duo de fleurs pour un <strong>mariage noir, blanc<\/strong> et gris et d\u00e9cliner en porte-alliance<\/p>\n<p style=\"text-align: center;\"><a href=\"https:\/\/www.mellecereza.fr\/blog\/wp-content\/uploads\/2014\/05\/porte-alliance-personnalis\u00e9-duo-fleurs-blanc-noir-gris-cereza-deco-2.jpg\"><img data-attachment-id=\"786\" data-permalink=\"https:\/\/www.mellecereza.fr\/blog\/mariage-bleu-marine-blanc\/porte-alliance-personnalise-duo-fleurs-blanc-noir-gris-cereza-deco-2\/#main\" data-orig-file=\"https:\/\/www.mellecereza.fr\/blog\/wp-content\/uploads\/2014\/05\/porte-alliance-personnalis\u00e9-duo-fleurs-blanc-noir-gris-cereza-deco-2.jpg\" data-orig-size=\"700,525\" data-comments-opened=\"1\" data-image-meta=\"{&quot;aperture&quot;:&quot;3.3&quot;,&quot;credit&quot;:&quot;&quot;,&quot;camera&quot;:&quot;DMC-TZ5&quot;,&quot;caption&quot;:&quot;&quot;,&quot;created_timestamp&quot;:&quot;1398771941&quot;,&quot;copyright&quot;:&quot;&quot;,&quot;focal_length&quot;:&quot;4.7&quot;,&quot;iso&quot;:&quot;100&quot;,&quot;shutter_speed&quot;:&quot;0.004&quot;,&quot;title&quot;:&quot;&quot;}\" data-image-title=\"mariage noir blanc bouquet personnalis\" data-image-description=\"\" data-image-caption=\"\" data-medium-file=\"https:\/\/www.mellecereza.fr\/blog\/wp-content\/uploads\/2014\/05\/porte-alliance-personnalis\u00e9-duo-fleurs-blanc-noir-gris-cereza-deco-2-600x450.jpg\" data-large-file=\"https:\/\/www.mellecereza.fr\/blog\/wp-content\/uploads\/2014\/05\/porte-alliance-personnalis\u00e9-duo-fleurs-blanc-noir-gris-cereza-deco-2.jpg\" decoding=\"async\" loading=\"lazy\" class=\"aligncenter size-medium wp-image-786\" alt=\"mariage noir blanc bouquet personnalis\" src=\"https:\/\/www.mellecereza.fr\/blog\/wp-content\/uploads\/2014\/05\/porte-alliance-personnalis\u00e9-duo-fleurs-blanc-noir-gris-cereza-deco-2-600x450.jpg\" width=\"600\" height=\"450\" srcset=\"https:\/\/www.mellecereza.fr\/blog\/wp-content\/uploads\/2014\/05\/porte-alliance-personnalis\u00e9-duo-fleurs-blanc-noir-gris-cereza-deco-2-600x450.jpg 600w, https:\/\/www.mellecereza.fr\/blog\/wp-content\/uploads\/2014\/05\/porte-alliance-personnalis\u00e9-duo-fleurs-blanc-noir-gris-cereza-deco-2-450x337.jpg 450w, https:\/\/www.mellecereza.fr\/blog\/wp-content\/uploads\/2014\/05\/porte-alliance-personnalis\u00e9-duo-fleurs-blanc-noir-gris-cereza-deco-2.jpg 700w\" sizes=\"(max-width: 600px) 100vw, 600px\" \/><\/a><\/p>\n<p style=\"text-align: center;\">\u00a0Appr\u00e9cier les brins de muguet qui embaument la maison, une jolie tradition qui me rappelle les cueillettes de mon enfance dans les jardins<\/p>\n<p style=\"text-align: center;\"><a href=\"https:\/\/www.mellecereza.fr\/blog\/wp-content\/uploads\/2014\/05\/lily-of-the-valley-bouquet-brussles-lace-vintage-veil.jpg\"><img data-attachment-id=\"787\" data-permalink=\"https:\/\/www.mellecereza.fr\/blog\/mariage-bleu-marine-blanc\/lily-of-the-valley-bouquet-brussles-lace-vintage-veil\/#main\" data-orig-file=\"https:\/\/www.mellecereza.fr\/blog\/wp-content\/uploads\/2014\/05\/lily-of-the-valley-bouquet-brussles-lace-vintage-veil.jpg\" data-orig-size=\"600,442\" data-comments-opened=\"1\" data-image-meta=\"{&quot;aperture&quot;:&quot;0&quot;,&quot;credit&quot;:&quot;&quot;,&quot;camera&quot;:&quot;&quot;,&quot;caption&quot;:&quot;&quot;,&quot;created_timestamp&quot;:&quot;0&quot;,&quot;copyright&quot;:&quot;&quot;,&quot;focal_length&quot;:&quot;0&quot;,&quot;iso&quot;:&quot;0&quot;,&quot;shutter_speed&quot;:&quot;0&quot;,&quot;title&quot;:&quot;&quot;}\" data-image-title=\"bouquet de muguet\" data-image-description=\"\" data-image-caption=\"\" data-medium-file=\"https:\/\/www.mellecereza.fr\/blog\/wp-content\/uploads\/2014\/05\/lily-of-the-valley-bouquet-brussles-lace-vintage-veil.jpg\" data-large-file=\"https:\/\/www.mellecereza.fr\/blog\/wp-content\/uploads\/2014\/05\/lily-of-the-valley-bouquet-brussles-lace-vintage-veil.jpg\" decoding=\"async\" loading=\"lazy\" class=\"aligncenter size-full wp-image-787\" alt=\"bouquet de muguet\" src=\"https:\/\/www.mellecereza.fr\/blog\/wp-content\/uploads\/2014\/05\/lily-of-the-valley-bouquet-brussles-lace-vintage-veil.jpg\" width=\"600\" height=\"442\" srcset=\"https:\/\/www.mellecereza.fr\/blog\/wp-content\/uploads\/2014\/05\/lily-of-the-valley-bouquet-brussles-lace-vintage-veil.jpg 600w, https:\/\/www.mellecereza.fr\/blog\/wp-content\/uploads\/2014\/05\/lily-of-the-valley-bouquet-brussles-lace-vintage-veil-450x331.jpg 450w\" sizes=\"(max-width: 600px) 100vw, 600px\" \/><\/a><\/p>\n<p>&nbsp;<\/p>\n<p style=\"text-align: center;\">\u00a0Profiter du retour de quelques rayons de soleil pour jardiner \u00ab\u00a0pour de vrai\u00a0\u00bb : un carr\u00e9 d&rsquo;herbes aromatiques &#8230;<\/p>\n<p style=\"text-align: center;\"><a href=\"https:\/\/www.mellecereza.fr\/blog\/wp-content\/uploads\/2014\/05\/1\u00e8res-plantations-de-printemps-cereza-deco-2.jpg\"><img data-attachment-id=\"788\" data-permalink=\"https:\/\/www.mellecereza.fr\/blog\/mariage-bleu-marine-blanc\/1eres-plantations-de-printemps-cereza-deco-2\/#main\" data-orig-file=\"https:\/\/www.mellecereza.fr\/blog\/wp-content\/uploads\/2014\/05\/1\u00e8res-plantations-de-printemps-cereza-deco-2.jpg\" data-orig-size=\"3224,2592\" data-comments-opened=\"1\" data-image-meta=\"{&quot;aperture&quot;:&quot;3.9&quot;,&quot;credit&quot;:&quot;&quot;,&quot;camera&quot;:&quot;DMC-TZ5&quot;,&quot;caption&quot;:&quot;&quot;,&quot;created_timestamp&quot;:&quot;1398943209&quot;,&quot;copyright&quot;:&quot;&quot;,&quot;focal_length&quot;:&quot;6.7&quot;,&quot;iso&quot;:&quot;100&quot;,&quot;shutter_speed&quot;:&quot;0.00625&quot;,&quot;title&quot;:&quot;&quot;}\" data-image-title=\"1\" data-image-description=\"\" data-image-caption=\"\" data-medium-file=\"https:\/\/www.mellecereza.fr\/blog\/wp-content\/uploads\/2014\/05\/1\u00e8res-plantations-de-printemps-cereza-deco-2-600x482.jpg\" data-large-file=\"https:\/\/www.mellecereza.fr\/blog\/wp-content\/uploads\/2014\/05\/1\u00e8res-plantations-de-printemps-cereza-deco-2-1024x823.jpg\" decoding=\"async\" loading=\"lazy\" class=\"aligncenter size-medium wp-image-788\" alt=\"1\" src=\"https:\/\/www.mellecereza.fr\/blog\/wp-content\/uploads\/2014\/05\/1\u00e8res-plantations-de-printemps-cereza-deco-2-600x482.jpg\" width=\"600\" height=\"482\" srcset=\"https:\/\/www.mellecereza.fr\/blog\/wp-content\/uploads\/2014\/05\/1\u00e8res-plantations-de-printemps-cereza-deco-2-600x482.jpg 600w, https:\/\/www.mellecereza.fr\/blog\/wp-content\/uploads\/2014\/05\/1\u00e8res-plantations-de-printemps-cereza-deco-2-450x361.jpg 450w, https:\/\/www.mellecereza.fr\/blog\/wp-content\/uploads\/2014\/05\/1\u00e8res-plantations-de-printemps-cereza-deco-2-1024x823.jpg 1024w\" sizes=\"(max-width: 600px) 100vw, 600px\" \/><\/a><\/p>\n<p>&nbsp;<\/p>\n<p style=\"text-align: center;\">\u00a0\u00a0Et des p\u00e9tunias rose fuchsia<\/p>\n<p style=\"text-align: center;\"><a href=\"https:\/\/www.mellecereza.fr\/blog\/wp-content\/uploads\/2014\/05\/1\u00e8res-plantations-de-printemps-cereza-deco1.jpg\"><img data-attachment-id=\"789\" data-permalink=\"https:\/\/www.mellecereza.fr\/blog\/mariage-bleu-marine-blanc\/1eres-plantations-de-printemps-cereza-deco1\/#main\" data-orig-file=\"https:\/\/www.mellecereza.fr\/blog\/wp-content\/uploads\/2014\/05\/1\u00e8res-plantations-de-printemps-cereza-deco1.jpg\" data-orig-size=\"3456,2592\" data-comments-opened=\"1\" data-image-meta=\"{&quot;aperture&quot;:&quot;3.3&quot;,&quot;credit&quot;:&quot;&quot;,&quot;camera&quot;:&quot;DMC-TZ5&quot;,&quot;caption&quot;:&quot;&quot;,&quot;created_timestamp&quot;:&quot;1398943184&quot;,&quot;copyright&quot;:&quot;&quot;,&quot;focal_length&quot;:&quot;4.7&quot;,&quot;iso&quot;:&quot;100&quot;,&quot;shutter_speed&quot;:&quot;0.004&quot;,&quot;title&quot;:&quot;&quot;}\" data-image-title=\"1\" data-image-description=\"\" data-image-caption=\"\" data-medium-file=\"https:\/\/www.mellecereza.fr\/blog\/wp-content\/uploads\/2014\/05\/1\u00e8res-plantations-de-printemps-cereza-deco1-600x450.jpg\" data-large-file=\"https:\/\/www.mellecereza.fr\/blog\/wp-content\/uploads\/2014\/05\/1\u00e8res-plantations-de-printemps-cereza-deco1-1024x768.jpg\" decoding=\"async\" loading=\"lazy\" class=\"aligncenter size-medium wp-image-789\" alt=\"1\" src=\"https:\/\/www.mellecereza.fr\/blog\/wp-content\/uploads\/2014\/05\/1\u00e8res-plantations-de-printemps-cereza-deco1-600x450.jpg\" width=\"600\" height=\"450\" srcset=\"https:\/\/www.mellecereza.fr\/blog\/wp-content\/uploads\/2014\/05\/1\u00e8res-plantations-de-printemps-cereza-deco1-600x450.jpg 600w, https:\/\/www.mellecereza.fr\/blog\/wp-content\/uploads\/2014\/05\/1\u00e8res-plantations-de-printemps-cereza-deco1-450x337.jpg 450w, https:\/\/www.mellecereza.fr\/blog\/wp-content\/uploads\/2014\/05\/1\u00e8res-plantations-de-printemps-cereza-deco1-1024x768.jpg 1024w\" sizes=\"(max-width: 600px) 100vw, 600px\" \/><\/a><\/p>\n<p style=\"text-align: center;\">\u00a0Revenir aux <strong>bouquets de mari\u00e9e en tissu<\/strong> &#8230;<\/p>\n<p style=\"text-align: center;\">Et personnaliser un <a href=\"http:\/\/www.mellecereza.fr\/13-porte-alliance-fleur-original\"><strong>porte-alliance original<\/strong><\/a> en lin blanc et gris, un duo pour deux enfants d&rsquo;honneur<\/p>\n<p style=\"text-align: center;\"><a href=\"https:\/\/www.mellecereza.fr\/blog\/wp-content\/uploads\/2014\/05\/porte-alliance-personnalis\u00e9-duo-fleurs-lin-blanc-gris-cereza-deco-1.jpg\"><img data-attachment-id=\"790\" data-permalink=\"https:\/\/www.mellecereza.fr\/blog\/mariage-bleu-marine-blanc\/porte-alliance-personnalise-duo-fleurs-lin-blanc-gris-cereza-deco-1\/#main\" data-orig-file=\"https:\/\/www.mellecereza.fr\/blog\/wp-content\/uploads\/2014\/05\/porte-alliance-personnalis\u00e9-duo-fleurs-lin-blanc-gris-cereza-deco-1.jpg\" data-orig-size=\"700,525\" data-comments-opened=\"1\" data-image-meta=\"{&quot;aperture&quot;:&quot;3.3&quot;,&quot;credit&quot;:&quot;&quot;,&quot;camera&quot;:&quot;DMC-TZ5&quot;,&quot;caption&quot;:&quot;&quot;,&quot;created_timestamp&quot;:&quot;1398771996&quot;,&quot;copyright&quot;:&quot;&quot;,&quot;focal_length&quot;:&quot;4.7&quot;,&quot;iso&quot;:&quot;100&quot;,&quot;shutter_speed&quot;:&quot;0.004&quot;,&quot;title&quot;:&quot;&quot;}\" data-image-title=\"porte alliance personnalis\" data-image-description=\"\" data-image-caption=\"\" data-medium-file=\"https:\/\/www.mellecereza.fr\/blog\/wp-content\/uploads\/2014\/05\/porte-alliance-personnalis\u00e9-duo-fleurs-lin-blanc-gris-cereza-deco-1-600x450.jpg\" data-large-file=\"https:\/\/www.mellecereza.fr\/blog\/wp-content\/uploads\/2014\/05\/porte-alliance-personnalis\u00e9-duo-fleurs-lin-blanc-gris-cereza-deco-1.jpg\" decoding=\"async\" loading=\"lazy\" class=\"aligncenter size-medium wp-image-790\" alt=\"porte alliance personnalis\" src=\"https:\/\/www.mellecereza.fr\/blog\/wp-content\/uploads\/2014\/05\/porte-alliance-personnalis\u00e9-duo-fleurs-lin-blanc-gris-cereza-deco-1-600x450.jpg\" width=\"600\" height=\"450\" srcset=\"https:\/\/www.mellecereza.fr\/blog\/wp-content\/uploads\/2014\/05\/porte-alliance-personnalis\u00e9-duo-fleurs-lin-blanc-gris-cereza-deco-1-600x450.jpg 600w, https:\/\/www.mellecereza.fr\/blog\/wp-content\/uploads\/2014\/05\/porte-alliance-personnalis\u00e9-duo-fleurs-lin-blanc-gris-cereza-deco-1-450x337.jpg 450w, https:\/\/www.mellecereza.fr\/blog\/wp-content\/uploads\/2014\/05\/porte-alliance-personnalis\u00e9-duo-fleurs-lin-blanc-gris-cereza-deco-1.jpg 700w\" sizes=\"(max-width: 600px) 100vw, 600px\" \/><\/a><\/p>\n<p style=\"text-align: center;\">\u00a0Apporter les derniers jolis d\u00e9tails \u00e0 un <strong>bouquet de mari\u00e9e \u00e9ternel<\/strong> dentelle &#8230;<\/p>\n<p style=\"text-align: center;\">&#8230; et d\u00e9clencher les larmes de la future mari\u00e9e toute \u00e9mue \u2665<\/p>\n<p style=\"text-align: center;\"><a href=\"https:\/\/www.mellecereza.fr\/blog\/wp-content\/uploads\/2014\/05\/bouquet-de-mariage-dentelle-original-ivoire-gris-parme-strass-cristal-cereza-deco-1.jpg\"><img data-attachment-id=\"791\" data-permalink=\"https:\/\/www.mellecereza.fr\/blog\/mariage-bleu-marine-blanc\/bouquet-de-mariage-dentelle-original-ivoire-gris-parme-strass-cristal-cereza-deco-1\/#main\" data-orig-file=\"https:\/\/www.mellecereza.fr\/blog\/wp-content\/uploads\/2014\/05\/bouquet-de-mariage-dentelle-original-ivoire-gris-parme-strass-cristal-cereza-deco-1.jpg\" data-orig-size=\"525,700\" data-comments-opened=\"1\" data-image-meta=\"{&quot;aperture&quot;:&quot;3.3&quot;,&quot;credit&quot;:&quot;&quot;,&quot;camera&quot;:&quot;DMC-TZ5&quot;,&quot;caption&quot;:&quot;&quot;,&quot;created_timestamp&quot;:&quot;1398685674&quot;,&quot;copyright&quot;:&quot;&quot;,&quot;focal_length&quot;:&quot;4.7&quot;,&quot;iso&quot;:&quot;100&quot;,&quot;shutter_speed&quot;:&quot;0.0166666666667&quot;,&quot;title&quot;:&quot;&quot;}\" data-image-title=\"bouquet de mariage dentelle original ivoire gris parme strass cristal cereza deco 1\" data-image-description=\"\" data-image-caption=\"\" data-medium-file=\"https:\/\/www.mellecereza.fr\/blog\/wp-content\/uploads\/2014\/05\/bouquet-de-mariage-dentelle-original-ivoire-gris-parme-strass-cristal-cereza-deco-1-450x600.jpg\" data-large-file=\"https:\/\/www.mellecereza.fr\/blog\/wp-content\/uploads\/2014\/05\/bouquet-de-mariage-dentelle-original-ivoire-gris-parme-strass-cristal-cereza-deco-1.jpg\" decoding=\"async\" loading=\"lazy\" class=\"aligncenter size-medium wp-image-791\" alt=\"bouquet de mariage dentelle original ivoire gris parme strass cristal cereza deco 1\" src=\"https:\/\/www.mellecereza.fr\/blog\/wp-content\/uploads\/2014\/05\/bouquet-de-mariage-dentelle-original-ivoire-gris-parme-strass-cristal-cereza-deco-1-450x600.jpg\" width=\"450\" height=\"600\" srcset=\"https:\/\/www.mellecereza.fr\/blog\/wp-content\/uploads\/2014\/05\/bouquet-de-mariage-dentelle-original-ivoire-gris-parme-strass-cristal-cereza-deco-1-450x600.jpg 450w, https:\/\/www.mellecereza.fr\/blog\/wp-content\/uploads\/2014\/05\/bouquet-de-mariage-dentelle-original-ivoire-gris-parme-strass-cristal-cereza-deco-1-337x450.jpg 337w, https:\/\/www.mellecereza.fr\/blog\/wp-content\/uploads\/2014\/05\/bouquet-de-mariage-dentelle-original-ivoire-gris-parme-strass-cristal-cereza-deco-1.jpg 525w\" sizes=\"(max-width: 450px) 100vw, 450px\" \/><\/a><\/p>\n<p style=\"text-align: center;\">\u00a0<span style=\"font-size: medium;\">Tr\u00e8s belle fin de week-end \u00e0 toutes \u2665<\/span><\/p>\n<div>\n<p>Profitez de ce moment pour d\u00e9couvrir d\u2019autres cr\u00e9atrices du made in France<\/p>\n<p><span style=\"font-size: x-small;\">Lara, J\u2019en ai pas l\u2019air :\u00a0<a href=\"http:\/\/www.jenaipaslair.fr\/couleurs-soleil-lumieres-paillettes-cuirs-dentelles-tout-est-fait-a-latelier-pour-emporter-le-printemps-partout-avec-vous\/\" target=\"_blank\">cr\u00e9ation de sacs r\u00e9tro et originaux<\/a><\/span><\/p>\n<p><span style=\"font-size: x-small;\">Pascale, Gazouillis &amp; Cie :\u00a0<a href=\"http:\/\/blog.gazouillisetcie.fr\/2014\/05\/04\/une-semaine-a-latelier-58\/\" target=\"_blank\">Layette tricot\u00e9e main 100% made in France<\/a><\/span><\/p>\n<p><span style=\"font-size: x-small;\">Virginie, Lili &amp; le Scarab\u00e9e ROz :\u00a0<a href=\"http:\/\/wp.me\/p4pIM1-Bm\" target=\"_blank\">cr\u00e9atrice de bijoux fantaisie<\/a><\/span><\/p>\n<p><span style=\"font-size: x-small;\">Isabelle, Dessine-moi un pr\u00e9nom :\u00a0<a href=\"http:\/\/blog.dessine-moi-un-prenom.com\/ma-semaine-a-latelier-71\/\" target=\"_blank\">tableaux personnalis\u00e9s pour enfants &amp; grands<\/a><\/span><\/p>\n<p><span style=\"font-size: x-small;\">Florence, Brodi Broda :\u00a0<a href=\"http:\/\/leblogbrodibroda.canalblog.com\/archives\/2014\/05\/04\/29798478.html\" target=\"_blank\">r\u00e9cr\u00e9ations textiles \u00a0qui p\u00e9tillent pour petits et grands enfants<\/a><\/span><\/p>\n<p><span style=\"font-size: x-small;\">Aline, La Caverne \u00e0 Cr\u00e9ations :\u00a0<a href=\"http:\/\/la-caverne-a-creations.over-blog.com\/article-ma-semaine-a-l-atelier-semaine-17-2014-123526039.html\" target=\"_blank\">bolas de grossesse et bijoux pour futures mamans<\/a><\/span><\/p>\n<p><span style=\"font-size: x-small;\">Juliana, Tanzania Cr\u00e9ations : <a href=\"http:\/\/www.tanzaniacreation.fr\/blog\/25393\/\" target=\"_blank\">bijoux en c\u00e9ramique<\/a><\/span><\/p>\n<p><span style=\"font-size: x-small;\">Ad\u00e8le, La Malle d&rsquo;Ad\u00e8le : <a href=\"http:\/\/www.lamalledadele.com\/2014\/05\/la-semaine-a-latelier-1\/\" target=\"_blank\">bijoux po\u00e9tiques<\/a><\/span><\/p>\n<p>A tr\u00e8s vite !<\/p>\n<\/div>\n<div class=\"post_signature\"><img src=\"https:\/\/www.mellecereza.fr\/blog\/wp-content\/uploads\/2020\/02\/sign-200-FEV-15d1.png\" \/><\/div>","protected":false},"excerpt":{"rendered":"<p>Une tr\u00e8s jolie semaine \u00e0 l&rsquo;atelier qui a commenc\u00e9 par un mariage bleu marine blanc et qui a continu\u00e9 avec un panier de couleurs \ud83d\ude09 \u00a0Un mariage bleu marine blanc \u00e0 personnaliser pour un groom pompier de son m\u00e9tier :&#8230;<\/p>\n","protected":false},"author":1,"featured_media":2418,"comment_status":"open","ping_status":"open","sticky":false,"template":"","format":"standard","meta":{"jetpack_post_was_ever_published":false,"jetpack_publicize_message":"","jetpack_is_tweetstorm":false,"jetpack_publicize_feature_enabled":true,"jetpack_social_post_already_shared":true,"jetpack_social_options":{"image_generator_settings":{"template":"highway","enabled":false}}},"categories":[19],"tags":[85,50,48,93,49,22,92],"jetpack_publicize_connections":[],"yoast_head":"<!-- This site is optimized with the Yoast SEO plugin v20.3 - https:\/\/yoast.com\/wordpress\/plugins\/seo\/ -->\n<title>Mariage bleu marine blanc et ... Dans l&#039;atelier #82 - Melle Cereza blog mariage original<\/title>\n<meta name=\"robots\" content=\"index, follow, max-snippet:-1, max-image-preview:large, max-video-preview:-1\" \/>\n<link rel=\"canonical\" href=\"https:\/\/www.mellecereza.fr\/blog\/mariage-bleu-marine-blanc\/\" \/>\n<meta property=\"og:locale\" content=\"fr_FR\" \/>\n<meta property=\"og:type\" content=\"article\" \/>\n<meta property=\"og:title\" content=\"Mariage bleu marine blanc et ... Dans l&#039;atelier #82 - Melle Cereza blog mariage original\" \/>\n<meta property=\"og:description\" content=\"Une tr\u00e8s jolie semaine \u00e0 l&rsquo;atelier qui a commenc\u00e9 par un mariage bleu marine blanc et qui a continu\u00e9 avec un panier de couleurs \ud83d\ude09 \u00a0Un mariage bleu marine blanc \u00e0 personnaliser pour un groom pompier de son m\u00e9tier :...\" \/>\n<meta property=\"og:url\" content=\"https:\/\/www.mellecereza.fr\/blog\/mariage-bleu-marine-blanc\/\" \/>\n<meta property=\"og:site_name\" content=\"Melle Cereza blog mariage original\" \/>\n<meta property=\"article:published_time\" content=\"2014-05-04T17:37:41+00:00\" \/>\n<meta property=\"article:modified_time\" content=\"2019-01-02T08:08:36+00:00\" \/>\n<meta property=\"og:image\" content=\"https:\/\/www.mellecereza.fr\/blog\/wp-content\/uploads\/2014\/05\/82r-mariage-bleu-marine-blanc-personnalis\u00e9-sur-mesure-bouquet-mari\u00e9e-dentelle-cereza-deco.jpg\" \/>\n\t<meta property=\"og:image:width\" content=\"700\" \/>\n\t<meta property=\"og:image:height\" content=\"525\" \/>\n\t<meta property=\"og:image:type\" content=\"image\/jpeg\" \/>\n<meta name=\"author\" content=\"Cerise\" \/>\n<meta name=\"twitter:label1\" content=\"\u00c9crit par\" \/>\n\t<meta name=\"twitter:data1\" content=\"Cerise\" \/>\n\t<meta name=\"twitter:label2\" content=\"Dur\u00e9e de lecture estim\u00e9e\" \/>\n\t<meta name=\"twitter:data2\" content=\"2 minutes\" \/>\n<script type=\"application\/ld+json\" class=\"yoast-schema-graph\">{\"@context\":\"https:\/\/schema.org\",\"@graph\":[{\"@type\":\"WebPage\",\"@id\":\"https:\/\/www.mellecereza.fr\/blog\/mariage-bleu-marine-blanc\/\",\"url\":\"https:\/\/www.mellecereza.fr\/blog\/mariage-bleu-marine-blanc\/\",\"name\":\"Mariage bleu marine blanc et ... Dans l'atelier #82 - Melle Cereza blog mariage original\",\"isPartOf\":{\"@id\":\"https:\/\/www.mellecereza.fr\/blog\/#website\"},\"datePublished\":\"2014-05-04T17:37:41+00:00\",\"dateModified\":\"2019-01-02T08:08:36+00:00\",\"author\":{\"@id\":\"https:\/\/www.mellecereza.fr\/blog\/#\/schema\/person\/3ad20d39d7b07a33b39c2e111d852118\"},\"breadcrumb\":{\"@id\":\"https:\/\/www.mellecereza.fr\/blog\/mariage-bleu-marine-blanc\/#breadcrumb\"},\"inLanguage\":\"fr-FR\",\"potentialAction\":[{\"@type\":\"ReadAction\",\"target\":[\"https:\/\/www.mellecereza.fr\/blog\/mariage-bleu-marine-blanc\/\"]}]},{\"@type\":\"BreadcrumbList\",\"@id\":\"https:\/\/www.mellecereza.fr\/blog\/mariage-bleu-marine-blanc\/#breadcrumb\",\"itemListElement\":[{\"@type\":\"ListItem\",\"position\":1,\"name\":\"Accueil\",\"item\":\"https:\/\/www.mellecereza.fr\/blog\/\"},{\"@type\":\"ListItem\",\"position\":2,\"name\":\"Mariage bleu marine blanc et &#8230; Dans l&rsquo;atelier #82\"}]},{\"@type\":\"WebSite\",\"@id\":\"https:\/\/www.mellecereza.fr\/blog\/#website\",\"url\":\"https:\/\/www.mellecereza.fr\/blog\/\",\"name\":\"Melle Cereza blog mariage original\",\"description\":\"Id\u00e9es et inspirations pour un joli mariage original, id\u00e9es d\u00e9co, bouquet, bijoux &amp; accessoires\",\"potentialAction\":[{\"@type\":\"SearchAction\",\"target\":{\"@type\":\"EntryPoint\",\"urlTemplate\":\"https:\/\/www.mellecereza.fr\/blog\/?s={search_term_string}\"},\"query-input\":\"required name=search_term_string\"}],\"inLanguage\":\"fr-FR\"},{\"@type\":\"Person\",\"@id\":\"https:\/\/www.mellecereza.fr\/blog\/#\/schema\/person\/3ad20d39d7b07a33b39c2e111d852118\",\"name\":\"Cerise\",\"image\":{\"@type\":\"ImageObject\",\"inLanguage\":\"fr-FR\",\"@id\":\"https:\/\/www.mellecereza.fr\/blog\/#\/schema\/person\/image\/\",\"url\":\"https:\/\/secure.gravatar.com\/avatar\/f8aa59be965caf71440dfd118dcb3362?s=96&d=identicon&r=g\",\"contentUrl\":\"https:\/\/secure.gravatar.com\/avatar\/f8aa59be965caf71440dfd118dcb3362?s=96&d=identicon&r=g\",\"caption\":\"Cerise\"},\"url\":\"https:\/\/www.mellecereza.fr\/blog\/author\/cerise\/\"}]}<\/script>\n<!-- \/ Yoast SEO plugin. -->","yoast_head_json":{"title":"Mariage bleu marine blanc et ... Dans l'atelier #82 - Melle Cereza blog mariage original","robots":{"index":"index","follow":"follow","max-snippet":"max-snippet:-1","max-image-preview":"max-image-preview:large","max-video-preview":"max-video-preview:-1"},"canonical":"https:\/\/www.mellecereza.fr\/blog\/mariage-bleu-marine-blanc\/","og_locale":"fr_FR","og_type":"article","og_title":"Mariage bleu marine blanc et ... Dans l'atelier #82 - Melle Cereza blog mariage original","og_description":"Une tr\u00e8s jolie semaine \u00e0 l&rsquo;atelier qui a commenc\u00e9 par un mariage bleu marine blanc et qui a continu\u00e9 avec un panier de couleurs \ud83d\ude09 \u00a0Un mariage bleu marine blanc \u00e0 personnaliser pour un groom pompier de son m\u00e9tier :...","og_url":"https:\/\/www.mellecereza.fr\/blog\/mariage-bleu-marine-blanc\/","og_site_name":"Melle Cereza blog mariage original","article_published_time":"2014-05-04T17:37:41+00:00","article_modified_time":"2019-01-02T08:08:36+00:00","og_image":[{"width":700,"height":525,"url":"https:\/\/www.mellecereza.fr\/blog\/wp-content\/uploads\/2014\/05\/82r-mariage-bleu-marine-blanc-personnalis\u00e9-sur-mesure-bouquet-mari\u00e9e-dentelle-cereza-deco.jpg","type":"image\/jpeg"}],"author":"Cerise","twitter_misc":{"\u00c9crit par":"Cerise","Dur\u00e9e de lecture estim\u00e9e":"2 minutes"},"schema":{"@context":"https:\/\/schema.org","@graph":[{"@type":"WebPage","@id":"https:\/\/www.mellecereza.fr\/blog\/mariage-bleu-marine-blanc\/","url":"https:\/\/www.mellecereza.fr\/blog\/mariage-bleu-marine-blanc\/","name":"Mariage bleu marine blanc et ... Dans l'atelier #82 - Melle Cereza blog mariage original","isPartOf":{"@id":"https:\/\/www.mellecereza.fr\/blog\/#website"},"datePublished":"2014-05-04T17:37:41+00:00","dateModified":"2019-01-02T08:08:36+00:00","author":{"@id":"https:\/\/www.mellecereza.fr\/blog\/#\/schema\/person\/3ad20d39d7b07a33b39c2e111d852118"},"breadcrumb":{"@id":"https:\/\/www.mellecereza.fr\/blog\/mariage-bleu-marine-blanc\/#breadcrumb"},"inLanguage":"fr-FR","potentialAction":[{"@type":"ReadAction","target":["https:\/\/www.mellecereza.fr\/blog\/mariage-bleu-marine-blanc\/"]}]},{"@type":"BreadcrumbList","@id":"https:\/\/www.mellecereza.fr\/blog\/mariage-bleu-marine-blanc\/#breadcrumb","itemListElement":[{"@type":"ListItem","position":1,"name":"Accueil","item":"https:\/\/www.mellecereza.fr\/blog\/"},{"@type":"ListItem","position":2,"name":"Mariage bleu marine blanc et &#8230; Dans l&rsquo;atelier #82"}]},{"@type":"WebSite","@id":"https:\/\/www.mellecereza.fr\/blog\/#website","url":"https:\/\/www.mellecereza.fr\/blog\/","name":"Melle Cereza blog mariage original","description":"Id\u00e9es et inspirations pour un joli mariage original, id\u00e9es d\u00e9co, bouquet, bijoux &amp; accessoires","potentialAction":[{"@type":"SearchAction","target":{"@type":"EntryPoint","urlTemplate":"https:\/\/www.mellecereza.fr\/blog\/?s={search_term_string}"},"query-input":"required name=search_term_string"}],"inLanguage":"fr-FR"},{"@type":"Person","@id":"https:\/\/www.mellecereza.fr\/blog\/#\/schema\/person\/3ad20d39d7b07a33b39c2e111d852118","name":"Cerise","image":{"@type":"ImageObject","inLanguage":"fr-FR","@id":"https:\/\/www.mellecereza.fr\/blog\/#\/schema\/person\/image\/","url":"https:\/\/secure.gravatar.com\/avatar\/f8aa59be965caf71440dfd118dcb3362?s=96&d=identicon&r=g","contentUrl":"https:\/\/secure.gravatar.com\/avatar\/f8aa59be965caf71440dfd118dcb3362?s=96&d=identicon&r=g","caption":"Cerise"},"url":"https:\/\/www.mellecereza.fr\/blog\/author\/cerise\/"}]}},"jetpack_featured_media_url":"https:\/\/www.mellecereza.fr\/blog\/wp-content\/uploads\/2014\/05\/82r-mariage-bleu-marine-blanc-personnalis\u00e9-sur-mesure-bouquet-mari\u00e9e-dentelle-cereza-deco.jpg","jetpack_shortlink":"https:\/\/wp.me\/p4ptN6-cA","jetpack_sharing_enabled":true,"jetpack-related-posts":[{"id":3955,"url":"https:\/\/www.mellecereza.fr\/blog\/porte-alliances-duo-rentree-les-chapeaux-roue-latelier-136\/","url_meta":{"origin":780,"position":0},"title":"Porte alliances duo, une rentr\u00e9e sur les chapeaux de roue dans l&rsquo;atelier #136","date":"4 ao\u00fbt 2015","format":false,"excerpt":"Porte alliances duo & une rentr\u00e9e sur les chapeaux de roue Quelques semaines avant nos t\u00eates blondes qui profitent encore des baignades, balades & grasses matin\u00e9es, j'ai repris le chemin de l'atelier. Je ne sais pas vous mais chaque fois que les vacances sont termin\u00e9es je vis un moment de\u2026","rel":"","context":"Dans &quot;Dans l'atelier&quot;","img":{"alt_text":"porte alliances duo cereza mademoiselle","src":"https:\/\/i0.wp.com\/www.mellecereza.fr\/blog\/wp-content\/uploads\/2015\/08\/136r-porte-alliances-duo-cereza-mademoiselle.jpg?resize=350%2C200&ssl=1","width":350,"height":200},"classes":[]},{"id":2899,"url":"https:\/\/www.mellecereza.fr\/blog\/accessoires-mariage-personnalises-sur-mesure\/","url_meta":{"origin":780,"position":1},"title":"Accessoires mariage personnalis\u00e9s, sur-mesure &#8230; l&rsquo;atelier #114","date":"1 f\u00e9vrier 2015","format":false,"excerpt":"L'atelier a fourmill\u00e9 pour confectionner des accessoires mariage personnalis\u00e9s, sur-mesure entre deux flocons de neige ... \u00a0Chez Mademoiselle Cereza les bijoux et accessoires sont tous personnalisables, parce que chaque mari\u00e9e m\u00e9rite une cr\u00e9ation tout sp\u00e9cialement confectionn\u00e9e pour elle ... \u00a0Proposer un bouquet de mari\u00e9e original pour accompagner une future mari\u00e9e\u2026","rel":"","context":"Dans &quot;Dans l'atelier&quot;","img":{"alt_text":"","src":"https:\/\/i0.wp.com\/www.mellecereza.fr\/blog\/wp-content\/uploads\/2015\/02\/114r-accessoires-mariage-personnalises-sur-mesure-originaux-cereza-mademoiselle.jpg?resize=350%2C200&ssl=1","width":350,"height":200},"classes":[]},{"id":1675,"url":"https:\/\/www.mellecereza.fr\/blog\/creation-mariage-chaque-mariee-est-unique\/","url_meta":{"origin":780,"position":2},"title":"Une cr\u00e9ation mariage : chaque mari\u00e9e est unique, l&rsquo;atelier #99","date":"15 septembre 2014","format":false,"excerpt":"Une cr\u00e9ation mariage est le reflet de la femme qui va la porter ... Une cr\u00e9ation mariage personnalis\u00e9e, pens\u00e9e avec attention et bienveillance pour la mari\u00e9e c'est l'une des facettes de Cereza, et l'une des plus importantes \u00e0 mes yeux. Oui, je vous parle souvent des demandes particuli\u00e8res des futures\u2026","rel":"","context":"Dans &quot;Dans l'atelier&quot;","img":{"alt_text":"","src":"https:\/\/i0.wp.com\/www.mellecereza.fr\/blog\/wp-content\/uploads\/2014\/09\/99-14sept-mariage-sur-mesure-personnalis\u00e9-dentelle-collection-2015-cereza-deco-r.jpg?resize=350%2C200&ssl=1","width":350,"height":200},"classes":[]},{"id":1020,"url":"https:\/\/www.mellecereza.fr\/blog\/jolis-mariages-dete-latelier-88\/","url_meta":{"origin":780,"position":3},"title":"Jolis mariages d&rsquo;\u00e9t\u00e9 : dans l&rsquo;atelier #88","date":"15 juin 2014","format":false,"excerpt":"Cette semaine l'atelier s'est mis au diapason de jolis mariages d'\u00e9t\u00e9 \u2665 Je vous montre en jolis d\u00e9tails ;) Proposer un porte-alliance personnalis\u00e9 pour un joli mariage d'\u00e9t\u00e9 en rose et blanc, une cr\u00e9ation qui partira pour le Liban ! Vous demander vos avis pr\u00e9cieux pour aider une mari\u00e9e en\u2026","rel":"","context":"Dans &quot;Dans l'atelier&quot;","img":{"alt_text":"","src":"https:\/\/i0.wp.com\/www.mellecereza.fr\/blog\/wp-content\/uploads\/2014\/06\/88r-mariage-d\u00e9t\u00e9-porte-alliance-rose-blanc-personnalis\u00e9-bouquet-plumes-cereza-deco.jpg?resize=350%2C200&ssl=1","width":350,"height":200},"classes":[]},{"id":4875,"url":"https:\/\/www.mellecereza.fr\/blog\/mariage-bleu-blanc-rouge-latelier-158\/","url_meta":{"origin":780,"position":4},"title":"Mariage bleu blanc rouge, l&rsquo;atelier #158","date":"3 avril 2016","format":false,"excerpt":"Mariage bleu blanc rouge Si \u00e0 l'atelier je travaille souvent pour des accessoires de mariages color\u00e9s, cette semaine pour la premi\u00e8re fois c'\u00e9tait surtout mariage bleu blanc rouge. \u00a0Personnaliser le bouquet de mari\u00e9e d\u00e9cal\u00e9 Crazy Love pour un mariage bleu blanc rouge \u00a0 Pr\u00e9parer l'accessoire de coiffure d'une princesse demoiselle\u2026","rel":"","context":"Dans &quot;Dans l'atelier&quot;","img":{"alt_text":"mariage bleu blanc rouge bijoux accessoires mariage cereza mademoiselle","src":"https:\/\/i0.wp.com\/www.mellecereza.fr\/blog\/wp-content\/uploads\/2016\/04\/58r-mariage-bleu-blanc-rouge-bijoux-accessoires-mariage-cereza-mademoiselle.jpg?resize=350%2C200&ssl=1","width":350,"height":200},"classes":[]},{"id":2382,"url":"https:\/\/www.mellecereza.fr\/blog\/mariage-turquoise-blanc-plumes\/","url_meta":{"origin":780,"position":5},"title":"Mariage turquoise, blanc et plumes l&rsquo;atelier #110","date":"21 d\u00e9cembre 2014","format":false,"excerpt":"Un mariage turquoise, blanc et plumes ... Tandis que vous \u00eates parties \u00e0 la recherche de vos cadeaux de No\u00ebl, l'atelier mariage a fourmill\u00e9 afin de cr\u00e9er les accessoires d'un mariage turquoise, blanc et plumes. Une future mari\u00e9e qui m'a avou\u00e9 \u00eatre tr\u00e8s classique dans ses go\u00fbts et qui a\u2026","rel":"","context":"Dans &quot;Dans l'atelier&quot;","img":{"alt_text":"","src":"https:\/\/i0.wp.com\/www.mellecereza.fr\/blog\/wp-content\/uploads\/2014\/12\/110r-mariage-turquoise-blanc-plumes-strass-cristal-bijoux-accesoires-cereza.jpg?resize=350%2C200&ssl=1","width":350,"height":200},"classes":[]}],"_links":{"self":[{"href":"https:\/\/www.mellecereza.fr\/blog\/wp-json\/wp\/v2\/posts\/780"}],"collection":[{"href":"https:\/\/www.mellecereza.fr\/blog\/wp-json\/wp\/v2\/posts"}],"about":[{"href":"https:\/\/www.mellecereza.fr\/blog\/wp-json\/wp\/v2\/types\/post"}],"author":[{"embeddable":true,"href":"https:\/\/www.mellecereza.fr\/blog\/wp-json\/wp\/v2\/users\/1"}],"replies":[{"embeddable":true,"href":"https:\/\/www.mellecereza.fr\/blog\/wp-json\/wp\/v2\/comments?post=780"}],"version-history":[{"count":19,"href":"https:\/\/www.mellecereza.fr\/blog\/wp-json\/wp\/v2\/posts\/780\/revisions"}],"predecessor-version":[{"id":6610,"href":"https:\/\/www.mellecereza.fr\/blog\/wp-json\/wp\/v2\/posts\/780\/revisions\/6610"}],"wp:featuredmedia":[{"embeddable":true,"href":"https:\/\/www.mellecereza.fr\/blog\/wp-json\/wp\/v2\/media\/2418"}],"wp:attachment":[{"href":"https:\/\/www.mellecereza.fr\/blog\/wp-json\/wp\/v2\/media?parent=780"}],"wp:term":[{"taxonomy":"category","embeddable":true,"href":"https:\/\/www.mellecereza.fr\/blog\/wp-json\/wp\/v2\/categories?post=780"},{"taxonomy":"post_tag","embeddable":true,"href":"https:\/\/www.mellecereza.fr\/blog\/wp-json\/wp\/v2\/tags?post=780"}],"curies":[{"name":"wp","href":"https:\/\/api.w.org\/{rel}","templated":true}]}}